{"id":15790,"date":"2022-01-11T11:57:00","date_gmt":"2022-01-11T16:57:00","guid":{"rendered":"https:\/\/www.clubdescollectionneursenartsvisuelsdequebec.com\/?p=15790"},"modified":"2022-01-25T12:33:41","modified_gmt":"2022-01-25T17:33:41","slug":"lart-dans-la-rue","status":"publish","type":"post","link":"https:\/\/galeriebecot.com\/?p=15790","title":{"rendered":"L&rsquo;art dans la rue !"},"content":{"rendered":"\n<figure class=\"wp-block-image size-large\"><a href=\"https:\/\/www.aumtl.com\"><img loading=\"lazy\" decoding=\"async\" width=\"854\" height=\"1024\" src=\"https:\/\/www.galeriebecot.com\/wp-content\/uploads\/2022\/01\/Metro11-854x1024.jpg\" alt=\"\" class=\"wp-image-15796\" srcset=\"https:\/\/galeriebecot.com\/wp-content\/uploads\/2022\/01\/Metro11-854x1024.jpg 854w, https:\/\/galeriebecot.com\/wp-content\/uploads\/2022\/01\/Metro11-250x300.jpg 250w, https:\/\/galeriebecot.com\/wp-content\/uploads\/2022\/01\/Metro11-768x921.jpg 768w, https:\/\/galeriebecot.com\/wp-content\/uploads\/2022\/01\/Metro11-1281x1536.jpg 1281w, https:\/\/galeriebecot.com\/wp-content\/uploads\/2022\/01\/Metro11.jpg 1440w\" sizes=\"auto, (max-width: 854px) 100vw, 854px\" \/><\/a><\/figure>\n\n\n\n<p class=\"wp-block-paragraph\">Ainsi, <em>Kama<\/em> <strong>La Mackerel<\/strong> a r\u00e9uni <em>Andr\u00e9<strong> <\/strong><\/em><strong>Fournelle<\/strong> et<em> Frantz<\/em> <strong>Patrick Henry,<\/strong><em> Peter<\/em> <strong>Gnass<\/strong> et<em> B\u00e9atrice<\/em> <strong>Boily<\/strong>, <em>Serge <\/em><strong>Cl\u00e9ment<\/strong> et <em>Bahar <\/em><strong>Taheri,<\/strong> dont les sujets de recherche tournent autour le l&rsquo;architecture de l&rsquo;espace public.<\/p>\n\n\n\n<p class=\"wp-block-paragraph\"><a href=\"https:\/\/www.petergnass.com\/bio\">Lien avec <em>Peter<\/em> <strong>Gnass<\/strong><\/a><\/p>\n\n\n\n<p class=\"wp-block-paragraph\"><a href=\"https:\/\/www.beatriceboily.com\">Lien avec <em>B\u00e9atrice<\/em> <strong>Boily<\/strong><\/a><\/p>\n\n\n\n<figure class=\"wp-block-embed is-type-video is-provider-youtube wp-block-embed-youtube wp-embed-aspect-16-9 wp-has-aspect-ratio\"><div class=\"wp-block-embed__wrapper\">\n<iframe loading=\"lazy\" title=\"Podcast L&#039;Art dans la Rue: Peter Gnass et B\u00e9atrice Boily\" width=\"700\" height=\"394\" src=\"https:\/\/www.youtube.com\/embed\/txdg3TuprpE?feature=oembed\" frameborder=\"0\" allow=\"accelerometer; autoplay; clipboard-write; encrypted-media; gyroscope; picture-in-picture\" allowfullscreen><\/iframe>\n<\/div><\/figure>\n\n\n\n<figure class=\"wp-block-image size-large\"><a href=\"https:\/\/www.galeriebecot.com\/wp-content\/uploads\/2022\/01\/Metro2.jpg\"><img loading=\"lazy\" decoding=\"async\" width=\"1024\" height=\"841\" src=\"https:\/\/www.galeriebecot.com\/wp-content\/uploads\/2022\/01\/Metro2-1024x841.jpg\" alt=\"\" class=\"wp-image-15792\" srcset=\"https:\/\/galeriebecot.com\/wp-content\/uploads\/2022\/01\/Metro2-1024x841.jpg 1024w, https:\/\/galeriebecot.com\/wp-content\/uploads\/2022\/01\/Metro2-300x246.jpg 300w, https:\/\/galeriebecot.com\/wp-content\/uploads\/2022\/01\/Metro2-768x630.jpg 768w, https:\/\/galeriebecot.com\/wp-content\/uploads\/2022\/01\/Metro2.jpg 1440w\" sizes=\"auto, (max-width: 1024px) 100vw, 1024px\" \/><\/a><\/figure>\n\n\n\n<figure class=\"wp-block-image size-large\"><a href=\"https:\/\/www.galeriebecot.com\/wp-content\/uploads\/2022\/01\/Metro3.jpg\"><img loading=\"lazy\" decoding=\"async\" width=\"1024\" height=\"663\" src=\"https:\/\/www.galeriebecot.com\/wp-content\/uploads\/2022\/01\/Metro3-1024x663.jpg\" alt=\"\" class=\"wp-image-15793\" srcset=\"https:\/\/galeriebecot.com\/wp-content\/uploads\/2022\/01\/Metro3-1024x663.jpg 1024w, https:\/\/galeriebecot.com\/wp-content\/uploads\/2022\/01\/Metro3-300x194.jpg 300w, https:\/\/galeriebecot.com\/wp-content\/uploads\/2022\/01\/Metro3-768x497.jpg 768w, https:\/\/galeriebecot.com\/wp-content\/uploads\/2022\/01\/Metro3.jpg 1440w\" sizes=\"auto, (max-width: 1024px) 100vw, 1024px\" \/><\/a><\/figure>\n\n\n\n<p class=\"wp-block-paragraph\"><\/p>\n","protected":false},"excerpt":{"rendered":"<p>Ainsi, Kama La Mackerel a r\u00e9uni Andr\u00e9 Fournelle et Frantz Patrick Henry, Peter Gnass et B\u00e9atrice Boily, Serge Cl\u00e9ment et Bahar Taheri, dont les sujets de recherche tournent autour le&hellip; <\/p>\n","protected":false},"author":1,"featured_media":0,"comment_status":"open","ping_status":"open","sticky":false,"template":"","format":"standard","meta":{"_exactmetrics_skip_tracking":false,"_exactmetrics_sitenote_active":false,"_exactmetrics_sitenote_note":"","_exactmetrics_sitenote_category":0,"footnotes":""},"categories":[1],"tags":[34,4130,4127,4125,735,43,2984,3999,6,67,35,4123,4128,4131,4124,4133,4122,58,4129,4132,777,4126,369,37,40],"class_list":["post-15790","post","type-post","status-publish","format-standard","hentry","category-non-classe","tag-andre-becot","tag-andre-fournellwe","tag-art-souterrain","tag-art-urbain-montreal","tag-artistes","tag-arts-visuels","tag-bahar-taheri","tag-beatrice-boily","tag-club-des-collectionneurs-en-arts-visuels-de-quebec","tag-club-des-collectionneurs-en-arts-visuels-de-quebec-marc-bellemare","tag-foire-en-arts-actuel","tag-franz-patrick-henry","tag-frederic-loury","tag-kama-la-mackerel","tag-lart-dans-la-rue","tag-le-plateau-mont-royal","tag-lila-maitre","tag-marc-bellemare-collectionneur","tag-memoire-de-lavenir","tag-metro","tag-peter-gnass","tag-publicite-sauvage","tag-serge-clement","tag-studio-becot","tag-visuals-arts"],"_links":{"self":[{"href":"https:\/\/galeriebecot.com\/index.php?rest_route=\/wp\/v2\/posts\/15790","targetHints":{"allow":["GET"]}}],"collection":[{"href":"https:\/\/galeriebecot.com\/index.php?rest_route=\/wp\/v2\/posts"}],"about":[{"href":"https:\/\/galeriebecot.com\/index.php?rest_route=\/wp\/v2\/types\/post"}],"author":[{"embeddable":true,"href":"https:\/\/galeriebecot.com\/index.php?rest_route=\/wp\/v2\/users\/1"}],"replies":[{"embeddable":true,"href":"https:\/\/galeriebecot.com\/index.php?rest_route=%2Fwp%2Fv2%2Fcomments&post=15790"}],"version-history":[{"count":7,"href":"https:\/\/galeriebecot.com\/index.php?rest_route=\/wp\/v2\/posts\/15790\/revisions"}],"predecessor-version":[{"id":15802,"href":"https:\/\/galeriebecot.com\/index.php?rest_route=\/wp\/v2\/posts\/15790\/revisions\/15802"}],"wp:attachment":[{"href":"https:\/\/galeriebecot.com\/index.php?rest_route=%2Fwp%2Fv2%2Fmedia&parent=15790"}],"wp:term":[{"taxonomy":"category","embeddable":true,"href":"https:\/\/galeriebecot.com\/index.php?rest_route=%2Fwp%2Fv2%2Fcategories&post=15790"},{"taxonomy":"post_tag","embeddable":true,"href":"https:\/\/galeriebecot.com\/index.php?rest_route=%2Fwp%2Fv2%2Ftags&post=15790"}],"curies":[{"name":"wp","href":"https:\/\/api.w.org\/{rel}","templated":true}]}}