{"id":15696,"date":"2022-04-06T16:42:00","date_gmt":"2022-04-06T20:42:00","guid":{"rendered":"https:\/\/www.clubdescollectionneursenartsvisuelsdequebec.com\/?p=15696"},"modified":"2022-04-09T12:27:16","modified_gmt":"2022-04-09T16:27:16","slug":"visite-virtuelle-des-collectifs-renaissance-un-deux-et-trois-2021-a-la-galerie-becot","status":"publish","type":"post","link":"https:\/\/galeriebecot.com\/?p=15696","title":{"rendered":"Notre meilleur en 2021. Visite virtuelle des collectifs Renaissance,  un, deux et trois , \u00e0 la Galerie B\u00e9cot."},"content":{"rendered":"\n<p class=\"wp-block-paragraph\"><strong>Comment collectionner ? <\/strong><\/p>\n\n\n\n<p class=\"wp-block-paragraph\"><a href=\"https:\/\/www.galeriebecot.com\/?p=15741\">Faites confiance \u00e0 vos <strong>go\u00fbts personnels<\/strong> Aussi, il est important d&rsquo;avoir en t\u00eate que votre&nbsp;<strong>collection<\/strong>&nbsp;\u00e9voluera avec vous au fil de votre vie. Chaque pi\u00e8ce d&rsquo;<strong>art<\/strong>&nbsp;que vous ajouterez racontera un chapitre de votre existence. Alors, le plaisir que vous procure vos&nbsp;<strong>\u0153uvres<\/strong>&nbsp;doit \u00eatre au rendez-vous.<\/a><\/p>\n\n\n\n<p class=\"wp-block-paragraph\">Nous pourrions d\u00e9finir<strong> 4 objectifs<\/strong>.<\/p>\n\n\n\n<p class=\"wp-block-paragraph\"><strong>L\u2019\u00e9motion<\/strong> (est une r\u00e9action affective transitoire d&rsquo;assez grande intensit\u00e9,\u2026sensation de bien-\u00eatre )<\/p>\n\n\n\n<p class=\"wp-block-paragraph\"><strong>L\u2019\u00e9tude et l\u2019analyse de l\u2019oeuvre<\/strong> ( induit une r\u00e9flexion sur des grand sujets historiques, politiques, humains )<\/p>\n\n\n\n<p class=\"wp-block-paragraph\"><strong>La fiert\u00e9 <\/strong>de vivre avec l\u2019oeuvre et de la faire d\u00e9couvrir \u00e0 notre entourage.<\/p>\n\n\n\n<p class=\"wp-block-paragraph\"><strong>Le sp\u00e9culatif et le financier <\/strong>viendra par la suite mais pas n\u00e9cessairement\u2026 !&nbsp;<\/p>\n\n\n\n<p class=\"wp-block-paragraph\">En un mot il faut avoir <strong>un <\/strong><strong>plaisir<\/strong> \u00e0 d\u00e9couvrir l\u2019art ..!<\/p>\n\n\n\n<figure class=\"wp-block-image size-large\"><a href=\"https:\/\/www.galeriebecot.com\/wp-content\/uploads\/2021\/12\/Becot-excellent-texte.jpg\"><img loading=\"lazy\" decoding=\"async\" width=\"1024\" height=\"880\" src=\"https:\/\/www.galeriebecot.com\/wp-content\/uploads\/2021\/12\/Becot-excellent-texte-1024x880.jpg\" alt=\"\" class=\"wp-image-15714\" srcset=\"https:\/\/galeriebecot.com\/wp-content\/uploads\/2021\/12\/Becot-excellent-texte-1024x880.jpg 1024w, https:\/\/galeriebecot.com\/wp-content\/uploads\/2021\/12\/Becot-excellent-texte-300x258.jpg 300w, https:\/\/galeriebecot.com\/wp-content\/uploads\/2021\/12\/Becot-excellent-texte-768x660.jpg 768w, https:\/\/galeriebecot.com\/wp-content\/uploads\/2021\/12\/Becot-excellent-texte.jpg 1207w\" sizes=\"auto, (max-width: 1024px) 100vw, 1024px\" \/><\/a><\/figure>\n\n\n\n<figure class=\"wp-block-image size-large\"><a href=\"https:\/\/my.matterport.com\/show\/?m=4iqJwCRAmdC\"><img loading=\"lazy\" decoding=\"async\" width=\"1024\" height=\"609\" src=\"https:\/\/www.galeriebecot.com\/wp-content\/uploads\/2021\/12\/Renaissance-1-1-1024x609.jpg\" alt=\"\" class=\"wp-image-15697\" srcset=\"https:\/\/galeriebecot.com\/wp-content\/uploads\/2021\/12\/Renaissance-1-1-1024x609.jpg 1024w, https:\/\/galeriebecot.com\/wp-content\/uploads\/2021\/12\/Renaissance-1-1-300x178.jpg 300w, https:\/\/galeriebecot.com\/wp-content\/uploads\/2021\/12\/Renaissance-1-1-768x457.jpg 768w, https:\/\/galeriebecot.com\/wp-content\/uploads\/2021\/12\/Renaissance-1-1.jpg 1216w\" sizes=\"auto, (max-width: 1024px) 100vw, 1024px\" \/><\/a><figcaption>Du 25 septembre au 27 octobre 2021  (<em>Vernissage le 25 septembre<\/em> 2021)<\/figcaption><\/figure>\n\n\n\n<p class=\"wp-block-paragraph\"><a href=\"http:\/\/www.marsanl.com\"><strong>Marsan<\/strong> Lise<\/a>. <strong> <a href=\"https:\/\/www.facebook.com\/guylaine.jacquespastelliste\">Jacques<\/a><\/strong><a href=\"https:\/\/www.facebook.com\/guylaine.jacquespastelliste\"> Guylaine<\/a>,  <strong><a href=\"https:\/\/www.carolpoulinartiste.com\">Po<\/a><\/strong><a href=\"https:\/\/www.carolpoulinartiste.com\"><strong>ulin<\/strong> Carol<\/a>,<\/p>\n\n\n\n<p class=\"wp-block-paragraph\"><a href=\"https:\/\/vimeo.com\/554881090\"><strong>Lamothe<\/strong> R\u00e9jeanne , r\u00e9alisatrice  ( Le dessin au del\u00e0 du r\u00e9el )<\/a><\/p>\n\n\n\n<p class=\"wp-block-paragraph\"><strong><a href=\"http:\/\/www.isabelledeblois.com\">D<\/a><\/strong><a href=\"http:\/\/www.isabelledeblois.com\"><strong>eBlois<\/strong> Isabelle<\/a>.  <a href=\"http:\/\/graphisme.cahuntsic.ca\/images\/Ahuntsic\/siteWebExpos\/A18OsezOser\/enseignants.html\"><strong>B\u00e9dard<\/strong> Manon,<\/a><\/p>\n\n\n\n<p class=\"wp-block-paragraph\"><a href=\"https:\/\/www.facebook.com\/mori7art\/\"><strong>Morissette<\/strong> J\u00e9r\u00f4me<\/a>,   <a href=\"https:\/\/chez-alfred-pellan.com\/artistes-membres\/suzanne-cayer\/\"><strong>Cayer<\/strong> Suzanne<\/a>,<\/p>\n\n\n\n<p class=\"wp-block-paragraph\"><a href=\"https:\/\/galerielacerte.com\/fr\/project\/darby-don\/\"><strong>Darby<\/strong> Don<\/a>,  <strong><a href=\"http:\/\/galerietheo.com\/portfolio-items\/pate-chinois-coffret\/#prettyPhoto[gallery3136]\/1\/\">G<\/a><\/strong><a href=\"http:\/\/galerietheo.com\/portfolio-items\/pate-chinois-coffret\/#prettyPhoto[gallery3136]\/1\/\"><strong>obeil <\/strong>Lucien<\/a>, &amp; <a href=\"http:\/\/galerietheo.com\">Galerie Theo<\/a><\/p>\n\n\n\n<p class=\"wp-block-paragraph\"><strong><a href=\"https:\/\/www.quebec-amerique.com\/auteurs\/jean-berneche-268\">B<\/a><\/strong><a href=\"https:\/\/www.quebec-amerique.com\/auteurs\/jean-berneche-268\"><strong>ern\u00e8che<\/strong> Jean<\/a>, <strong> <\/strong><a href=\"https:\/\/youtu.be\/oNtOErIU0LE\"><strong>Gauthier<\/strong> Jean<\/a>,<\/p>\n\n\n\n<p class=\"wp-block-paragraph\"><a href=\"https:\/\/www.aristidegagnon.com\"><strong>Gagnon<\/strong> Aristide<\/a>,  <strong> <\/strong><a href=\"https:\/\/www.facebook.com\/alainleblondartiste\/\"><strong>LeBlond<\/strong> Alain,<\/a> <\/p>\n\n\n\n<p class=\"wp-block-paragraph\"><a href=\"https:\/\/www.petergnass.com\/bio\"><strong>Gnass<\/strong> Peter<\/a>,  <strong> <\/strong><a href=\"https:\/\/www.beatriceboily.com\"><strong>Boily<\/strong> B\u00e9atrice<\/a>, <strong><a href=\"https:\/\/www.soreltracy.com\/2017\/juillet\/6j.html\">Gnass<\/a><\/strong> sculpture<\/p>\n\n\n\n<p class=\"wp-block-paragraph\"><a href=\"https:\/\/cglapointe.wixsite.com\/cglapointe\"><strong>G.Lapointe<\/strong> C\u00e9line<\/a>,    <a href=\"https:\/\/www.facebook.com\/magelline\"><strong>Gagnon<\/strong> Mageline<\/a>,<\/p>\n\n\n\n<p class=\"wp-block-paragraph\"><a href=\"http:\/\/www.jstgartistepeintre.ca\"><strong>Saint-Germain<\/strong>  Jean<\/a>,   <a href=\"https:\/\/www.facebook.com\/profile.php?id=568886862\"><strong>Morel<\/strong> Marie-\u00c8ve,<\/a><\/p>\n\n\n\n<p class=\"wp-block-paragraph\"><a href=\"https:\/\/www.galeriebecot.com\/?p=1892\"><strong>B\u00e9cot<\/strong> Andr\u00e9 : Projet Po\u00e9tique ( <em>VERS LE CIEL ET FAIRE R\u00caVER <\/em>)<\/a><\/p>\n\n\n\n<figure class=\"wp-block-image size-large\"><a href=\"https:\/\/my.matterport.com\/show\/?m=YhegNAFsNm9&amp;fbclid=IwAR1pn_mEEP-SsVaInwASENqBCMXOzFEgMQm8Ntx-sgSCnsxzkKRTF3Ke0Go\"><img loading=\"lazy\" decoding=\"async\" width=\"1024\" height=\"634\" src=\"https:\/\/www.galeriebecot.com\/wp-content\/uploads\/2021\/12\/Renaissance2-1-1024x634.jpg\" alt=\"\" class=\"wp-image-15698\" srcset=\"https:\/\/galeriebecot.com\/wp-content\/uploads\/2021\/12\/Renaissance2-1-1024x634.jpg 1024w, https:\/\/galeriebecot.com\/wp-content\/uploads\/2021\/12\/Renaissance2-1-300x186.jpg 300w, https:\/\/galeriebecot.com\/wp-content\/uploads\/2021\/12\/Renaissance2-1-768x476.jpg 768w, https:\/\/galeriebecot.com\/wp-content\/uploads\/2021\/12\/Renaissance2-1.jpg 1161w\" sizes=\"auto, (max-width: 1024px) 100vw, 1024px\" \/><\/a><figcaption>Du 14 novembre au 5 d\u00e9cembre 2021 <em>(vernissage le 14 novembre 2021)<\/em><\/figcaption><\/figure>\n\n\n\n<p class=\"wp-block-paragraph\"><a href=\"https:\/\/www.carolpoulinartiste.com\">Carol <strong>Poulin<\/strong><\/a>, <strong>Yuki<\/strong>, JP <strong>Audet<\/strong>, <\/p>\n\n\n\n<p class=\"wp-block-paragraph\"><a href=\"https:\/\/albertportail.info\/galleries\/gilbert\/index.html\">Gilbert <strong>S\u00e9vigny<\/strong><\/a>,  Suzette <strong>Patry<\/strong>, <a href=\"https:\/\/www.galeriebecot.com\/?p=5968\">Kl\u00f4dy <strong>Tremblay<\/strong><\/a>,<\/p>\n\n\n\n<p class=\"wp-block-paragraph\"><a href=\"https:\/\/www.facebook.com\/chantaljanegarantarts\">Chantal-Jane <strong>Garant<\/strong><\/a>, <a href=\"http:\/\/www.marsanl.com\">Lise <strong>Marsan<\/strong><\/a>,<\/p>\n\n\n\n<p class=\"wp-block-paragraph\"><a href=\"https:\/\/www.facebook.com\/vivianegruais\">Viviane <strong>Gruais<\/strong><\/a>,  <a href=\"https:\/\/www.michelgroleau.com\">Michel <strong>Groleau<\/strong><\/a>, <\/p>\n\n\n\n<p class=\"wp-block-paragraph\">J\u00e9r\u00f4me <strong>Morissette<\/strong>, Michel<strong> Raymond<\/strong>, <\/p>\n\n\n\n<p class=\"wp-block-paragraph\">Serge Philippe <strong>Tremblay<\/strong>,<strong>Barto<\/strong>,<a href=\"https:\/\/www.galeriebecot.com\/?p=5968\"> Carole <strong>Turgeon<\/strong><\/a>,<\/p>\n\n\n\n<p class=\"wp-block-paragraph\"><a href=\"http:\/\/lametropole.com\/arts\/arts-visuels\/micheline-bourque-la-lumiere-du-regard\/\"> Micheline<strong> Bourque<\/strong><\/a>,<a href=\"https:\/\/www.galeriebecot.com\/?p=3528\">Don <strong>Darby<\/strong><\/a>, Daniel <strong>Tremblay,<\/strong><\/p>\n\n\n\n<p class=\"wp-block-paragraph\"> <a href=\"https:\/\/colettematte.com\/Bienvenue\/\">Colette <strong>Matte<\/strong><\/a>, <a href=\"https:\/\/www.leblond.biz\/copie-de-l-art-d-alain-leblond\">Alain <strong>LeBlond<\/strong><\/a>, Andr\u00e9 <strong>B\u00e9cot<\/strong>,<\/p>\n\n\n\n<p class=\"wp-block-paragraph\"><a href=\"https:\/\/www.quebec-amerique.com\/auteurs\/jean-berneche-268\">Jean <strong>Bern\u00e8che<\/strong><\/a>, Roger Fournier, \u00c9lo\u00efse Plamondon-Pag\u00e9<\/p>\n\n\n\n<figure class=\"wp-block-image size-large\"><a href=\"https:\/\/my.matterport.com\/show\/?m=MvH3adw1FnZ&amp;fbclid=IwAR3s7ywG7IBKYpJ3Dh94G8n4s3XaQzkIVtDJal9KMun4mvJNTilDCQLe76c\"><img loading=\"lazy\" decoding=\"async\" width=\"1024\" height=\"653\" src=\"https:\/\/www.galeriebecot.com\/wp-content\/uploads\/2021\/12\/Renaissance3-1-1024x653.jpg\" alt=\"\" class=\"wp-image-15699\" srcset=\"https:\/\/galeriebecot.com\/wp-content\/uploads\/2021\/12\/Renaissance3-1-1024x653.jpg 1024w, https:\/\/galeriebecot.com\/wp-content\/uploads\/2021\/12\/Renaissance3-1-300x191.jpg 300w, https:\/\/galeriebecot.com\/wp-content\/uploads\/2021\/12\/Renaissance3-1-768x490.jpg 768w, https:\/\/galeriebecot.com\/wp-content\/uploads\/2021\/12\/Renaissance3-1.jpg 1159w\" sizes=\"auto, (max-width: 1024px) 100vw, 1024px\" \/><\/a><figcaption>Du 12 d\u00e9cembre au 6 f\u00e9vrier  2022 <em>(vernissage le 12 d\u00e9cembre 2021)<\/em><\/figcaption><\/figure>\n\n\n\n<p class=\"wp-block-paragraph\"><a href=\"https:\/\/www.galeriebecot.com\/?p=10162\">Serge Philippe <strong>Tremblay<\/strong><\/a>, <strong><a href=\"https:\/\/www.lecharlevoisien.com\/2018\/08\/25\/conrad-paradis-dit-pibo-expose-a-la-bibliotheque-de-la-malbaie\/\">Pibo<\/a><\/strong>, <a href=\"https:\/\/colettematte.com\/Bienvenue\/\">Colette <strong>Matte<\/strong><\/a>. <\/p>\n\n\n\n<p class=\"wp-block-paragraph\"><a href=\"https:\/\/raav.org\/member\/andre-becot\/\">Andr\u00e9<strong> B\u00e9cot<\/strong><\/a>, <a href=\"https:\/\/www.pallafray.com\">Philippe <strong>Pallafray<\/strong>,<\/a> <a href=\"https:\/\/www.lafabriqueculturelle.tv\/capsules\/11639\/l-homme-qui-fait-parler-les-toiles-carol-poulin\">Carol <strong>Poulin<\/strong><\/a>, <\/p>\n\n\n\n<p class=\"wp-block-paragraph\"><a href=\"https:\/\/www.metiersdart.ca\/repertoire_artisan.php?cid=745\">Jean-Yves<strong> Richard<\/strong><\/a><strong>, <\/strong><a href=\"https:\/\/www.lecharlevoisien.com\/2014\/10\/06\/retour-aux-sources-pour-ann-warren\/\">Ann <strong>Warren<\/strong><\/a>,<a href=\"https:\/\/galerielacerte.com\/fr\/project\/darby-don\/\"> Don <strong>Darby<\/strong><\/a>, <\/p>\n\n\n\n<p class=\"wp-block-paragraph\"><a href=\"https:\/\/mbouchard777.wixsite.com\/martinbouchard\">Martin <strong>Bouchard<\/strong><\/a>,<a href=\"https:\/\/www.aristidegagnon.com\"> Aristide <strong>Gagnon<\/strong><\/a>, <a href=\"https:\/\/www.galeriebecot.com\/?p=11196\">Marie <strong>\u00c9mond<\/strong><\/a>, <\/p>\n\n\n\n<p class=\"wp-block-paragraph\"><a href=\"https:\/\/www.petergnass.com\/bio\">Peter <strong>Gnass<\/strong><\/a><strong>,<\/strong> <a href=\"https:\/\/www.facebook.com\/profile.php?id=100057089989187\">Jean<strong> Gauthier<\/strong><\/a><strong>,<\/strong> <a href=\"https:\/\/www.facebook.com\/photospaq\/posts\/1712091679119492\/\">Michel <strong>Boulianne<\/strong><\/a>, <\/p>\n\n\n\n<p class=\"wp-block-paragraph\"><a href=\"http:\/\/www.gabrielledumont.com\/fr\/index.html\">Gabrielle <strong>Dumont,<\/strong><\/a> <strong><a href=\"https:\/\/journallephare.org\/2018\/08\/02\/nicole-lacroix-thibeault-gens-de-parlure-accoudes-au-vent-dest\/\">Lacroix Thibault<\/a>,<\/strong> Anne Julie <strong>Gauthier<\/strong>,<\/p>\n\n\n\n<p class=\"wp-block-paragraph\"><a href=\"http:\/\/www.moulinlalorraine.ca\/evenement\/alain-leblond-monde-sans-reperes\/\">Alain <strong>LeBlond<\/strong><\/a><strong>,<\/strong> <a href=\"http:\/\/monsaintroch.com\/2017\/femmes-jusquau-9-mai-a-lespace-galerie-sherpa\/\">Gilles<strong> B\u00e9rub\u00e9<\/strong><\/a><strong>,<\/strong> <a href=\"https:\/\/www.artmajeur.com\/renaldbrisebois\">Raynald <strong>Brisebois<\/strong><\/a>,<a href=\"https:\/\/www.galeriebecot.com\/?p=9195\"> <\/a><\/p>\n\n\n\n<p class=\"wp-block-paragraph\"><a href=\"https:\/\/www.galeriebecot.com\/?p=9195\">Robert <strong>Delisle<\/strong><\/a>, <a href=\"https:\/\/www.flickr.com\/photos\/benoitpaille\/3300705936\">Gilles<strong> Roux<\/strong><\/a>, <a href=\"https:\/\/www.marierioux.net\">Marie <strong>Rioux<\/strong><\/a><strong>,<\/strong> <a href=\"https:\/\/www.sylviegrondin.com\">Sylvie <strong>Grondin<\/strong><\/a><strong>,<\/strong> <\/p>\n\n\n\n<p class=\"wp-block-paragraph\"><a href=\"https:\/\/www.facebook.com\/DithCameron\/\">Judith <strong>Cameron<\/strong><\/a>,<a href=\"https:\/\/raav.org\/member\/pierre-pepin\/\"> Pierre <strong>P\u00e9pin<\/strong><\/a><strong>,<\/strong> <a href=\"http:\/\/www.droitdeparole.org\/evenements\/vernissage-a-la-galerie-becot\/\">Guy <strong>Royer<\/strong><\/a><strong>.<\/strong> <\/p>\n\n\n\n<p class=\"wp-block-paragraph\"><a href=\"https:\/\/fineartamerica.com\/profiles\/nicole-lemelin\">Nicole <strong>Lemelin<\/strong><\/a> Jocelyn <a href=\"http:\/\/jocelyngasse.com\/\">Gasse<\/a>, Roger <a href=\"https:\/\/www.galeriebecot.com\/?p=2303\">Gingras<\/a><\/p>\n\n\n\n<figure class=\"wp-block-embed is-type-video is-provider-vimeo wp-block-embed-vimeo\"><div class=\"wp-block-embed__wrapper\">\n<iframe loading=\"lazy\" title=\"le dessin au del&amp;agrave; du r&amp;eacute;el  jan 2021\" src=\"https:\/\/player.vimeo.com\/video\/554881090?h=af2d1f7a39&amp;dnt=1&amp;app_id=122963\" width=\"700\" height=\"394\" frameborder=\"0\" allow=\"autoplay; fullscreen; picture-in-picture\" allowfullscreen><\/iframe>\n<\/div><\/figure>\n\n\n\n<p class=\"wp-block-paragraph\"><a href=\"https:\/\/vimeo.com\/554881090\">le dessin au del\u00e0 du r\u00e9el jan 2021<\/a> from <a href=\"https:\/\/vimeo.com\/user16905035\">R\u00e9jeanne Lamothe<\/a> on <a href=\"https:\/\/vimeo.com\">Vimeo<\/a>.<\/p>\n\n\n\n<figure class=\"wp-block-embed is-type-rich is-provider-prise-en-charge-des-contenus-embarques wp-block-embed-prise-en-charge-des-contenus-embarques wp-embed-aspect-16-9 wp-has-aspect-ratio\"><div class=\"wp-block-embed__wrapper\">\n<iframe loading=\"lazy\" title=\"Anselm Kiefer, l&#039;incroyable exposition au Grand Palais Eph\u00e9m\u00e8re, Paris - Vid\u00e9o YouTube\" width=\"700\" height=\"394\" src=\"https:\/\/www.youtube.com\/embed\/4vO__fHHM2o?feature=oembed\" frameborder=\"0\" allow=\"accelerometer; autoplay; clipboard-write; encrypted-media; gyroscope; picture-in-picture\" allowfullscreen><\/iframe>\n<\/div><\/figure>\n","protected":false},"excerpt":{"rendered":"<p>Comment collectionner ? Faites confiance \u00e0 vos go\u00fbts personnels Aussi, il est important d&rsquo;avoir en t\u00eate que votre&nbsp;collection&nbsp;\u00e9voluera avec vous au fil de votre vie. Chaque pi\u00e8ce d&rsquo;art&nbsp;que vous ajouterez&hellip; <\/p>\n","protected":false},"author":1,"featured_media":0,"comment_status":"open","ping_status":"open","sticky":false,"template":"","format":"standard","meta":{"_exactmetrics_skip_tracking":false,"_exactmetrics_sitenote_active":false,"_exactmetrics_sitenote_note":"","_exactmetrics_sitenote_category":0,"footnotes":""},"categories":[1],"tags":[],"class_list":["post-15696","post","type-post","status-publish","format-standard","hentry","category-non-classe"],"_links":{"self":[{"href":"https:\/\/galeriebecot.com\/index.php?rest_route=\/wp\/v2\/posts\/15696","targetHints":{"allow":["GET"]}}],"collection":[{"href":"https:\/\/galeriebecot.com\/index.php?rest_route=\/wp\/v2\/posts"}],"about":[{"href":"https:\/\/galeriebecot.com\/index.php?rest_route=\/wp\/v2\/types\/post"}],"author":[{"embeddable":true,"href":"https:\/\/galeriebecot.com\/index.php?rest_route=\/wp\/v2\/users\/1"}],"replies":[{"embeddable":true,"href":"https:\/\/galeriebecot.com\/index.php?rest_route=%2Fwp%2Fv2%2Fcomments&post=15696"}],"version-history":[{"count":22,"href":"https:\/\/galeriebecot.com\/index.php?rest_route=\/wp\/v2\/posts\/15696\/revisions"}],"predecessor-version":[{"id":15754,"href":"https:\/\/galeriebecot.com\/index.php?rest_route=\/wp\/v2\/posts\/15696\/revisions\/15754"}],"wp:attachment":[{"href":"https:\/\/galeriebecot.com\/index.php?rest_route=%2Fwp%2Fv2%2Fmedia&parent=15696"}],"wp:term":[{"taxonomy":"category","embeddable":true,"href":"https:\/\/galeriebecot.com\/index.php?rest_route=%2Fwp%2Fv2%2Fcategories&post=15696"},{"taxonomy":"post_tag","embeddable":true,"href":"https:\/\/galeriebecot.com\/index.php?rest_route=%2Fwp%2Fv2%2Ftags&post=15696"}],"curies":[{"name":"wp","href":"https:\/\/api.w.org\/{rel}","templated":true}]}}