{"id":1569,"date":"2014-01-26T18:24:47","date_gmt":"2014-01-26T23:24:47","guid":{"rendered":"http:\/\/www.clubdescollectionneursenartsvisuelsdequebec.com\/?p=1569"},"modified":"2014-01-27T04:52:42","modified_gmt":"2014-01-27T09:52:42","slug":"outsider-art-intuition-et-emotion","status":"publish","type":"post","link":"https:\/\/galeriebecot.com\/?p=1569","title":{"rendered":"<< Outsider Art >> Intuition et \u00e9motion&#8230;"},"content":{"rendered":"<p><a href=\"https:\/\/www.galeriebecot.com\/wp-content\/uploads\/2014\/01\/Outsider.jpg\"><img loading=\"lazy\" decoding=\"async\" class=\"alignnone size-large wp-image-1570\" alt=\"Outsider\" src=\"https:\/\/www.galeriebecot.com\/wp-content\/uploads\/2014\/01\/Outsider-767x1024.jpg\" width=\"700\" height=\"934\" srcset=\"https:\/\/galeriebecot.com\/wp-content\/uploads\/2014\/01\/Outsider-767x1024.jpg 767w, https:\/\/galeriebecot.com\/wp-content\/uploads\/2014\/01\/Outsider-224x300.jpg 224w\" sizes=\"auto, (max-width: 700px) 100vw, 700px\" \/><\/a><\/p>\n<p>Depuis que le terme \u00a0\u00bb Outsider Art \u00a0\u00bb a \u00e9t\u00e9 mis de l\u2019avant pour d\u00e9finir une nouvelle fa\u00e7on de concevoir l\u2019art, j\u2019ai souvent vu ma cr\u00e9ativit\u00e9 associ\u00e9e \u00e0 cette cat\u00e9gorie. En d\u00e9pit des similitudes qui r\u00e9f\u00e9rent \u00e0 ce style, je consid\u00e8re ma peinture comme l\u2019expression d\u2019une vision qui ne se soumet pas \u00e0 des influences pr\u00e9d\u00e9termin\u00e9es. Mais depuis que le terme \u00a0\u00bb Outsider Art \u00a0\u00bb a \u00e9t\u00e9 mis de l\u2019avant pour d\u00e9finir une nouvelle fa\u00e7on de concevoir l\u2019art, j\u2019ai souvent vu ma cr\u00e9ativit\u00e9 associ\u00e9e \u00e0 cette cat\u00e9gorie. En d\u00e9pit des similitudes qui r\u00e9f\u00e9rent \u00e0 ce style, je consid\u00e8re ma peinture comme l\u2019expression d\u2019une vision qui ne se soumet pas \u00e0 des influences pr\u00e9d\u00e9termin\u00e9es. Mes nombreuses ann\u00e9es en cr\u00e9ation m\u2019ont en effet prouv\u00e9 qu\u2019aucune th\u00e9orie n\u2019arrive \u00e0 bien cerner l\u2019imaginaire. \u00c0 vrai dire, l\u2019expression illustr\u00e9e de l\u2019imagination vient d\u2019elle-m\u00eame quand elle n\u2019est pas trop encadr\u00e9e.<\/p>\n<p>Les meilleurs tableaux sont souvent l\u2019\u0153uvre de r\u00e9flexions h\u00e9t\u00e9roclites qui prennent forme \u00e0 travers les m\u00e9diums utilis\u00e9s. Quand je compose un tableau, je laisse mon regard harmoniser mon inconscient avec les lignes, couleurs et formes qui donneront vie \u00e0 mon art. C\u2019est comme \u00eatre projet\u00e9 dans un univers de perspectives encore inconnues, qui \u00e9voluent en parall\u00e8le du sens commun. Je me sens soudainement connect\u00e9 au silence qui circule \u00e0 l\u2019int\u00e9rieur de mon \u00eatre.<\/p>\n<p>Les gens attir\u00e9s par mon style d\u2019art se laissent habituellement conduire par cette vision. Sans trop analyser la relation sym\u00e9trique et proportionnelle de la composition, ils se laissent toucher par le r\u00e9sultat magique d\u2019un tableau plein d\u2019\u00e9motion, d\u2019histoire et de conceptions personnelles de la vie. Le plaisir ultime est d\u2019entrevoir, dans les yeux de quelqu\u2019un, une \u00e9motion, une joie, un sourire quand il observe mon travail. Chaque fois j\u2019ai l\u2019impression que nous partageons quelque chose de particulier. De nombreuses ann\u00e9es en cr\u00e9ation m\u2019ont en effet prouv\u00e9 qu\u2019aucune th\u00e9orie n\u2019arrive \u00e0 bien cerner l\u2019imaginaire. \u00c0 vrai dire, l\u2019expression illustr\u00e9e de l\u2019imagination vient d\u2019elle-m\u00eame quand elle n\u2019est pas trop encadr\u00e9e.<span style=\"color: white; font-size: xx-small;\"><span style=\"color: white; font-size: xx-small;\"><i><b>umont<\/b><\/i>\u00a0d\u00e9tient un dipl\u00f4me d\u2019\u00e9tudes coll\u00e9giales en arts plastiques du C\u00c9GEP de Sainte-Foy. Depuis plusieurs ann\u00e9es,\u00a0<i><b>Gabrielle Dumont<\/b><\/i>\u00a0poursuit son cheminement artistique \u00e0 son atelier de mani\u00e8re autodidacte.<\/span><\/span><\/p>\n<p>Dans son travail, Gabrielle Dumont s\u2019int\u00e9resse \u00e0 l\u2019\u00eatre humain, \u00e0 son intensit\u00e9 et \u00e0 sa complexit\u00e9.<\/p>\n<p>Il est, pour elle, une source d\u2019inspiration in\u00e9puisable. Il appara\u00eet dans ses peintures, parfois en couple, parfois seul, mais toujours merveilleusement int\u00e9gr\u00e9 \u00e0 l\u2019espace que repr\u00e9sente chacune de ses toiles. Lorsqu\u2019elle peint, l\u2019artiste\u00a0<i><b>Gabrielle Dumont<\/b><\/i>\u00a0se laisse guider par son intuition, \u00e9vitant d\u2019anticiper le r\u00e9sultat final de l\u2019\u0153uvre. Elle pr\u00e9f\u00e8re s\u2019abandonner et se laisser surprendre au fil de ses d\u00e9couvertes. Ses peintures naissent alors d\u2019un travail spontan\u00e9 en lien avec l&rsquo;\u00e9motion du moment.<\/p>\n<p><span style=\"color: white; font-size: xx-small;\">Construit sur les \u00e9motions, la spontan\u00e9it\u00e9, les couleurs, l&rsquo;ambiance et le symbolisme, le travail artistique de\u00a0<i><b>Gabrielle Dumont<\/b><\/i>\u00a0est comme un langage intuitif qui vient directement du coeur.<\/span><\/p>\n","protected":false},"excerpt":{"rendered":"<p>Depuis que le terme \u00a0\u00bb Outsider Art \u00a0\u00bb a \u00e9t\u00e9 mis de l\u2019avant pour d\u00e9finir une nouvelle fa\u00e7on de concevoir l\u2019art, j\u2019ai souvent vu ma cr\u00e9ativit\u00e9 associ\u00e9e \u00e0 cette cat\u00e9gorie.&hellip; <\/p>\n","protected":false},"author":1,"featured_media":0,"comment_status":"open","ping_status":"open","sticky":false,"template":"","format":"standard","meta":{"_exactmetrics_skip_tracking":false,"_exactmetrics_sitenote_active":false,"_exactmetrics_sitenote_note":"","_exactmetrics_sitenote_category":0,"footnotes":""},"categories":[20,29],"tags":[34,43,47,6,66,35,159,33,158,37,40],"class_list":["post-1569","post","type-post","status-publish","format-standard","hentry","category-article-descriptif","category-journaux","tag-andre-becot","tag-arts-visuels","tag-becot-artiste","tag-club-des-collectionneurs-en-arts-visuels-de-quebec","tag-club-des-collectionneurs-en-arts-visuels-de-quebec-studio-becot","tag-foire-en-arts-actuel","tag-gabrielle-dumont","tag-marc-bellemare","tag-renald-brisebois","tag-studio-becot","tag-visuals-arts"],"_links":{"self":[{"href":"https:\/\/galeriebecot.com\/index.php?rest_route=\/wp\/v2\/posts\/1569","targetHints":{"allow":["GET"]}}],"collection":[{"href":"https:\/\/galeriebecot.com\/index.php?rest_route=\/wp\/v2\/posts"}],"about":[{"href":"https:\/\/galeriebecot.com\/index.php?rest_route=\/wp\/v2\/types\/post"}],"author":[{"embeddable":true,"href":"https:\/\/galeriebecot.com\/index.php?rest_route=\/wp\/v2\/users\/1"}],"replies":[{"embeddable":true,"href":"https:\/\/galeriebecot.com\/index.php?rest_route=%2Fwp%2Fv2%2Fcomments&post=1569"}],"version-history":[{"count":6,"href":"https:\/\/galeriebecot.com\/index.php?rest_route=\/wp\/v2\/posts\/1569\/revisions"}],"predecessor-version":[{"id":1576,"href":"https:\/\/galeriebecot.com\/index.php?rest_route=\/wp\/v2\/posts\/1569\/revisions\/1576"}],"wp:attachment":[{"href":"https:\/\/galeriebecot.com\/index.php?rest_route=%2Fwp%2Fv2%2Fmedia&parent=1569"}],"wp:term":[{"taxonomy":"category","embeddable":true,"href":"https:\/\/galeriebecot.com\/index.php?rest_route=%2Fwp%2Fv2%2Fcategories&post=1569"},{"taxonomy":"post_tag","embeddable":true,"href":"https:\/\/galeriebecot.com\/index.php?rest_route=%2Fwp%2Fv2%2Ftags&post=1569"}],"curies":[{"name":"wp","href":"https:\/\/api.w.org\/{rel}","templated":true}]}}