{"id":1517,"date":"2014-01-12T11:23:25","date_gmt":"2014-01-12T16:23:25","guid":{"rendered":"http:\/\/www.clubdescollectionneursenartsvisuelsdequebec.com\/?p=1517"},"modified":"2014-01-16T04:03:19","modified_gmt":"2014-01-16T09:03:19","slug":"exposition-de-jacques-gaunord","status":"publish","type":"post","link":"https:\/\/galeriebecot.com\/?p=1517","title":{"rendered":"Exposition de Jacques Gaunord"},"content":{"rendered":"<h3 itemprop=\"name\">Exposition de Jacques Gaunord.<\/h3>\n<div><\/div>\n<div id=\"post-body-1927030790196420456\" itemprop=\"description articleBody\">Plusieurs Artistes du Qu\u00e9bec ont s\u00e9journ\u00e9 \u00e0 la Maison d&rsquo;Emma de Saint-Mathieu-de-Tr\u00e9viers en France. Cette maison est administr\u00e9e par l&rsquo;association des Vend\u00e9miaires. Jacques Gaunord en a \u00e9t\u00e9 pr\u00e9sident pendant de nombreuses ann\u00e9es. Il pr\u00e9sente une exposition de ses aquarelles \u00e0 la Mairie de Castelnau-Le-Lez. Au nom de tous mes coll\u00e8gues peintres qui ont s\u00e9journ\u00e9 \u00e0 l&rsquo;ombre du Pic-St-Loup nous lui souhaitons un franc succ\u00e8s et le remercions pour tous ces ann\u00e9es consacr\u00e9es \u00e0 la promotion de l&rsquo;art et des \u00e9changes internationaux.<\/div>\n<div itemprop=\"description articleBody\"><\/div>\n<div itemprop=\"description articleBody\"><a href=\"https:\/\/www.galeriebecot.com\/wp-content\/uploads\/2014\/01\/JacquesGaunord.jpg\"><img loading=\"lazy\" decoding=\"async\" class=\"alignnone size-large wp-image-1518\" alt=\"JacquesGaunord\" src=\"https:\/\/www.galeriebecot.com\/wp-content\/uploads\/2014\/01\/JacquesGaunord-1024x594.jpg\" width=\"700\" height=\"406\" srcset=\"https:\/\/galeriebecot.com\/wp-content\/uploads\/2014\/01\/JacquesGaunord-1024x594.jpg 1024w, https:\/\/galeriebecot.com\/wp-content\/uploads\/2014\/01\/JacquesGaunord-300x174.jpg 300w\" sizes=\"auto, (max-width: 700px) 100vw, 700px\" \/><\/a><\/div>\n","protected":false},"excerpt":{"rendered":"<p>Exposition de Jacques Gaunord. Plusieurs Artistes du Qu\u00e9bec ont s\u00e9journ\u00e9 \u00e0 la Maison d&rsquo;Emma de Saint-Mathieu-de-Tr\u00e9viers en France. Cette maison est administr\u00e9e par l&rsquo;association des Vend\u00e9miaires. Jacques Gaunord en a&hellip; <\/p>\n","protected":false},"author":1,"featured_media":0,"comment_status":"open","ping_status":"open","sticky":false,"template":"","format":"standard","meta":{"_exactmetrics_skip_tracking":false,"_exactmetrics_sitenote_active":false,"_exactmetrics_sitenote_note":"","_exactmetrics_sitenote_category":0,"footnotes":""},"categories":[19],"tags":[34,43,6,143,58,37,45,40],"class_list":["post-1517","post","type-post","status-publish","format-standard","hentry","category-vernissage","tag-andre-becot","tag-arts-visuels","tag-club-des-collectionneurs-en-arts-visuels-de-quebec","tag-jacques-gaunord","tag-marc-bellemare-collectionneur","tag-studio-becot","tag-visual-art","tag-visuals-arts"],"_links":{"self":[{"href":"https:\/\/galeriebecot.com\/index.php?rest_route=\/wp\/v2\/posts\/1517","targetHints":{"allow":["GET"]}}],"collection":[{"href":"https:\/\/galeriebecot.com\/index.php?rest_route=\/wp\/v2\/posts"}],"about":[{"href":"https:\/\/galeriebecot.com\/index.php?rest_route=\/wp\/v2\/types\/post"}],"author":[{"embeddable":true,"href":"https:\/\/galeriebecot.com\/index.php?rest_route=\/wp\/v2\/users\/1"}],"replies":[{"embeddable":true,"href":"https:\/\/galeriebecot.com\/index.php?rest_route=%2Fwp%2Fv2%2Fcomments&post=1517"}],"version-history":[{"count":2,"href":"https:\/\/galeriebecot.com\/index.php?rest_route=\/wp\/v2\/posts\/1517\/revisions"}],"predecessor-version":[{"id":1520,"href":"https:\/\/galeriebecot.com\/index.php?rest_route=\/wp\/v2\/posts\/1517\/revisions\/1520"}],"wp:attachment":[{"href":"https:\/\/galeriebecot.com\/index.php?rest_route=%2Fwp%2Fv2%2Fmedia&parent=1517"}],"wp:term":[{"taxonomy":"category","embeddable":true,"href":"https:\/\/galeriebecot.com\/index.php?rest_route=%2Fwp%2Fv2%2Fcategories&post=1517"},{"taxonomy":"post_tag","embeddable":true,"href":"https:\/\/galeriebecot.com\/index.php?rest_route=%2Fwp%2Fv2%2Ftags&post=1517"}],"curies":[{"name":"wp","href":"https:\/\/api.w.org\/{rel}","templated":true}]}}