{"id":14931,"date":"2021-12-01T10:15:00","date_gmt":"2021-12-01T15:15:00","guid":{"rendered":"http:\/\/www.clubdescollectionneursenartsvisuelsdequebec.com\/?p=14931"},"modified":"2021-12-04T05:09:47","modified_gmt":"2021-12-04T10:09:47","slug":"jean-gauthier-en-solo","status":"publish","type":"post","link":"https:\/\/galeriebecot.com\/?p=14931","title":{"rendered":"Jean Gauthier en solo\u2026\u00e0 la Galerie du C\u00e9gep de Victoriaville."},"content":{"rendered":"\n<figure class=\"wp-block-image size-large\"><a href=\"https:\/\/www.cegepvicto.ca\/eleves-actuels\/socioculturel\/galerie-dart\/\"><img loading=\"lazy\" decoding=\"async\" width=\"735\" height=\"582\" src=\"https:\/\/www.galeriebecot.com\/wp-content\/uploads\/2021\/11\/Gauthier-Texte.jpg\" alt=\"\" class=\"wp-image-14968\" srcset=\"https:\/\/galeriebecot.com\/wp-content\/uploads\/2021\/11\/Gauthier-Texte.jpg 735w, https:\/\/galeriebecot.com\/wp-content\/uploads\/2021\/11\/Gauthier-Texte-300x238.jpg 300w\" sizes=\"auto, (max-width: 735px) 100vw, 735px\" \/><\/a><\/figure>\n\n\n\n<p class=\"wp-block-paragraph\">Jean Gauthier : Oeuvres abstraites et portraits.<\/p>\n\n\n\n<p class=\"wp-block-paragraph\">Du 8 novembre au 17 d\u00e9cembre 2021&#8230;.Bienvenue \u00e0 tous !<\/p>\n\n\n\n<p class=\"wp-block-paragraph\">Je me d\u00e9finie comme expressionniste moderne, alliant&#8230;<\/p>\n\n\n\n<figure class=\"wp-block-image size-large\"><a href=\"https:\/\/www.cegepvicto.ca\/eleves-actuels\/socioculturel\/galerie-dart\/\"><img loading=\"lazy\" decoding=\"async\" width=\"656\" height=\"1024\" src=\"https:\/\/www.galeriebecot.com\/wp-content\/uploads\/2021\/11\/Gauthier-Nouveau-Expo-656x1024.jpg\" alt=\"\" class=\"wp-image-14966\" srcset=\"https:\/\/galeriebecot.com\/wp-content\/uploads\/2021\/11\/Gauthier-Nouveau-Expo-656x1024.jpg 656w, https:\/\/galeriebecot.com\/wp-content\/uploads\/2021\/11\/Gauthier-Nouveau-Expo-192x300.jpg 192w, https:\/\/galeriebecot.com\/wp-content\/uploads\/2021\/11\/Gauthier-Nouveau-Expo-768x1199.jpg 768w, https:\/\/galeriebecot.com\/wp-content\/uploads\/2021\/11\/Gauthier-Nouveau-Expo-984x1536.jpg 984w, https:\/\/galeriebecot.com\/wp-content\/uploads\/2021\/11\/Gauthier-Nouveau-Expo.jpg 1138w\" sizes=\"auto, (max-width: 656px) 100vw, 656px\" \/><\/a><\/figure>\n","protected":false},"excerpt":{"rendered":"<p>Jean Gauthier : Oeuvres abstraites et portraits. Du 8 novembre au 17 d\u00e9cembre 2021&#8230;.Bienvenue \u00e0 tous ! Je me d\u00e9finie comme expressionniste moderne, alliant&#8230;<\/p>\n","protected":false},"author":1,"featured_media":0,"comment_status":"open","ping_status":"open","sticky":false,"template":"","format":"standard","meta":{"_exactmetrics_skip_tracking":false,"_exactmetrics_sitenote_active":false,"_exactmetrics_sitenote_note":"","_exactmetrics_sitenote_category":0,"footnotes":""},"categories":[27],"tags":[171,3432,4079,4080,58],"class_list":["post-14931","post","type-post","status-publish","format-standard","hentry","category-artistes","tag-andre-becot-artiste","tag-atelier-galerie-becot","tag-cegep-de-victoriaville","tag-jean-gauthier-artiste","tag-marc-bellemare-collectionneur"],"_links":{"self":[{"href":"https:\/\/galeriebecot.com\/index.php?rest_route=\/wp\/v2\/posts\/14931","targetHints":{"allow":["GET"]}}],"collection":[{"href":"https:\/\/galeriebecot.com\/index.php?rest_route=\/wp\/v2\/posts"}],"about":[{"href":"https:\/\/galeriebecot.com\/index.php?rest_route=\/wp\/v2\/types\/post"}],"author":[{"embeddable":true,"href":"https:\/\/galeriebecot.com\/index.php?rest_route=\/wp\/v2\/users\/1"}],"replies":[{"embeddable":true,"href":"https:\/\/galeriebecot.com\/index.php?rest_route=%2Fwp%2Fv2%2Fcomments&post=14931"}],"version-history":[{"count":9,"href":"https:\/\/galeriebecot.com\/index.php?rest_route=\/wp\/v2\/posts\/14931\/revisions"}],"predecessor-version":[{"id":14970,"href":"https:\/\/galeriebecot.com\/index.php?rest_route=\/wp\/v2\/posts\/14931\/revisions\/14970"}],"wp:attachment":[{"href":"https:\/\/galeriebecot.com\/index.php?rest_route=%2Fwp%2Fv2%2Fmedia&parent=14931"}],"wp:term":[{"taxonomy":"category","embeddable":true,"href":"https:\/\/galeriebecot.com\/index.php?rest_route=%2Fwp%2Fv2%2Fcategories&post=14931"},{"taxonomy":"post_tag","embeddable":true,"href":"https:\/\/galeriebecot.com\/index.php?rest_route=%2Fwp%2Fv2%2Ftags&post=14931"}],"curies":[{"name":"wp","href":"https:\/\/api.w.org\/{rel}","templated":true}]}}