{"id":1488,"date":"2014-01-03T12:51:52","date_gmt":"2014-01-03T17:51:52","guid":{"rendered":"http:\/\/www.clubdescollectionneursenartsvisuelsdequebec.com\/?p=1488"},"modified":"2014-01-10T13:13:46","modified_gmt":"2014-01-10T18:13:46","slug":"bonne-fete-tintin","status":"publish","type":"post","link":"https:\/\/galeriebecot.com\/?p=1488","title":{"rendered":"Bonne f\u00eate Tintin !!!"},"content":{"rendered":"<p><a href=\"https:\/\/www.galeriebecot.com\/wp-content\/uploads\/2014\/01\/tintin.jpg\"><img loading=\"lazy\" decoding=\"async\" class=\"alignnone size-full wp-image-1489\" alt=\"tintin\" src=\"https:\/\/www.galeriebecot.com\/wp-content\/uploads\/2014\/01\/tintin.jpg\" width=\"435\" height=\"290\" srcset=\"https:\/\/galeriebecot.com\/wp-content\/uploads\/2014\/01\/tintin.jpg 435w, https:\/\/galeriebecot.com\/wp-content\/uploads\/2014\/01\/tintin-300x200.jpg 300w\" sizes=\"auto, (max-width: 435px) 100vw, 435px\" \/><\/a><\/p>\n<p>&nbsp;<\/p>\n<p>Bonne f\u00eate Tintin.Le c\u00e9l\u00e8bre reporter a 85 ans &lt;&lt; Il faut consid\u00e9rer l&rsquo;oeuvre de Herg\u00e9 dans son ensemble pour mesurer quel formidable portrait du XXe si\u00e8cle il a trac\u00e9 (&#8230;) Tintin est une radiographie de ce que l&rsquo;humanit\u00e9 du si\u00e8cle dernier a \u00e9t\u00e9:c&rsquo;est l\u00e0 toute sa force.&gt;&gt; &#8211; <strong>Patrice B\u00e9langer,tir\u00e9 du livre <em>Les enfants de la bulle<\/em> (Tristan Demers,2013)<\/strong><\/p>\n<p>&nbsp;<\/p>\n<p><iframe loading=\"lazy\" src=\"\/\/www.youtube.com\/embed\/W9HhEESCvMU\" height=\"315\" width=\"560\" allowfullscreen=\"\" frameborder=\"0\"><\/iframe><\/p>\n","protected":false},"excerpt":{"rendered":"<p>&nbsp; Bonne f\u00eate Tintin.Le c\u00e9l\u00e8bre reporter a 85 ans &lt;&lt; Il faut consid\u00e9rer l&rsquo;oeuvre de Herg\u00e9 dans son ensemble pour mesurer quel formidable portrait du XXe si\u00e8cle il a trac\u00e9&hellip; <\/p>\n","protected":false},"author":1,"featured_media":0,"comment_status":"open","ping_status":"open","sticky":false,"template":"","format":"standard","meta":{"_exactmetrics_skip_tracking":false,"_exactmetrics_sitenote_active":false,"_exactmetrics_sitenote_note":"","_exactmetrics_sitenote_category":0,"footnotes":""},"categories":[20],"tags":[34,125,6,37,124],"class_list":["post-1488","post","type-post","status-publish","format-standard","hentry","category-article-descriptif","tag-andre-becot","tag-bande-dessinee","tag-club-des-collectionneurs-en-arts-visuels-de-quebec","tag-studio-becot","tag-tintin"],"_links":{"self":[{"href":"https:\/\/galeriebecot.com\/index.php?rest_route=\/wp\/v2\/posts\/1488","targetHints":{"allow":["GET"]}}],"collection":[{"href":"https:\/\/galeriebecot.com\/index.php?rest_route=\/wp\/v2\/posts"}],"about":[{"href":"https:\/\/galeriebecot.com\/index.php?rest_route=\/wp\/v2\/types\/post"}],"author":[{"embeddable":true,"href":"https:\/\/galeriebecot.com\/index.php?rest_route=\/wp\/v2\/users\/1"}],"replies":[{"embeddable":true,"href":"https:\/\/galeriebecot.com\/index.php?rest_route=%2Fwp%2Fv2%2Fcomments&post=1488"}],"version-history":[{"count":5,"href":"https:\/\/galeriebecot.com\/index.php?rest_route=\/wp\/v2\/posts\/1488\/revisions"}],"predecessor-version":[{"id":1494,"href":"https:\/\/galeriebecot.com\/index.php?rest_route=\/wp\/v2\/posts\/1488\/revisions\/1494"}],"wp:attachment":[{"href":"https:\/\/galeriebecot.com\/index.php?rest_route=%2Fwp%2Fv2%2Fmedia&parent=1488"}],"wp:term":[{"taxonomy":"category","embeddable":true,"href":"https:\/\/galeriebecot.com\/index.php?rest_route=%2Fwp%2Fv2%2Fcategories&post=1488"},{"taxonomy":"post_tag","embeddable":true,"href":"https:\/\/galeriebecot.com\/index.php?rest_route=%2Fwp%2Fv2%2Ftags&post=1488"}],"curies":[{"name":"wp","href":"https:\/\/api.w.org\/{rel}","templated":true}]}}