{"id":14533,"date":"2021-07-15T14:26:09","date_gmt":"2021-07-15T18:26:09","guid":{"rendered":"http:\/\/www.clubdescollectionneursenartsvisuelsdequebec.com\/?p=14533"},"modified":"2021-08-10T14:26:48","modified_gmt":"2021-08-10T18:26:48","slug":"peter-gnass-autobiographie","status":"publish","type":"post","link":"https:\/\/galeriebecot.com\/?p=14533","title":{"rendered":"Peter Gnass, autobiographie."},"content":{"rendered":"\n<figure class=\"wp-block-image size-large\"><a href=\"https:\/\/www.petergnass.com\/bio\"><img loading=\"lazy\" decoding=\"async\" width=\"1024\" height=\"959\" src=\"https:\/\/www.galeriebecot.com\/wp-content\/uploads\/2021\/08\/Gnass-Peter-1024x959.jpg\" alt=\"\" class=\"wp-image-14557\" srcset=\"https:\/\/galeriebecot.com\/wp-content\/uploads\/2021\/08\/Gnass-Peter-1024x959.jpg 1024w, https:\/\/galeriebecot.com\/wp-content\/uploads\/2021\/08\/Gnass-Peter-300x281.jpg 300w, https:\/\/galeriebecot.com\/wp-content\/uploads\/2021\/08\/Gnass-Peter-768x719.jpg 768w, https:\/\/galeriebecot.com\/wp-content\/uploads\/2021\/08\/Gnass-Peter.jpg 1149w\" sizes=\"auto, (max-width: 1024px) 100vw, 1024px\" \/><\/a><\/figure>\n\n\n\n<figure class=\"wp-block-image size-large\"><a href=\"https:\/\/www.petergnass.com\/bio\"><img loading=\"lazy\" decoding=\"async\" width=\"576\" height=\"1024\" src=\"https:\/\/www.galeriebecot.com\/wp-content\/uploads\/2021\/07\/Peter-Gnass-OK-576x1024.jpg\" alt=\"\" class=\"wp-image-14539\" srcset=\"https:\/\/galeriebecot.com\/wp-content\/uploads\/2021\/07\/Peter-Gnass-OK-576x1024.jpg 576w, https:\/\/galeriebecot.com\/wp-content\/uploads\/2021\/07\/Peter-Gnass-OK-169x300.jpg 169w, https:\/\/galeriebecot.com\/wp-content\/uploads\/2021\/07\/Peter-Gnass-OK-768x1365.jpg 768w, https:\/\/galeriebecot.com\/wp-content\/uploads\/2021\/07\/Peter-Gnass-OK-864x1536.jpg 864w, https:\/\/galeriebecot.com\/wp-content\/uploads\/2021\/07\/Peter-Gnass-OK-1152x2048.jpg 1152w, https:\/\/galeriebecot.com\/wp-content\/uploads\/2021\/07\/Peter-Gnass-OK.jpg 1238w\" sizes=\"auto, (max-width: 576px) 100vw, 576px\" \/><\/a><\/figure>\n\n\n\n<p class=\"wp-block-paragraph\">Peter Gnass \u00e9tudie \u00e0 l\u2019Acad\u00e9mie des beaux-arts Lerchenfeld de&nbsp;<a href=\"https:\/\/fr.wikipedia.org\/wiki\/Hambourg\">Hambourg<\/a>, jusqu\u2019au moment o\u00f9 il immigre au&nbsp;<a href=\"https:\/\/fr.wikipedia.org\/wiki\/Canada\">Canada<\/a>, en 1957, pour poursuivre ses \u00e9tudes \u00e0 l\u2019<a href=\"https:\/\/fr.wikipedia.org\/wiki\/%C3%89cole_des_beaux-arts_de_Montr%C3%A9al\">\u00c9cole des beaux-arts de Montr\u00e9al<\/a>. En 1965, la Galerie XII du&nbsp;<a href=\"https:\/\/fr.wikipedia.org\/wiki\/Mus%C3%A9e_des_beaux-arts_de_Montr%C3%A9al\">Mus\u00e9e des beaux-arts de Montr\u00e9al<\/a>&nbsp;organise sa premi\u00e8re exposition individuelle d\u2019importance. \u00c0 cette \u00e9poque, Gnass s\u2019int\u00e9resse surtout \u00e0 la gravure mais, d\u00e8s l\u2019ann\u00e9e suivante, il commence \u00e0 privil\u00e9gier la sculpture&nbsp;; il participe au Symposium d\u2019Alma et devient pr\u00e9sident de l\u2019<a href=\"https:\/\/fr.wikipedia.org\/w\/index.php?title=Association_des_sculpteurs_du_Qu%C3%A9bec&amp;action=edit&amp;redlink=1\">Association des sculpteurs du Qu\u00e9bec<\/a>. Jusqu\u2019en 1975, il utilise les m\u00e9taux, la&nbsp;<a href=\"https:\/\/fr.wikipedia.org\/wiki\/R%C3%A9sine_(constituant)\">r\u00e9sine<\/a>&nbsp;et le&nbsp;<a href=\"https:\/\/fr.wikipedia.org\/wiki\/Plexiglas\">plexiglas<\/a>, et produira les s\u00e9ries intitul\u00e9es&nbsp;<em>Lumenstructure<\/em>&nbsp;et&nbsp;<em>Topolog<\/em>. Les \u0153uvres de Gnass sont alors expos\u00e9es dans plusieurs lieux dont le&nbsp;<a href=\"https:\/\/fr.wikipedia.org\/wiki\/Mus%C3%A9e_d%27art_contemporain_de_Montr%C3%A9al\">Mus\u00e9e d&rsquo;art contemporain de Montr\u00e9al<\/a>, le&nbsp;<a href=\"https:\/\/fr.wikipedia.org\/wiki\/Mus%C3%A9e_national_des_beaux-arts_du_Qu%C3%A9bec\">Mus\u00e9e national des beaux-arts du Qu\u00e9bec<\/a>, le&nbsp;<a href=\"https:\/\/fr.wikipedia.org\/wiki\/Mus%C3%A9e_d%E2%80%99art_moderne_de_la_Ville_de_Paris\">Mus\u00e9e d\u2019art moderne de la Ville de Paris<\/a>, l\u2019<a href=\"https:\/\/fr.wikipedia.org\/wiki\/Universit%C3%A9_du_Vermont\">Universit\u00e9 du Vermont<\/a>&nbsp;aux \u00c9tats-Unis,&nbsp;<a href=\"https:\/\/fr.wikipedia.org\/wiki\/Anvers\">Anvers<\/a>&nbsp;en Belgique (la&nbsp;II<sup>e<\/sup>&nbsp;Biennale de&nbsp;<a href=\"https:\/\/fr.wikipedia.org\/wiki\/Mus%C3%A9e_de_sculpture_en_plein_air_de_Middelheim\">Middelheim<\/a>),&nbsp;<a href=\"https:\/\/fr.wikipedia.org\/wiki\/Milan\">Milan<\/a>&nbsp;en Italie (Palazzo della Permanente) et&nbsp;<a href=\"https:\/\/fr.wikipedia.org\/wiki\/B%C3%A2le\">B\u00e2le<\/a>&nbsp;en Suisse (le Salon Art 3\u201972). C\u2019est aussi pendant cette p\u00e9riode qu\u2019il devient professeur au D\u00e9partement des arts visuels de l\u2019<a href=\"https:\/\/fr.wikipedia.org\/wiki\/Universit%C3%A9_d%E2%80%99Ottawa\">Universit\u00e9 d\u2019Ottawa<\/a>&nbsp;(jusqu\u2019en 1995).<\/p>\n\n\n\n<p class=\"wp-block-paragraph\">Peter Gnass expose ses premi\u00e8res \u0153uvres de la s\u00e9rie&nbsp;<em>Progression<\/em>&nbsp;en 1976 \u00e0&nbsp;<a href=\"https:\/\/fr.wikipedia.org\/wiki\/Montr%C3%A9al\">Montr\u00e9al<\/a>&nbsp;(Mus\u00e9e des beaux-arts de Montr\u00e9al et Galerie Gilles Corbeil), ainsi qu\u2019\u00e0&nbsp;<a href=\"https:\/\/fr.wikipedia.org\/wiki\/Qu%C3%A9bec\">Qu\u00e9bec<\/a>&nbsp;(Galerie Jolliet). Il r\u00e9alise aussi, pour le Mus\u00e9e d\u2019art contemporain de Montr\u00e9al, une sculpture \u00e9ph\u00e9m\u00e8re compos\u00e9e de tubes d\u2019aluminium et de n\u00e9ons, intitul\u00e9e&nbsp;<em>Progressions<\/em>&nbsp;: l\u2019installation est imposante et occupe toute la salle du mus\u00e9e.<\/p>\n","protected":false},"excerpt":{"rendered":"<p>Peter Gnass \u00e9tudie \u00e0 l\u2019Acad\u00e9mie des beaux-arts Lerchenfeld de&nbsp;Hambourg, jusqu\u2019au moment o\u00f9 il immigre au&nbsp;Canada, en 1957, pour poursuivre ses \u00e9tudes \u00e0 l\u2019\u00c9cole des beaux-arts de Montr\u00e9al. En 1965, la&hellip; <\/p>\n","protected":false},"author":1,"featured_media":0,"comment_status":"open","ping_status":"open","sticky":false,"template":"","format":"standard","meta":{"_exactmetrics_skip_tracking":false,"_exactmetrics_sitenote_active":false,"_exactmetrics_sitenote_note":"","_exactmetrics_sitenote_category":0,"footnotes":""},"categories":[20,27,22],"tags":[171,3938,67,3937,3940,2133,58,3939],"class_list":["post-14533","post","type-post","status-publish","format-standard","hentry","category-article-descriptif","category-artistes","category-catalogues","tag-andre-becot-artiste","tag-antoine-desilets","tag-club-des-collectionneurs-en-arts-visuels-de-quebec-marc-bellemare","tag-ecole-des-beaux-arts-der-montreal","tag-guy-fregault","tag-la-presse","tag-marc-bellemare-collectionneur","tag-ministere-des-affaires-culturelles"],"_links":{"self":[{"href":"https:\/\/galeriebecot.com\/index.php?rest_route=\/wp\/v2\/posts\/14533","targetHints":{"allow":["GET"]}}],"collection":[{"href":"https:\/\/galeriebecot.com\/index.php?rest_route=\/wp\/v2\/posts"}],"about":[{"href":"https:\/\/galeriebecot.com\/index.php?rest_route=\/wp\/v2\/types\/post"}],"author":[{"embeddable":true,"href":"https:\/\/galeriebecot.com\/index.php?rest_route=\/wp\/v2\/users\/1"}],"replies":[{"embeddable":true,"href":"https:\/\/galeriebecot.com\/index.php?rest_route=%2Fwp%2Fv2%2Fcomments&post=14533"}],"version-history":[{"count":6,"href":"https:\/\/galeriebecot.com\/index.php?rest_route=\/wp\/v2\/posts\/14533\/revisions"}],"predecessor-version":[{"id":14558,"href":"https:\/\/galeriebecot.com\/index.php?rest_route=\/wp\/v2\/posts\/14533\/revisions\/14558"}],"wp:attachment":[{"href":"https:\/\/galeriebecot.com\/index.php?rest_route=%2Fwp%2Fv2%2Fmedia&parent=14533"}],"wp:term":[{"taxonomy":"category","embeddable":true,"href":"https:\/\/galeriebecot.com\/index.php?rest_route=%2Fwp%2Fv2%2Fcategories&post=14533"},{"taxonomy":"post_tag","embeddable":true,"href":"https:\/\/galeriebecot.com\/index.php?rest_route=%2Fwp%2Fv2%2Ftags&post=14533"}],"curies":[{"name":"wp","href":"https:\/\/api.w.org\/{rel}","templated":true}]}}