{"id":1449,"date":"2013-12-18T23:13:18","date_gmt":"2013-12-19T04:13:18","guid":{"rendered":"http:\/\/www.clubdescollectionneursenartsvisuelsdequebec.com\/?p=1449"},"modified":"2013-12-18T23:17:00","modified_gmt":"2013-12-19T04:17:00","slug":"linda-verge-30-ans-dexposition","status":"publish","type":"post","link":"https:\/\/galeriebecot.com\/?p=1449","title":{"rendered":"Linda Verge 30 ans d&rsquo;exposition"},"content":{"rendered":"<p><a title=\"Linda Verge\" href=\"http:\/\/www.lapresse.ca\/le-soleil\/arts-et-spectacles\/expositions\/201312\/12\/01-4720516-chez-madame-la-galeriste-linda-verge-celebre-ses-30-ans-dexpositions.php\"><img loading=\"lazy\" decoding=\"async\" class=\"alignnone size-full wp-image-1450\" alt=\"Linda\" src=\"https:\/\/www.galeriebecot.com\/wp-content\/uploads\/2013\/12\/Linda.jpg\" width=\"641\" height=\"427\" srcset=\"https:\/\/galeriebecot.com\/wp-content\/uploads\/2013\/12\/Linda.jpg 641w, https:\/\/galeriebecot.com\/wp-content\/uploads\/2013\/12\/Linda-300x199.jpg 300w\" sizes=\"auto, (max-width: 641px) 100vw, 641px\" \/><\/a><\/p>\n<p><a title=\"Linda Verge\" href=\"http:\/\/www.lapresse.ca\/le-soleil\/arts-et-spectacles\/expositions\/201312\/12\/01-4720516-chez-madame-la-galeriste-linda-verge-celebre-ses-30-ans-dexpositions.php\">(Qu\u00e9bec) Linda Verge signe encore tous ses cartons d&rsquo;invitation pour les vernissages \u00e0 la main, et lorsqu&rsquo;on s&rsquo;arr\u00eate \u00e0 sa galerie de la rue des \u00c9rables, on peut facilement passer une heure \u00e0 butiner d&rsquo;un tableau \u00e0 l&rsquo;autre et \u00e0 discuter d&rsquo;art.<\/a> Chez la galeriste de Montcalm, qui cumule 30 ans de m\u00e9tier cette ann\u00e9e, les relations humaines passent toujours avant les profits, et l&rsquo;approche a fait ses preuves.<\/p>\n","protected":false},"excerpt":{"rendered":"<p>(Qu\u00e9bec) Linda Verge signe encore tous ses cartons d&rsquo;invitation pour les vernissages \u00e0 la main, et lorsqu&rsquo;on s&rsquo;arr\u00eate \u00e0 sa galerie de la rue des \u00c9rables, on peut facilement passer&hellip; <\/p>\n","protected":false},"author":1,"featured_media":0,"comment_status":"open","ping_status":"open","sticky":false,"template":"","format":"standard","meta":{"_exactmetrics_skip_tracking":false,"_exactmetrics_sitenote_active":false,"_exactmetrics_sitenote_note":"","_exactmetrics_sitenote_category":0,"footnotes":""},"categories":[20,18,29,30],"tags":[34,43,28,6,96,37],"class_list":["post-1449","post","type-post","status-publish","format-standard","hentry","category-article-descriptif","category-evenement","category-journaux","category-le-soleil","tag-andre-becot","tag-arts-visuels","tag-bellemare","tag-club-des-collectionneurs-en-arts-visuels-de-quebec","tag-linda-verge","tag-studio-becot"],"_links":{"self":[{"href":"https:\/\/galeriebecot.com\/index.php?rest_route=\/wp\/v2\/posts\/1449","targetHints":{"allow":["GET"]}}],"collection":[{"href":"https:\/\/galeriebecot.com\/index.php?rest_route=\/wp\/v2\/posts"}],"about":[{"href":"https:\/\/galeriebecot.com\/index.php?rest_route=\/wp\/v2\/types\/post"}],"author":[{"embeddable":true,"href":"https:\/\/galeriebecot.com\/index.php?rest_route=\/wp\/v2\/users\/1"}],"replies":[{"embeddable":true,"href":"https:\/\/galeriebecot.com\/index.php?rest_route=%2Fwp%2Fv2%2Fcomments&post=1449"}],"version-history":[{"count":3,"href":"https:\/\/galeriebecot.com\/index.php?rest_route=\/wp\/v2\/posts\/1449\/revisions"}],"predecessor-version":[{"id":1453,"href":"https:\/\/galeriebecot.com\/index.php?rest_route=\/wp\/v2\/posts\/1449\/revisions\/1453"}],"wp:attachment":[{"href":"https:\/\/galeriebecot.com\/index.php?rest_route=%2Fwp%2Fv2%2Fmedia&parent=1449"}],"wp:term":[{"taxonomy":"category","embeddable":true,"href":"https:\/\/galeriebecot.com\/index.php?rest_route=%2Fwp%2Fv2%2Fcategories&post=1449"},{"taxonomy":"post_tag","embeddable":true,"href":"https:\/\/galeriebecot.com\/index.php?rest_route=%2Fwp%2Fv2%2Ftags&post=1449"}],"curies":[{"name":"wp","href":"https:\/\/api.w.org\/{rel}","templated":true}]}}