{"id":1444,"date":"2013-12-18T10:11:31","date_gmt":"2013-12-18T15:11:31","guid":{"rendered":"http:\/\/www.clubdescollectionneursenartsvisuelsdequebec.com\/?p=1444"},"modified":"2019-04-30T17:11:18","modified_gmt":"2019-04-30T21:11:18","slug":"icones-par-roger-fournier","status":"publish","type":"post","link":"https:\/\/galeriebecot.com\/?p=1444","title":{"rendered":"Roger Fournier,artiste"},"content":{"rendered":"<div><a href=\"https:\/\/www.galeriebecot.com\/wp-content\/uploads\/2013\/12\/Fournier1.jpg\"><img loading=\"lazy\" decoding=\"async\" class=\"alignnone size-large wp-image-11189\" src=\"https:\/\/www.galeriebecot.com\/wp-content\/uploads\/2013\/12\/Fournier1-659x1024.jpg\" alt=\"\" width=\"659\" height=\"1024\" srcset=\"https:\/\/galeriebecot.com\/wp-content\/uploads\/2013\/12\/Fournier1-659x1024.jpg 659w, https:\/\/galeriebecot.com\/wp-content\/uploads\/2013\/12\/Fournier1-193x300.jpg 193w, https:\/\/galeriebecot.com\/wp-content\/uploads\/2013\/12\/Fournier1.jpg 677w\" sizes=\"auto, (max-width: 659px) 100vw, 659px\" \/><\/a><\/div>\n<div><a href=\"https:\/\/www.galeriebecot.com\/wp-content\/uploads\/2013\/12\/Fournier2.jpg\"><img loading=\"lazy\" decoding=\"async\" class=\"alignnone size-full wp-image-11190\" src=\"https:\/\/www.galeriebecot.com\/wp-content\/uploads\/2013\/12\/Fournier2.jpg\" alt=\"\" width=\"662\" height=\"137\" srcset=\"https:\/\/galeriebecot.com\/wp-content\/uploads\/2013\/12\/Fournier2.jpg 662w, https:\/\/galeriebecot.com\/wp-content\/uploads\/2013\/12\/Fournier2-300x62.jpg 300w\" sizes=\"auto, (max-width: 662px) 100vw, 662px\" \/><\/a><\/div>\n<div>Roger Fournier,Aquarelles,Ic\u00f4nes,<\/div>\n<div>418 523 6329,<\/div>\n<div><\/div>\n<div><a title=\"R\u00e9diger un courriel \u00e0 fournierroger@hotmail.com\" href=\"http:\/\/cw4.videotron.ca\/iwc_static\/js\/dojotoolkit\/dojo\/resources\/blank.html\">fournierroger@hotmail.com<\/a><\/div>\n<div><\/div>\n<div><a href=\"https:\/\/www.galeriebecot.com\/wp-content\/uploads\/2013\/12\/Fournier_ic\u00f4ne.jpg\"><img loading=\"lazy\" decoding=\"async\" class=\"alignnone size-full wp-image-1445\" src=\"https:\/\/www.galeriebecot.com\/wp-content\/uploads\/2013\/12\/Fournier_ic\u00f4ne.jpg\" alt=\"Fournier_ic\u00f4ne\" width=\"668\" height=\"849\" srcset=\"https:\/\/galeriebecot.com\/wp-content\/uploads\/2013\/12\/Fournier_ic\u00f4ne.jpg 668w, https:\/\/galeriebecot.com\/wp-content\/uploads\/2013\/12\/Fournier_ic\u00f4ne-236x300.jpg 236w\" sizes=\"auto, (max-width: 668px) 100vw, 668px\" \/><\/a><\/div>\n<div><\/div>\n<div>L&rsquo;annonciation<\/div>\n<div>Ic\u00f4ne \u00e9crite par Roger Fournier<\/div>\n","protected":false},"excerpt":{"rendered":"<p>Roger Fournier,Aquarelles,Ic\u00f4nes, 418 523 6329, fournierroger@hotmail.com L&rsquo;annonciation Ic\u00f4ne \u00e9crite par Roger Fournier<\/p>\n","protected":false},"author":1,"featured_media":0,"comment_status":"open","ping_status":"open","sticky":false,"template":"","format":"standard","meta":{"_exactmetrics_skip_tracking":false,"_exactmetrics_sitenote_active":false,"_exactmetrics_sitenote_note":"","_exactmetrics_sitenote_category":0,"footnotes":""},"categories":[95],"tags":[34,43,6,38,94,40],"class_list":["post-1444","post","type-post","status-publish","format-standard","hentry","category-icones-et-traditions","tag-andre-becot","tag-arts-visuels","tag-club-des-collectionneurs-en-arts-visuels-de-quebec","tag-galerie-becot","tag-roger-fournier-icones","tag-visuals-arts"],"_links":{"self":[{"href":"https:\/\/galeriebecot.com\/index.php?rest_route=\/wp\/v2\/posts\/1444","targetHints":{"allow":["GET"]}}],"collection":[{"href":"https:\/\/galeriebecot.com\/index.php?rest_route=\/wp\/v2\/posts"}],"about":[{"href":"https:\/\/galeriebecot.com\/index.php?rest_route=\/wp\/v2\/types\/post"}],"author":[{"embeddable":true,"href":"https:\/\/galeriebecot.com\/index.php?rest_route=\/wp\/v2\/users\/1"}],"replies":[{"embeddable":true,"href":"https:\/\/galeriebecot.com\/index.php?rest_route=%2Fwp%2Fv2%2Fcomments&post=1444"}],"version-history":[{"count":4,"href":"https:\/\/galeriebecot.com\/index.php?rest_route=\/wp\/v2\/posts\/1444\/revisions"}],"predecessor-version":[{"id":11192,"href":"https:\/\/galeriebecot.com\/index.php?rest_route=\/wp\/v2\/posts\/1444\/revisions\/11192"}],"wp:attachment":[{"href":"https:\/\/galeriebecot.com\/index.php?rest_route=%2Fwp%2Fv2%2Fmedia&parent=1444"}],"wp:term":[{"taxonomy":"category","embeddable":true,"href":"https:\/\/galeriebecot.com\/index.php?rest_route=%2Fwp%2Fv2%2Fcategories&post=1444"},{"taxonomy":"post_tag","embeddable":true,"href":"https:\/\/galeriebecot.com\/index.php?rest_route=%2Fwp%2Fv2%2Ftags&post=1444"}],"curies":[{"name":"wp","href":"https:\/\/api.w.org\/{rel}","templated":true}]}}