{"id":14375,"date":"2022-07-08T12:48:00","date_gmt":"2022-07-08T16:48:00","guid":{"rendered":"http:\/\/www.clubdescollectionneursenartsvisuelsdequebec.com\/?p=14375"},"modified":"2022-07-15T13:13:57","modified_gmt":"2022-07-15T17:13:57","slug":"le-dessin-au-dela-du-reel","status":"publish","type":"post","link":"https:\/\/galeriebecot.com\/?p=14375","title":{"rendered":"Le dessin, au-del\u00e0 du r\u00e9el. Invitation \u00e0 tous !"},"content":{"rendered":"\n<figure class=\"wp-block-image size-large\"><a href=\"https:\/\/www.galeriebecot.com\/wp-content\/uploads\/2022\/07\/Lamothe-Rejeanne-web-scaled.jpg\"><img loading=\"lazy\" decoding=\"async\" width=\"1024\" height=\"579\" src=\"https:\/\/www.galeriebecot.com\/wp-content\/uploads\/2022\/07\/Lamothe-Rejeanne-web-1024x579.jpg\" alt=\"\" class=\"wp-image-16163\" srcset=\"https:\/\/galeriebecot.com\/wp-content\/uploads\/2022\/07\/Lamothe-Rejeanne-web-1024x579.jpg 1024w, https:\/\/galeriebecot.com\/wp-content\/uploads\/2022\/07\/Lamothe-Rejeanne-web-300x170.jpg 300w, https:\/\/galeriebecot.com\/wp-content\/uploads\/2022\/07\/Lamothe-Rejeanne-web-768x434.jpg 768w, https:\/\/galeriebecot.com\/wp-content\/uploads\/2022\/07\/Lamothe-Rejeanne-web-1536x868.jpg 1536w, https:\/\/galeriebecot.com\/wp-content\/uploads\/2022\/07\/Lamothe-Rejeanne-web-2048x1158.jpg 2048w\" sizes=\"auto, (max-width: 1024px) 100vw, 1024px\" \/><\/a><\/figure>\n\n\n\n<figure class=\"wp-block-image size-large\"><a href=\"https:\/\/www.facebook.com\/ClubCAVQ\"><img loading=\"lazy\" decoding=\"async\" width=\"720\" height=\"182\" src=\"https:\/\/www.galeriebecot.com\/wp-content\/uploads\/2021\/05\/CAVQ.jpg\" alt=\"\" class=\"wp-image-14403\" srcset=\"https:\/\/galeriebecot.com\/wp-content\/uploads\/2021\/05\/CAVQ.jpg 720w, https:\/\/galeriebecot.com\/wp-content\/uploads\/2021\/05\/CAVQ-300x76.jpg 300w\" sizes=\"auto, (max-width: 720px) 100vw, 720px\" \/><\/a><\/figure>\n\n\n\n<figure class=\"wp-block-image size-large\"><a href=\"https:\/\/www.be-video.info\"><img loading=\"lazy\" decoding=\"async\" width=\"720\" height=\"400\" src=\"https:\/\/www.galeriebecot.com\/wp-content\/uploads\/2021\/05\/Lamothe.jpg\" alt=\"\" class=\"wp-image-14400\" srcset=\"https:\/\/galeriebecot.com\/wp-content\/uploads\/2021\/05\/Lamothe.jpg 720w, https:\/\/galeriebecot.com\/wp-content\/uploads\/2021\/05\/Lamothe-300x167.jpg 300w\" sizes=\"auto, (max-width: 720px) 100vw, 720px\" \/><\/a><\/figure>\n\n\n\n<figure class=\"wp-block-image size-large\"><img loading=\"lazy\" decoding=\"async\" width=\"991\" height=\"1024\" src=\"https:\/\/www.galeriebecot.com\/wp-content\/uploads\/2021\/05\/Club1-991x1024.jpg\" alt=\"\" class=\"wp-image-14376\" srcset=\"https:\/\/galeriebecot.com\/wp-content\/uploads\/2021\/05\/Club1-991x1024.jpg 991w, https:\/\/galeriebecot.com\/wp-content\/uploads\/2021\/05\/Club1-290x300.jpg 290w, https:\/\/galeriebecot.com\/wp-content\/uploads\/2021\/05\/Club1-768x793.jpg 768w, https:\/\/galeriebecot.com\/wp-content\/uploads\/2021\/05\/Club1.jpg 1152w\" sizes=\"auto, (max-width: 991px) 100vw, 991px\" \/><\/figure>\n\n\n\n<figure class=\"wp-block-image size-large\"><a href=\"https:\/\/www.facebook.com\/ClubCAVQ\"><img loading=\"lazy\" decoding=\"async\" width=\"1024\" height=\"776\" src=\"https:\/\/www.galeriebecot.com\/wp-content\/uploads\/2021\/05\/Club2-1024x776.jpg\" alt=\"\" class=\"wp-image-14377\" srcset=\"https:\/\/galeriebecot.com\/wp-content\/uploads\/2021\/05\/Club2-1024x776.jpg 1024w, https:\/\/galeriebecot.com\/wp-content\/uploads\/2021\/05\/Club2-300x227.jpg 300w, https:\/\/galeriebecot.com\/wp-content\/uploads\/2021\/05\/Club2-768x582.jpg 768w, https:\/\/galeriebecot.com\/wp-content\/uploads\/2021\/05\/Club2.jpg 1152w\" sizes=\"auto, (max-width: 1024px) 100vw, 1024px\" \/><\/a><\/figure>\n\n\n\n<p class=\"wp-block-paragraph\"><a href=\"https:\/\/www.be-video.info\">Film documentaire, Ann\u00e9e 2021, Dur\u00e9e 30 min <\/a><\/p>\n\n\n\n<figure class=\"wp-block-image size-large is-resized\"><a href=\"https:\/\/www.be-video.info\"><img loading=\"lazy\" decoding=\"async\" src=\"https:\/\/www.galeriebecot.com\/wp-content\/uploads\/2021\/05\/0001.jpg\" alt=\"\" class=\"wp-image-14393\" width=\"103\" height=\"80\" srcset=\"https:\/\/galeriebecot.com\/wp-content\/uploads\/2021\/05\/0001.jpg 624w, https:\/\/galeriebecot.com\/wp-content\/uploads\/2021\/05\/0001-300x232.jpg 300w\" sizes=\"auto, (max-width: 103px) 100vw, 103px\" \/><\/a><\/figure>\n\n\n\n<p class=\"wp-block-paragraph\"><a href=\"https:\/\/www.be-video.info\">Be -Video _ R\u00e9alisatrice :<em> R\u00e9jeanne Lamothe<\/em><\/a><\/p>\n\n\n\n<figure class=\"wp-block-gallery columns-1 is-cropped wp-block-gallery-1 is-layout-flex wp-block-gallery-is-layout-flex\"><ul class=\"blocks-gallery-grid\"><li class=\"blocks-gallery-item\"><figure><img loading=\"lazy\" decoding=\"async\" width=\"663\" height=\"1024\" src=\"https:\/\/www.galeriebecot.com\/wp-content\/uploads\/2021\/05\/Lamothe-Rejeanne-663x1024.jpg\" alt=\"\" data-id=\"14380\" data-full-url=\"https:\/\/www.galeriebecot.com\/wp-content\/uploads\/2021\/05\/Lamothe-Rejeanne.jpg\" data-link=\"https:\/\/www.galeriebecot.com\/?attachment_id=14380\" class=\"wp-image-14380\" srcset=\"https:\/\/galeriebecot.com\/wp-content\/uploads\/2021\/05\/Lamothe-Rejeanne-663x1024.jpg 663w, https:\/\/galeriebecot.com\/wp-content\/uploads\/2021\/05\/Lamothe-Rejeanne-194x300.jpg 194w, https:\/\/galeriebecot.com\/wp-content\/uploads\/2021\/05\/Lamothe-Rejeanne-768x1187.jpg 768w, https:\/\/galeriebecot.com\/wp-content\/uploads\/2021\/05\/Lamothe-Rejeanne-994x1536.jpg 994w, https:\/\/galeriebecot.com\/wp-content\/uploads\/2021\/05\/Lamothe-Rejeanne.jpg 1080w\" sizes=\"auto, (max-width: 663px) 100vw, 663px\" \/><\/figure><\/li><\/ul><\/figure>\n","protected":false},"excerpt":{"rendered":"<p>Film documentaire, Ann\u00e9e 2021, Dur\u00e9e 30 min Be -Video _ R\u00e9alisatrice : R\u00e9jeanne Lamothe<\/p>\n","protected":false},"author":1,"featured_media":0,"comment_status":"open","ping_status":"open","sticky":false,"template":"","format":"standard","meta":{"_exactmetrics_skip_tracking":false,"_exactmetrics_sitenote_active":false,"_exactmetrics_sitenote_note":"","_exactmetrics_sitenote_category":0,"footnotes":""},"categories":[1],"tags":[102,171,3913,1087,101,100,6,3915,996,99,3914,58,882,1037,365,1402,356,889],"class_list":["post-14375","post","type-post","status-publish","format-standard","hentry","category-non-classe","tag-alain-sanson","tag-andre-becot-artiste","tag-andre-becot-galerie","tag-andre-dubois","tag-bernard-houde","tag-carole-charette","tag-club-des-collectionneurs-en-arts-visuels-de-quebec","tag-fanny-h-levy-2","tag-francois-morelli","tag-jean-gaudreau","tag-julie-bellavance","tag-marc-bellemare-collectionneur","tag-michel-parent","tag-micheline-fournier","tag-paul-beliveau","tag-rejeanne-lamothe-realisatrice","tag-serge-philippe-tremblay","tag-suzette-patry"],"_links":{"self":[{"href":"https:\/\/galeriebecot.com\/index.php?rest_route=\/wp\/v2\/posts\/14375","targetHints":{"allow":["GET"]}}],"collection":[{"href":"https:\/\/galeriebecot.com\/index.php?rest_route=\/wp\/v2\/posts"}],"about":[{"href":"https:\/\/galeriebecot.com\/index.php?rest_route=\/wp\/v2\/types\/post"}],"author":[{"embeddable":true,"href":"https:\/\/galeriebecot.com\/index.php?rest_route=\/wp\/v2\/users\/1"}],"replies":[{"embeddable":true,"href":"https:\/\/galeriebecot.com\/index.php?rest_route=%2Fwp%2Fv2%2Fcomments&post=14375"}],"version-history":[{"count":14,"href":"https:\/\/galeriebecot.com\/index.php?rest_route=\/wp\/v2\/posts\/14375\/revisions"}],"predecessor-version":[{"id":16165,"href":"https:\/\/galeriebecot.com\/index.php?rest_route=\/wp\/v2\/posts\/14375\/revisions\/16165"}],"wp:attachment":[{"href":"https:\/\/galeriebecot.com\/index.php?rest_route=%2Fwp%2Fv2%2Fmedia&parent=14375"}],"wp:term":[{"taxonomy":"category","embeddable":true,"href":"https:\/\/galeriebecot.com\/index.php?rest_route=%2Fwp%2Fv2%2Fcategories&post=14375"},{"taxonomy":"post_tag","embeddable":true,"href":"https:\/\/galeriebecot.com\/index.php?rest_route=%2Fwp%2Fv2%2Ftags&post=14375"}],"curies":[{"name":"wp","href":"https:\/\/api.w.org\/{rel}","templated":true}]}}