{"id":1418,"date":"2013-12-05T10:33:02","date_gmt":"2013-12-05T15:33:02","guid":{"rendered":"http:\/\/www.clubdescollectionneursenartsvisuelsdequebec.com\/?p=1418"},"modified":"2013-12-05T10:33:02","modified_gmt":"2013-12-05T15:33:02","slug":"la-galerie-dart-uno","status":"publish","type":"post","link":"https:\/\/galeriebecot.com\/?p=1418","title":{"rendered":"La galerie d&rsquo;art uNo"},"content":{"rendered":"<p>Artistes: Carole <strong>Baillargeon<\/strong>,Yolande <strong>Bernier<\/strong>,Danielle <strong>Chapleau<\/strong>,Clara <strong>Grouazet<\/strong>,G\u00fbnes-H\u00e9l\u00e8ne <strong>Isitan<\/strong>,France <strong>Malo<\/strong>,Nokolina <strong>Okuka<\/strong>,Ilana <strong>Pichon<\/strong>,M\u00e9lanie <strong>Poirier<\/strong>,Laurent <strong>Torregrossa<\/strong><\/p>\n<p><a title=\"Galerie Uno\" href=\"http:\/\/www.galerieuno.com\/\"><img loading=\"lazy\" decoding=\"async\" class=\"alignnone size-full wp-image-1419\" alt=\"uno\" src=\"https:\/\/www.galeriebecot.com\/wp-content\/uploads\/2013\/12\/uno.jpg\" width=\"1000\" height=\"318\" srcset=\"https:\/\/galeriebecot.com\/wp-content\/uploads\/2013\/12\/uno.jpg 1000w, https:\/\/galeriebecot.com\/wp-content\/uploads\/2013\/12\/uno-300x95.jpg 300w\" sizes=\"auto, (max-width: 1000px) 100vw, 1000px\" \/><\/a><\/p>\n","protected":false},"excerpt":{"rendered":"<p>Artistes: Carole Baillargeon,Yolande Bernier,Danielle Chapleau,Clara Grouazet,G\u00fbnes-H\u00e9l\u00e8ne Isitan,France Malo,Nokolina Okuka,Ilana Pichon,M\u00e9lanie Poirier,Laurent Torregrossa<\/p>\n","protected":false},"author":1,"featured_media":0,"comment_status":"open","ping_status":"open","sticky":false,"template":"","format":"standard","meta":{"_exactmetrics_skip_tracking":false,"_exactmetrics_sitenote_active":false,"_exactmetrics_sitenote_note":"","_exactmetrics_sitenote_category":0,"footnotes":""},"categories":[19],"tags":[34,43,6,67,66,35,38,45,40],"class_list":["post-1418","post","type-post","status-publish","format-standard","hentry","category-vernissage","tag-andre-becot","tag-arts-visuels","tag-club-des-collectionneurs-en-arts-visuels-de-quebec","tag-club-des-collectionneurs-en-arts-visuels-de-quebec-marc-bellemare","tag-club-des-collectionneurs-en-arts-visuels-de-quebec-studio-becot","tag-foire-en-arts-actuel","tag-galerie-becot","tag-visual-art","tag-visuals-arts"],"_links":{"self":[{"href":"https:\/\/galeriebecot.com\/index.php?rest_route=\/wp\/v2\/posts\/1418","targetHints":{"allow":["GET"]}}],"collection":[{"href":"https:\/\/galeriebecot.com\/index.php?rest_route=\/wp\/v2\/posts"}],"about":[{"href":"https:\/\/galeriebecot.com\/index.php?rest_route=\/wp\/v2\/types\/post"}],"author":[{"embeddable":true,"href":"https:\/\/galeriebecot.com\/index.php?rest_route=\/wp\/v2\/users\/1"}],"replies":[{"embeddable":true,"href":"https:\/\/galeriebecot.com\/index.php?rest_route=%2Fwp%2Fv2%2Fcomments&post=1418"}],"version-history":[{"count":1,"href":"https:\/\/galeriebecot.com\/index.php?rest_route=\/wp\/v2\/posts\/1418\/revisions"}],"predecessor-version":[{"id":1420,"href":"https:\/\/galeriebecot.com\/index.php?rest_route=\/wp\/v2\/posts\/1418\/revisions\/1420"}],"wp:attachment":[{"href":"https:\/\/galeriebecot.com\/index.php?rest_route=%2Fwp%2Fv2%2Fmedia&parent=1418"}],"wp:term":[{"taxonomy":"category","embeddable":true,"href":"https:\/\/galeriebecot.com\/index.php?rest_route=%2Fwp%2Fv2%2Fcategories&post=1418"},{"taxonomy":"post_tag","embeddable":true,"href":"https:\/\/galeriebecot.com\/index.php?rest_route=%2Fwp%2Fv2%2Ftags&post=1418"}],"curies":[{"name":"wp","href":"https:\/\/api.w.org\/{rel}","templated":true}]}}