{"id":14140,"date":"2021-01-10T13:42:00","date_gmt":"2021-01-10T18:42:00","guid":{"rendered":"http:\/\/www.clubdescollectionneursenartsvisuelsdequebec.com\/?p=14140"},"modified":"2021-01-19T12:16:28","modified_gmt":"2021-01-19T17:16:28","slug":"100-artistes-pour-une-sante-mentale-sans-tabou","status":"publish","type":"post","link":"https:\/\/galeriebecot.com\/?p=14140","title":{"rendered":"100 artistes pour une sant\u00e9 mentale sans tabou."},"content":{"rendered":"\n<figure class=\"wp-block-image size-large is-resized\"><a href=\"https:\/\/coupsdepinceauxcoupsdeciseaux.com\/collections\/100-artistes\/products\/make-a-daydream-great-again-8x10\"><img loading=\"lazy\" decoding=\"async\" src=\"https:\/\/www.galeriebecot.com\/wp-content\/uploads\/2021\/01\/Reprise-Artiste-2-1024x485.jpg\" alt=\"\" class=\"wp-image-14147\" width=\"580\" height=\"274\" srcset=\"https:\/\/galeriebecot.com\/wp-content\/uploads\/2021\/01\/Reprise-Artiste-2-1024x485.jpg 1024w, https:\/\/galeriebecot.com\/wp-content\/uploads\/2021\/01\/Reprise-Artiste-2-300x142.jpg 300w, https:\/\/galeriebecot.com\/wp-content\/uploads\/2021\/01\/Reprise-Artiste-2-768x364.jpg 768w, https:\/\/galeriebecot.com\/wp-content\/uploads\/2021\/01\/Reprise-Artiste-2.jpg 1440w\" sizes=\"auto, (max-width: 580px) 100vw, 580px\" \/><\/a><\/figure>\n\n\n\n<figure class=\"wp-block-image size-large\"><a href=\"https:\/\/www.franceculture.fr\/emissions\/le-reveil-culturel\/anael-pigeat-le-sens-des-oeuvres-dart-cest-avant-tout-de-les-voir-avec-nos-yeux-et-nos-corps?utm_medium=Social&amp;utm_source=Facebook&amp;fbclid=IwAR119q8asBckH-0ZiEylqGTxfGsVMPRrmIZC4uR-_C_ZC5tzH2ibC-QUOFs#Echobox=1610972027\"><img loading=\"lazy\" decoding=\"async\" width=\"720\" height=\"336\" src=\"https:\/\/www.galeriebecot.com\/wp-content\/uploads\/2021\/01\/Art-Ecran.jpg\" alt=\"\" class=\"wp-image-14168\" srcset=\"https:\/\/galeriebecot.com\/wp-content\/uploads\/2021\/01\/Art-Ecran.jpg 720w, https:\/\/galeriebecot.com\/wp-content\/uploads\/2021\/01\/Art-Ecran-300x140.jpg 300w\" sizes=\"auto, (max-width: 720px) 100vw, 720px\" \/><\/a><figcaption>Comment la pand\u00e9mie red\u00e9finit les r\u00f4les des Mus\u00e9es et des Galeries d&rsquo;Art.<\/figcaption><\/figure>\n\n\n\n<figure class=\"wp-block-image size-large\"><a href=\"https:\/\/coupsdepinceauxcoupsdeciseaux.com\/collections\/100-artistes\"><img loading=\"lazy\" decoding=\"async\" width=\"1024\" height=\"1006\" src=\"https:\/\/www.galeriebecot.com\/wp-content\/uploads\/2021\/01\/100-artistes-1-1024x1006.jpg\" alt=\"\" class=\"wp-image-14145\" srcset=\"https:\/\/galeriebecot.com\/wp-content\/uploads\/2021\/01\/100-artistes-1-1024x1006.jpg 1024w, https:\/\/galeriebecot.com\/wp-content\/uploads\/2021\/01\/100-artistes-1-300x295.jpg 300w, https:\/\/galeriebecot.com\/wp-content\/uploads\/2021\/01\/100-artistes-1-768x754.jpg 768w, https:\/\/galeriebecot.com\/wp-content\/uploads\/2021\/01\/100-artistes-1.jpg 1512w\" sizes=\"auto, (max-width: 1024px) 100vw, 1024px\" \/><\/a><figcaption><br><\/figcaption><\/figure>\n\n\n\n<h3 class=\"wp-block-heading\">Description du projet :<\/h3>\n\n\n\n<p class=\"wp-block-paragraph\">La Galerie Coups de pinceaux coups de ciseaux est un organisme \u00e0 but non lucratif qui a pour mission d\u2019offrir des coupes de cheveux \u00e0 des gens dans le besoin.<\/p>\n\n\n\n<p class=\"wp-block-paragraph\">Pour son projet, l\u2019organisme s\u2019associe avec le salon de coiffure Cam &amp; Roro et a d\u00e9ja une entente avec la clinique JAP, qui s\u2019occupe de la d\u00e9tection et du traitement pr\u00e9coces de la psychose de jeune entre 18 et 35 ans.<\/p>\n\n\n\n<p class=\"wp-block-paragraph\">Coups pinceaux coups ciseaux finance ses activit\u00e9s par la vente de toiles \u00e0 la galerie situ\u00e9e au 4603 boulevard St-Laurent ou <a target=\"_blank\" href=\"https:\/\/www.coupsdepinceauxcoupsdeciseaux.com\/\" rel=\"noreferrer noopener\">www.coupsdepinceauxcoupsdeciseaux.com<\/a><\/p>\n\n\n\n<p class=\"wp-block-paragraph\">Au plaisir!<\/p>\n\n\n\n<h3 class=\"wp-block-heading\">Origine du projet :<\/h3>\n\n\n\n<p class=\"wp-block-paragraph\">Souvent, lorsqu\u2019on souffre d&rsquo;un trouble de sant\u00e9 mentale, les soins esth\u00e9tiques ne sont plus une priorit\u00e9. Pourtant, ces soins peuvent faire augmenter la confiance en soi et le bien-\u00eatre. Puisqu&rsquo;il s&rsquo;agit d&rsquo;une initiative favorisant la r\u00e9insertion sociale, les personnes doivent communiquer avec nous par elles-m\u00eames dans la mesure du possible.<\/p>\n\n\n\n<h3 class=\"wp-block-heading\">\u00c0 quoi servira le montant demand\u00e9?<\/h3>\n\n\n\n<ul class=\"wp-block-list\"><li>nouveaux&nbsp;syst\u00e8me d&rsquo;accrochage<\/li><li>maintenance et gestion de la boutique et du site internet<\/li><li>offrir le plus de coupe de cheveux possible<\/li><\/ul>\n\n\n\n<h4 class=\"wp-block-heading\">Suivez-nous :<\/h4>\n\n\n\n<p class=\"wp-block-paragraph\"><a target=\"_blank\" href=\"https:\/\/www.facebook.com\/coupsdepinceauxcoupsdeciseaux\" rel=\"noreferrer noopener\">Facebook<\/a><\/p>\n\n\n\n<figure class=\"wp-block-embed-youtube wp-block-embed is-type-video is-provider-youtube wp-embed-aspect-16-9 wp-has-aspect-ratio\"><div class=\"wp-block-embed__wrapper\">\n<iframe loading=\"lazy\" title=\"coups de pinceaux coups de ciseaux\" width=\"700\" height=\"394\" src=\"https:\/\/www.youtube.com\/embed\/jLoqRKlau1Q?feature=oembed\" frameborder=\"0\" allow=\"accelerometer; autoplay; clipboard-write; encrypted-media; gyroscope; picture-in-picture\" allowfullscreen><\/iframe>\n<\/div><\/figure>\n\n\n\n<figure class=\"wp-block-image size-large\"><a href=\"https:\/\/www.985fm.ca\/audio\/361438\/coups-de-pinceaux-coups-de-ciseaux-entrevue-avec-gabriel-julien\"><img loading=\"lazy\" decoding=\"async\" width=\"1024\" height=\"238\" src=\"https:\/\/www.galeriebecot.com\/wp-content\/uploads\/2021\/01\/Entrevue-1024x238.jpg\" alt=\"\" class=\"wp-image-14149\" srcset=\"https:\/\/galeriebecot.com\/wp-content\/uploads\/2021\/01\/Entrevue-1024x238.jpg 1024w, https:\/\/galeriebecot.com\/wp-content\/uploads\/2021\/01\/Entrevue-300x70.jpg 300w, https:\/\/galeriebecot.com\/wp-content\/uploads\/2021\/01\/Entrevue-768x179.jpg 768w, https:\/\/galeriebecot.com\/wp-content\/uploads\/2021\/01\/Entrevue.jpg 1440w\" sizes=\"auto, (max-width: 1024px) 100vw, 1024px\" \/><\/a><\/figure>\n\n\n\n<figure class=\"wp-block-embed-youtube wp-block-embed is-type-video is-provider-youtube wp-embed-aspect-16-9 wp-has-aspect-ratio\"><div class=\"wp-block-embed__wrapper\">\n<iframe loading=\"lazy\" title=\"100 artistes pour une sant\u00e9 mentale sans tabou!\" width=\"700\" height=\"394\" src=\"https:\/\/www.youtube.com\/embed\/AScQTde7epc?feature=oembed\" frameborder=\"0\" allow=\"accelerometer; autoplay; clipboard-write; encrypted-media; gyroscope; picture-in-picture\" allowfullscreen><\/iframe>\n<\/div><\/figure>\n\n\n\n<figure class=\"wp-block-embed-youtube wp-block-embed is-type-video is-provider-youtube wp-embed-aspect-4-3 wp-has-aspect-ratio\"><div class=\"wp-block-embed__wrapper\">\n<iframe loading=\"lazy\" title=\"100 artist for a mental health without stigma\" width=\"700\" height=\"525\" src=\"https:\/\/www.youtube.com\/embed\/G0VejUPrj4I?feature=oembed\" frameborder=\"0\" allow=\"accelerometer; autoplay; clipboard-write; encrypted-media; gyroscope; picture-in-picture\" allowfullscreen><\/iframe>\n<\/div><\/figure>\n\n\n\n<figure class=\"wp-block-image size-large\"><a href=\"https:\/\/www.artsetculture.ca\/coups-de-pinceaux-coups-de-ciseaux\/\"><img loading=\"lazy\" decoding=\"async\" width=\"696\" height=\"1024\" src=\"https:\/\/www.galeriebecot.com\/wp-content\/uploads\/2021\/01\/coups-1-696x1024.jpg\" alt=\"\" class=\"wp-image-14165\" srcset=\"https:\/\/galeriebecot.com\/wp-content\/uploads\/2021\/01\/coups-1-696x1024.jpg 696w, https:\/\/galeriebecot.com\/wp-content\/uploads\/2021\/01\/coups-1-204x300.jpg 204w, https:\/\/galeriebecot.com\/wp-content\/uploads\/2021\/01\/coups-1-768x1130.jpg 768w, https:\/\/galeriebecot.com\/wp-content\/uploads\/2021\/01\/coups-1-1044x1536.jpg 1044w, https:\/\/galeriebecot.com\/wp-content\/uploads\/2021\/01\/coups-1.jpg 1080w\" sizes=\"auto, (max-width: 696px) 100vw, 696px\" \/><\/a><\/figure>\n\n\n<p>[everwpvisitcounter] depuis le 15 janvier 2021<\/p>","protected":false},"excerpt":{"rendered":"<p>Description du projet : La Galerie Coups de pinceaux coups de ciseaux est un organisme \u00e0 but non lucratif qui a pour mission d\u2019offrir des coupes de cheveux \u00e0 des&hellip; <\/p>\n","protected":false},"author":1,"featured_media":0,"comment_status":"open","ping_status":"open","sticky":false,"template":"","format":"standard","meta":{"_exactmetrics_skip_tracking":false,"_exactmetrics_sitenote_active":false,"_exactmetrics_sitenote_note":"","_exactmetrics_sitenote_category":0,"footnotes":""},"categories":[1],"tags":[3823,3782,34,3726,3713,3740,3725,3749,3778,750,3809,3750,3746,3721,3793,3730,3804,3818,3796,3769,3789,3775,3751,3753,3757,3822,3825,3797,3811,3802,3724,3758,3767,3755,3817,3771,3766,3801,2356,3738,3723,3760,3813,3777,3752,3821,38,3824,3732,3763,3741,3776,3742,3747,3762,3727,3819,3739,3803,3791,3815,3790,3808,3816,3807,3743,3826,3731,3759,3779,3800,3729,3764,3806,3783,3798,3754,58,3810,3805,3780,3722,3737,3765,3787,3814,3733,3812,3770,3786,3745,3792,3785,3774,3784,3744,3799,3773,3772,3748,3728,3795,3736,3756,3781,3768,3761,3734,3794,3788,3735,3820],"class_list":["post-14140","post","type-post","status-publish","format-standard","hentry","category-non-classe","tag-98-5-montreal","tag-alloach-hamen","tag-andre-becot","tag-asselin-nathalie","tag-atelier-studio-becot","tag-auclair-caroline","tag-bastien-manon","tag-beaudouin-myriame","tag-beaupre-nathalie","tag-becot-andre","tag-becourt-romain","tag-bellefeuille-rene","tag-bertrand-jerome","tag-besancon-veronique","tag-blanche-elindre","tag-bouchard-johanne","tag-bouffard-jesse","tag-boulet-kivi","tag-boyer-caroline","tag-burton-kathleen","tag-campbell-mosckop-colette","tag-cantin-monique","tag-chabib-dominic","tag-charbonneau-marie","tag-charles-richard","tag-clinique-jap","tag-coiffure-cam-roro","tag-cote-isabelle","tag-crokett-roxanne","tag-cyr-josianne","tag-des-ormeaux-danielle","tag-desaultel-robert","tag-deschamps-sonya","tag-donne-cyrille","tag-doucet-etienne","tag-doucet-patricia","tag-dubois-caro","tag-ducal-mc","tag-dumas-stephanie","tag-emond-francois","tag-falcon-doina","tag-faria-claudia","tag-fillion-stephanie","tag-francoeur-josee","tag-fromentin-stephanie","tag-gabriel-julien","tag-galerie-becot","tag-galerie-coups-de-pinceaux-coups-de-ciseaux","tag-gelinas-pierre-hugue","tag-giannetti-line","tag-goddard-nathalie","tag-gold-samantha","tag-graziano-mauro","tag-gross-peruchaud-virginie","tag-guay-caroline","tag-hoffman-melisa","tag-johnson-nancy","tag-kardinal-benoit","tag-klim-pat","tag-lacroix-claudel","tag-lacroix-rejean","tag-laforest-line","tag-lafortune-marcia","tag-lagauche-virginie","tag-lamarre-adeline","tag-lapointe-diane","tag-laruche","tag-lebeau-marie-odile","tag-leblanc-shany","tag-leclerc-murray-stephanie","tag-leduc-mathieu","tag-leger-emilie","tag-legrand-fabienne","tag-liux-angele","tag-luttinger-linda","tag-magnan-miriam","tag-maltais-virginie","tag-marc-bellemare-collectionneur","tag-marineau-noeline","tag-muller-ani","tag-nabonne-nicolas","tag-noiseux-line","tag-odonnat-natacha","tag-p-juliet-ana","tag-paquette-nathalie","tag-peloquin-fred","tag-pereira-crystel","tag-peterson-kelly","tag-poirier-marie-eve","tag-poudrier-luc","tag-ramos-carolina","tag-raymond-richard","tag-ricard-jessica","tag-richard-sylvie","tag-riopelle-louis-philippe","tag-robin-agnes","tag-rolinson-sarah","tag-romanovici-maggie","tag-ross-noemie","tag-santerre-sylvie","tag-stanislawiak-ameli","tag-tanguay-nathalie","tag-tanguay-verreault-alexandra","tag-thoer-anik","tag-thomas-marie-josee","tag-tringa-khadija","tag-turcotte-pierre","tag-vaillant-vanessa","tag-valade-ariane","tag-vandoun-thomas","tag-veillette-sandra","tag-xavier-francois"],"_links":{"self":[{"href":"https:\/\/galeriebecot.com\/index.php?rest_route=\/wp\/v2\/posts\/14140","targetHints":{"allow":["GET"]}}],"collection":[{"href":"https:\/\/galeriebecot.com\/index.php?rest_route=\/wp\/v2\/posts"}],"about":[{"href":"https:\/\/galeriebecot.com\/index.php?rest_route=\/wp\/v2\/types\/post"}],"author":[{"embeddable":true,"href":"https:\/\/galeriebecot.com\/index.php?rest_route=\/wp\/v2\/users\/1"}],"replies":[{"embeddable":true,"href":"https:\/\/galeriebecot.com\/index.php?rest_route=%2Fwp%2Fv2%2Fcomments&post=14140"}],"version-history":[{"count":19,"href":"https:\/\/galeriebecot.com\/index.php?rest_route=\/wp\/v2\/posts\/14140\/revisions"}],"predecessor-version":[{"id":14170,"href":"https:\/\/galeriebecot.com\/index.php?rest_route=\/wp\/v2\/posts\/14140\/revisions\/14170"}],"wp:attachment":[{"href":"https:\/\/galeriebecot.com\/index.php?rest_route=%2Fwp%2Fv2%2Fmedia&parent=14140"}],"wp:term":[{"taxonomy":"category","embeddable":true,"href":"https:\/\/galeriebecot.com\/index.php?rest_route=%2Fwp%2Fv2%2Fcategories&post=14140"},{"taxonomy":"post_tag","embeddable":true,"href":"https:\/\/galeriebecot.com\/index.php?rest_route=%2Fwp%2Fv2%2Ftags&post=14140"}],"curies":[{"name":"wp","href":"https:\/\/api.w.org\/{rel}","templated":true}]}}