{"id":1409,"date":"2017-09-25T15:29:19","date_gmt":"2017-09-25T19:29:19","guid":{"rendered":"http:\/\/www.clubdescollectionneursenartsvisuelsdequebec.com\/?p=1409"},"modified":"2022-07-05T18:06:46","modified_gmt":"2022-07-05T22:06:46","slug":"jocelyn-gasse","status":"publish","type":"post","link":"https:\/\/galeriebecot.com\/?p=1409","title":{"rendered":"Francine Vernac &#038; Gabriel Lalonde exposent au Mus\u00e9e Marius Barbeau"},"content":{"rendered":"\n<p class=\"wp-block-paragraph\">Madame Marie Cliche, les membres du conseil d&rsquo;administration et Monsieur Jean Philippe Bolduc vous invitent \u00e0 visiter l&rsquo;exposition_ Des signes d&rsquo;humains_  Bienvenue \u00e0 tous !<\/p>\n\n\n\n<figure class=\"wp-block-image size-large\"><a href=\"https:\/\/www.galeriebecot.com\/wp-content\/uploads\/2022\/07\/Vernac-scaled.jpg\"><img loading=\"lazy\" decoding=\"async\" width=\"1024\" height=\"989\" src=\"https:\/\/www.galeriebecot.com\/wp-content\/uploads\/2022\/07\/Vernac-1024x989.jpg\" alt=\"\" class=\"wp-image-16140\" srcset=\"https:\/\/galeriebecot.com\/wp-content\/uploads\/2022\/07\/Vernac-1024x989.jpg 1024w, https:\/\/galeriebecot.com\/wp-content\/uploads\/2022\/07\/Vernac-300x290.jpg 300w, https:\/\/galeriebecot.com\/wp-content\/uploads\/2022\/07\/Vernac-768x742.jpg 768w, https:\/\/galeriebecot.com\/wp-content\/uploads\/2022\/07\/Vernac-1536x1484.jpg 1536w, https:\/\/galeriebecot.com\/wp-content\/uploads\/2022\/07\/Vernac-2048x1979.jpg 2048w\" sizes=\"auto, (max-width: 1024px) 100vw, 1024px\" \/><\/a><\/figure>\n\n\n<p><a href=\"https:\/\/www.museemariusbarbeau.com\/fr\/exposition\/en-ces-temps-de-tourmente\/\"><img loading=\"lazy\" decoding=\"async\" class=\"alignnone size-full wp-image-7592\" src=\"https:\/\/www.galeriebecot.com\/wp-content\/uploads\/2013\/12\/Jocelyn-Gasse.jpg\" alt=\"\" width=\"715\" height=\"719\" srcset=\"https:\/\/galeriebecot.com\/wp-content\/uploads\/2013\/12\/Jocelyn-Gasse.jpg 715w, https:\/\/galeriebecot.com\/wp-content\/uploads\/2013\/12\/Jocelyn-Gasse-150x150.jpg 150w, https:\/\/galeriebecot.com\/wp-content\/uploads\/2013\/12\/Jocelyn-Gasse-298x300.jpg 298w\" sizes=\"auto, (max-width: 715px) 100vw, 715px\" \/><\/a><\/p>\n<p>Monsieur Jean-Marc Labb\u00e9, pr\u00e9sident du Mus\u00e9e Marieu-Barbeau et les membres<\/p>\n<p>du conseil d&rsquo;administration vous invitent au vernissage de l&rsquo;exposition:<\/p>\n<p><strong>EN CES TEMPS DE TOURMENTE&#8230;<\/strong><\/p>\n<p>En pr\u00e9sence de l&rsquo;artiste Jocelyn Gasse<\/p>\n<p>le dimanche 15 octobre de 13h30 \u00e0 16h00<\/p>\n<p>Au mus\u00e9e Marius Barbeau<\/p>\n<p>139, rue Ste-Christine Saint-Joseph-de-beauce<\/p>\n<p>L&rsquo;exposition se poursuit jusqu&rsquo;au 7 janvier 2018<\/p>\n<p><\/p>\n<p>Invitation au vernissage de Jocelyn Gasse le 10 D\u00e9cembre, \u00e0 l&rsquo;espace parenth\u00e8ses,galerie du c\u00e9gep de Sainte Foy<\/p>\n<p><\/p>\n<p><a href=\"https:\/\/www.galeriebecot.com\/wp-content\/uploads\/2013\/12\/Cegep-Gasse.jpg\"><img loading=\"lazy\" decoding=\"async\" class=\"alignnone size-full wp-image-1410\" src=\"https:\/\/www.galeriebecot.com\/wp-content\/uploads\/2013\/12\/Cegep-Gasse.jpg\" alt=\"Cegep Gasse\" width=\"720\" height=\"450\" srcset=\"https:\/\/galeriebecot.com\/wp-content\/uploads\/2013\/12\/Cegep-Gasse.jpg 720w, https:\/\/galeriebecot.com\/wp-content\/uploads\/2013\/12\/Cegep-Gasse-300x187.jpg 300w\" sizes=\"auto, (max-width: 720px) 100vw, 720px\" \/><\/a><\/p>","protected":false},"excerpt":{"rendered":"<p>Madame Marie Cliche, les membres du conseil d&rsquo;administration et Monsieur Jean Philippe Bolduc vous invitent \u00e0 visiter l&rsquo;exposition_ Des signes d&rsquo;humains_ Bienvenue \u00e0 tous ! Monsieur Jean-Marc Labb\u00e9, pr\u00e9sident du&hellip; <\/p>\n","protected":false},"author":1,"featured_media":0,"comment_status":"open","ping_status":"open","sticky":false,"template":"","format":"standard","meta":{"_exactmetrics_skip_tracking":false,"_exactmetrics_sitenote_active":false,"_exactmetrics_sitenote_note":"","_exactmetrics_sitenote_category":0,"footnotes":""},"categories":[27,17,18,21,19],"tags":[34,735,84,83,991,984,82,3553,1553,77,58,4179,673,4180,37,40],"class_list":["post-1409","post","type-post","status-publish","format-standard","hentry","category-artistes","category-conference","category-evenement","category-vente-aux-encheres-doeuvres-dart","category-vernissage","tag-andre-becot","tag-artistes","tag-arts-actuels","tag-club-des-collectionneurs-aen-arts-visuels-de-quebec","tag-francine-vernac","tag-gabriel-lalonde","tag-gasse","tag-jean-philippe-bolduc","tag-jean-marc-labbe","tag-jocelyn-gasse","tag-marc-bellemare-collectionneur","tag-marie-cliche","tag-musee-marius-barbeau","tag-saint-joseph-de-beauce","tag-studio-becot","tag-visuals-arts"],"_links":{"self":[{"href":"https:\/\/galeriebecot.com\/index.php?rest_route=\/wp\/v2\/posts\/1409","targetHints":{"allow":["GET"]}}],"collection":[{"href":"https:\/\/galeriebecot.com\/index.php?rest_route=\/wp\/v2\/posts"}],"about":[{"href":"https:\/\/galeriebecot.com\/index.php?rest_route=\/wp\/v2\/types\/post"}],"author":[{"embeddable":true,"href":"https:\/\/galeriebecot.com\/index.php?rest_route=\/wp\/v2\/users\/1"}],"replies":[{"embeddable":true,"href":"https:\/\/galeriebecot.com\/index.php?rest_route=%2Fwp%2Fv2%2Fcomments&post=1409"}],"version-history":[{"count":7,"href":"https:\/\/galeriebecot.com\/index.php?rest_route=\/wp\/v2\/posts\/1409\/revisions"}],"predecessor-version":[{"id":16144,"href":"https:\/\/galeriebecot.com\/index.php?rest_route=\/wp\/v2\/posts\/1409\/revisions\/16144"}],"wp:attachment":[{"href":"https:\/\/galeriebecot.com\/index.php?rest_route=%2Fwp%2Fv2%2Fmedia&parent=1409"}],"wp:term":[{"taxonomy":"category","embeddable":true,"href":"https:\/\/galeriebecot.com\/index.php?rest_route=%2Fwp%2Fv2%2Fcategories&post=1409"},{"taxonomy":"post_tag","embeddable":true,"href":"https:\/\/galeriebecot.com\/index.php?rest_route=%2Fwp%2Fv2%2Ftags&post=1409"}],"curies":[{"name":"wp","href":"https:\/\/api.w.org\/{rel}","templated":true}]}}