{"id":1398,"date":"2018-02-20T00:32:54","date_gmt":"2018-02-20T05:32:54","guid":{"rendered":"http:\/\/www.clubdescollectionneursenartsvisuelsdequebec.com\/?p=1398"},"modified":"2018-05-04T10:29:13","modified_gmt":"2018-05-04T14:29:13","slug":"historique","status":"publish","type":"post","link":"https:\/\/galeriebecot.com\/?p=1398","title":{"rendered":"Historique"},"content":{"rendered":"<p>&nbsp;<\/p>\n<p><a href=\"https:\/\/www.galeriebecot.com\/wp-content\/uploads\/2018\/02\/Club-Historique.jpg\"><img loading=\"lazy\" decoding=\"async\" class=\"alignnone size-full wp-image-8335\" src=\"https:\/\/www.galeriebecot.com\/wp-content\/uploads\/2018\/02\/Club-Historique.jpg\" alt=\"\" width=\"805\" height=\"741\" srcset=\"https:\/\/galeriebecot.com\/wp-content\/uploads\/2018\/02\/Club-Historique.jpg 805w, https:\/\/galeriebecot.com\/wp-content\/uploads\/2018\/02\/Club-Historique-300x276.jpg 300w, https:\/\/galeriebecot.com\/wp-content\/uploads\/2018\/02\/Club-Historique-768x707.jpg 768w\" sizes=\"auto, (max-width: 805px) 100vw, 805px\" \/><\/a><\/p>\n<p>Le club a \u00e9t\u00e9 fond\u00e9 en septembre 2004 par Marc Bellemare et Jean Gaudreau. Font actuellement partie du comit\u00e9 de programmation 2018, Marc Bellemare, Carole Charette, Andr\u00e9 B\u00e9cot, Bernard Houde, Michel Parent, Serge-Philippe Tremblay \u00a0et Alain Sanson.<\/p>\n<p>Depuis 2004,des centaines d&rsquo;amateurs d&rsquo;art,de collectionneurs,d&rsquo;artistes en arts visuels,de critiques et de galeristes ont assist\u00e9 aux conf\u00e9rences GRATUITES pr\u00e9sent\u00e9es par le club.<\/p>\n<p>FAITES COMME EUX et assistez \u00e0 nos conf\u00e9rences.<\/p>\n<p><a href=\"https:\/\/www.galeriebecot.com\/wp-content\/uploads\/2014\/05\/images2.jpg\"><img loading=\"lazy\" decoding=\"async\" class=\"alignnone size-full wp-image-2159\" src=\"https:\/\/www.galeriebecot.com\/wp-content\/uploads\/2014\/05\/images2.jpg\" alt=\"images2\" width=\"600\" height=\"33\" srcset=\"https:\/\/galeriebecot.com\/wp-content\/uploads\/2014\/05\/images2.jpg 600w, https:\/\/galeriebecot.com\/wp-content\/uploads\/2014\/05\/images2-300x16.jpg 300w\" sizes=\"auto, (max-width: 600px) 100vw, 600px\" \/><\/a><\/p>\n<p>Liste des artistes conf\u00e9renciers, invit\u00e9s par le club, depuis 2004.<\/p>\n<p>* Alleyn * Barbeau * B\u00e9cot * BGL\u00a0* B\u00e9liveau * Bellefleur * Bonet * Bureau* Cornet * C\u00f4t\u00e9 * Darby \u00a0* De la Torre * Derouin * Drouillard * Gagnon * Garneau * Gasse * Gaudreau * Goodwyn * Heward * Houd\u00e9* Lachance \u00a0* Lamothe * Leduc* Lemieux * Nathaly Lessard\u00a0\u00a0* Mc Ewen * Mill \u00a0\u00a0*Morin *\u00a0P\u00e9loquin * Riopelle * Rousseau * S\u00e9guin * Simard * Sullivan * Tousignant * Vaillancourt\u00a0* Vincent<\/p>\n<p><a href=\"https:\/\/www.galeriebecot.com\/wp-content\/uploads\/2014\/05\/images2.jpg\"><img loading=\"lazy\" decoding=\"async\" class=\"alignnone size-full wp-image-2159\" src=\"https:\/\/www.galeriebecot.com\/wp-content\/uploads\/2014\/05\/images2.jpg\" alt=\"images2\" width=\"600\" height=\"33\" srcset=\"https:\/\/galeriebecot.com\/wp-content\/uploads\/2014\/05\/images2.jpg 600w, https:\/\/galeriebecot.com\/wp-content\/uploads\/2014\/05\/images2-300x16.jpg 300w\" sizes=\"auto, (max-width: 600px) 100vw, 600px\" \/><\/a><\/p>\n<p>Pour de plus amples informations:<\/p>\n<p>Marc Bellemare (418) 681-1227<\/p>\n<p>Andr\u00e9 B\u00e9cot,Galerie et Studio (418) 559-6816<\/p>\n<p>344 rue St.-H\u00e9l\u00e8ne Qu\u00e9bec,G1k3L7<br \/>\n<script>\/\/ <![CDATA[ (function(i,s,o,g,r,a,m){i['GoogleAnalyticsObject']=r;i[r]=i[r]||function(){ (i[r].q=i[r].q||[]).push(arguments)},i[r].l=1*new Date();a=s.createElement(o), m=s.getElementsByTagName(o)[0];a.async=1;a.src=g;m.parentNode.insertBefore(a,m) })(window,document,'script','\/\/www.google-analytics.com\/analytics.js','ga'); ga('create', 'UA-51414716-1', 'galeriebecot.com'); ga('send', 'pageview'); \/\/ ]]><\/script><\/p>\n","protected":false},"excerpt":{"rendered":"<p>&nbsp; Le club a \u00e9t\u00e9 fond\u00e9 en septembre 2004 par Marc Bellemare et Jean Gaudreau. Font actuellement partie du comit\u00e9 de programmation 2018, Marc Bellemare, Carole Charette, Andr\u00e9 B\u00e9cot, Bernard&hellip; <\/p>\n","protected":false},"author":1,"featured_media":0,"comment_status":"open","ping_status":"open","sticky":false,"template":"","format":"standard","meta":{"_exactmetrics_skip_tracking":false,"_exactmetrics_sitenote_active":false,"_exactmetrics_sitenote_note":"","_exactmetrics_sitenote_category":0,"footnotes":""},"categories":[20,27,17,29],"tags":[102,34,701,101,100,66,172,173,33,58,882,37,45,40],"class_list":["post-1398","post","type-post","status-publish","format-standard","hentry","category-article-descriptif","category-artistes","category-conference","category-journaux","tag-alain-sanson","tag-andre-becot","tag-andre-becotte","tag-bernard-houde","tag-carole-charette","tag-club-des-collectionneurs-en-arts-visuels-de-quebec-studio-becot","tag-conference-2","tag-foire-en-art-actuel","tag-marc-bellemare","tag-marc-bellemare-collectionneur","tag-michel-parent","tag-studio-becot","tag-visual-art","tag-visuals-arts"],"_links":{"self":[{"href":"https:\/\/galeriebecot.com\/index.php?rest_route=\/wp\/v2\/posts\/1398","targetHints":{"allow":["GET"]}}],"collection":[{"href":"https:\/\/galeriebecot.com\/index.php?rest_route=\/wp\/v2\/posts"}],"about":[{"href":"https:\/\/galeriebecot.com\/index.php?rest_route=\/wp\/v2\/types\/post"}],"author":[{"embeddable":true,"href":"https:\/\/galeriebecot.com\/index.php?rest_route=\/wp\/v2\/users\/1"}],"replies":[{"embeddable":true,"href":"https:\/\/galeriebecot.com\/index.php?rest_route=%2Fwp%2Fv2%2Fcomments&post=1398"}],"version-history":[{"count":57,"href":"https:\/\/galeriebecot.com\/index.php?rest_route=\/wp\/v2\/posts\/1398\/revisions"}],"predecessor-version":[{"id":8654,"href":"https:\/\/galeriebecot.com\/index.php?rest_route=\/wp\/v2\/posts\/1398\/revisions\/8654"}],"wp:attachment":[{"href":"https:\/\/galeriebecot.com\/index.php?rest_route=%2Fwp%2Fv2%2Fmedia&parent=1398"}],"wp:term":[{"taxonomy":"category","embeddable":true,"href":"https:\/\/galeriebecot.com\/index.php?rest_route=%2Fwp%2Fv2%2Fcategories&post=1398"},{"taxonomy":"post_tag","embeddable":true,"href":"https:\/\/galeriebecot.com\/index.php?rest_route=%2Fwp%2Fv2%2Ftags&post=1398"}],"curies":[{"name":"wp","href":"https:\/\/api.w.org\/{rel}","templated":true}]}}