{"id":1387,"date":"2013-11-26T15:01:58","date_gmt":"2013-11-26T20:01:58","guid":{"rendered":"http:\/\/www.clubdescollectionneursenartsvisuelsdequebec.com\/?p=1387"},"modified":"2013-11-26T15:15:56","modified_gmt":"2013-11-26T20:15:56","slug":"van-gogh-la-nuit-etoilee","status":"publish","type":"post","link":"https:\/\/galeriebecot.com\/?p=1387","title":{"rendered":"Van-Gogh, La nuit \u00e9toil\u00e9e"},"content":{"rendered":"<audio class=\"wp-audio-shortcode\" id=\"audio-1387-1\" preload=\"none\" style=\"width: 100%;\" controls=\"controls\"><source type=\"audio\/mpeg\" src=\"https:\/\/www.galeriebecot.com\/wp-content\/uploads\/2013\/11\/van-gogh-astro.mp3?_=1\" \/><a href=\"https:\/\/www.galeriebecot.com\/wp-content\/uploads\/2013\/11\/van-gogh-astro.mp3\">https:\/\/www.galeriebecot.com\/wp-content\/uploads\/2013\/11\/van-gogh-astro.mp3<\/a><\/audio>\n<p><a href=\"https:\/\/www.galeriebecot.com\/wp-content\/uploads\/2013\/11\/Van1.jpg\"><img loading=\"lazy\" decoding=\"async\" class=\"alignnone size-full wp-image-1391\" alt=\"Van1\" src=\"https:\/\/www.galeriebecot.com\/wp-content\/uploads\/2013\/11\/Van1.jpg\" width=\"601\" height=\"472\" srcset=\"https:\/\/galeriebecot.com\/wp-content\/uploads\/2013\/11\/Van1.jpg 601w, https:\/\/galeriebecot.com\/wp-content\/uploads\/2013\/11\/Van1-300x235.jpg 300w\" sizes=\"auto, (max-width: 601px) 100vw, 601px\" \/><\/a><\/p>\n<p><a title=\"Les ann\u00e9es lumi\u00e8re\" href=\"http:\/\/www.crm.umontreal.ca\/~durand\/van-gogh-astro.html\">\u00a0Chronique \u00e0 Radio Canada<\/a><\/p>\n<p><a href=\"https:\/\/www.galeriebecot.com\/wp-content\/uploads\/2013\/11\/van2.png\"><img loading=\"lazy\" decoding=\"async\" class=\"alignnone size-full wp-image-1392\" alt=\"van2\" src=\"https:\/\/www.galeriebecot.com\/wp-content\/uploads\/2013\/11\/van2.png\" width=\"786\" height=\"595\" srcset=\"https:\/\/galeriebecot.com\/wp-content\/uploads\/2013\/11\/van2.png 786w, https:\/\/galeriebecot.com\/wp-content\/uploads\/2013\/11\/van2-300x227.png 300w\" sizes=\"auto, (max-width: 786px) 100vw, 786px\" \/><\/a><\/p>\n<p>La science peut aussi \u00eatre ludique. St\u00e9phane Durand du Centre de recherches math\u00e9matiques de l&rsquo;Universit\u00e9 de Montr\u00e9al pr\u00e9sente des faits de science qui d\u00e9rident, \u00e9tonnent, d\u00e9coiffent m\u00eame. Cette semaine :\u00a0<em>La nuit \u00e9toil\u00e9e\u00a0<\/em>de Vincent Van Gogh.<\/p>\n<p><a href=\"https:\/\/www.galeriebecot.com\/wp-content\/uploads\/2013\/11\/van3.png\"><img loading=\"lazy\" decoding=\"async\" class=\"alignnone size-full wp-image-1393\" alt=\"van3\" src=\"https:\/\/www.galeriebecot.com\/wp-content\/uploads\/2013\/11\/van3.png\" width=\"284\" height=\"256\" \/><\/a><\/p>\n","protected":false},"excerpt":{"rendered":"<p>\u00a0Chronique \u00e0 Radio Canada La science peut aussi \u00eatre ludique. St\u00e9phane Durand du Centre de recherches math\u00e9matiques de l&rsquo;Universit\u00e9 de Montr\u00e9al pr\u00e9sente des faits de science qui d\u00e9rident, \u00e9tonnent, d\u00e9coiffent&hellip; <\/p>\n","protected":false},"author":1,"featured_media":0,"comment_status":"open","ping_status":"open","sticky":false,"template":"","format":"standard","meta":{"_exactmetrics_skip_tracking":false,"_exactmetrics_sitenote_active":false,"_exactmetrics_sitenote_note":"","_exactmetrics_sitenote_category":0,"footnotes":""},"categories":[20],"tags":[34,44,735,43,5,47,28,67,38,81,80],"class_list":["post-1387","post","type-post","status-publish","format-standard","hentry","category-article-descriptif","tag-andre-becot","tag-artiste","tag-artistes","tag-arts-visuels","tag-becot","tag-becot-artiste","tag-bellemare","tag-club-des-collectionneurs-en-arts-visuels-de-quebec-marc-bellemare","tag-galerie-becot","tag-radio-canada","tag-van-gogh"],"_links":{"self":[{"href":"https:\/\/galeriebecot.com\/index.php?rest_route=\/wp\/v2\/posts\/1387","targetHints":{"allow":["GET"]}}],"collection":[{"href":"https:\/\/galeriebecot.com\/index.php?rest_route=\/wp\/v2\/posts"}],"about":[{"href":"https:\/\/galeriebecot.com\/index.php?rest_route=\/wp\/v2\/types\/post"}],"author":[{"embeddable":true,"href":"https:\/\/galeriebecot.com\/index.php?rest_route=\/wp\/v2\/users\/1"}],"replies":[{"embeddable":true,"href":"https:\/\/galeriebecot.com\/index.php?rest_route=%2Fwp%2Fv2%2Fcomments&post=1387"}],"version-history":[{"count":6,"href":"https:\/\/galeriebecot.com\/index.php?rest_route=\/wp\/v2\/posts\/1387\/revisions"}],"predecessor-version":[{"id":1397,"href":"https:\/\/galeriebecot.com\/index.php?rest_route=\/wp\/v2\/posts\/1387\/revisions\/1397"}],"wp:attachment":[{"href":"https:\/\/galeriebecot.com\/index.php?rest_route=%2Fwp%2Fv2%2Fmedia&parent=1387"}],"wp:term":[{"taxonomy":"category","embeddable":true,"href":"https:\/\/galeriebecot.com\/index.php?rest_route=%2Fwp%2Fv2%2Fcategories&post=1387"},{"taxonomy":"post_tag","embeddable":true,"href":"https:\/\/galeriebecot.com\/index.php?rest_route=%2Fwp%2Fv2%2Ftags&post=1387"}],"curies":[{"name":"wp","href":"https:\/\/api.w.org\/{rel}","templated":true}]}}