{"id":13764,"date":"2022-04-28T00:16:00","date_gmt":"2022-04-28T04:16:00","guid":{"rendered":"http:\/\/www.clubdescollectionneursenartsvisuelsdequebec.com\/?p=13764"},"modified":"2022-09-30T12:38:25","modified_gmt":"2022-09-30T16:38:25","slug":"bons-visionnement-et-de-tres-joyeuses-fetes","status":"publish","type":"post","link":"https:\/\/galeriebecot.com\/?p=13764","title":{"rendered":"\u00c0 voir maintenant  ! Vid\u00e9os in\u00e9dites &#8212;   Club CAVQ."},"content":{"rendered":"\n<p class=\"wp-block-paragraph\">Le club des collectionneurs en arts visuels de Qu\u00e9bec vous pr\u00e9sente des vid\u00e9os souvenir des conf\u00e9rences.<\/p>\n\n\n\n<figure class=\"wp-block-image size-large\"><a href=\"https:\/\/www.galeriebecot.com\/wp-content\/uploads\/2022\/04\/Club-3.jpg\"><img loading=\"lazy\" decoding=\"async\" width=\"1024\" height=\"370\" src=\"https:\/\/www.galeriebecot.com\/wp-content\/uploads\/2022\/04\/Club-3-1024x370.jpg\" alt=\"\" class=\"wp-image-16064\" srcset=\"https:\/\/galeriebecot.com\/wp-content\/uploads\/2022\/04\/Club-3-1024x370.jpg 1024w, https:\/\/galeriebecot.com\/wp-content\/uploads\/2022\/04\/Club-3-300x108.jpg 300w, https:\/\/galeriebecot.com\/wp-content\/uploads\/2022\/04\/Club-3-768x277.jpg 768w, https:\/\/galeriebecot.com\/wp-content\/uploads\/2022\/04\/Club-3.jpg 1362w\" sizes=\"auto, (max-width: 1024px) 100vw, 1024px\" \/><\/a><figcaption>Samedi le 30 avril 2022: r\u00e9union de planification pour la programmation ( <em>saison 2022 &#8211; 2023<\/em>  ) du club des collectionneurs en Arts Visuels de Qu\u00e9bec. Michel <strong>Parent<\/strong>, Marc <strong>Bellemare<\/strong>, Andr\u00e9 <strong>B\u00e9cot<\/strong><\/figcaption><\/figure>\n\n\n\n<p class=\"wp-block-paragraph\"><\/p>\n\n\n\n<div class=\"wp-block-columns are-vertically-aligned-center is-layout-flex wp-container-core-columns-is-layout-8f761849 wp-block-columns-is-layout-flex\">\n<div class=\"wp-block-column is-vertically-aligned-center is-layout-flow wp-block-column-is-layout-flow\" style=\"flex-basis:100%\">\n<div class=\"wp-block-columns is-layout-flex wp-container-core-columns-is-layout-8f761849 wp-block-columns-is-layout-flex\">\n<div class=\"wp-block-column is-layout-flow wp-block-column-is-layout-flow\" style=\"flex-basis:100%\">\n<p class=\"wp-block-paragraph\"><strong>Betty Goodwin<\/strong> 2012. <strong>Marc S\u00e9guin<\/strong> 2013. <strong>BGL<\/strong> 2016.<\/p>\n\n\n\n<p class=\"wp-block-paragraph\"><strong>Albert Rousseau<\/strong>. <strong>Vaillancourt<\/strong>. <strong>Andr\u00e9 Philippe C\u00f4t\u00e9<\/strong>.<\/p>\n\n\n\n<p class=\"wp-block-paragraph\">\u00c0 Venir : Paul- \u00c9mile <strong>Borduas<\/strong> 2018,  Claude <strong>Tousignant<\/strong> 2018, Jean-Pierre<strong> Morin<\/strong> 2012, John <strong>Heward <\/strong>2018, Jean Pierre <strong>Raynaud<\/strong> 2019<\/p>\n\n\n\n<figure class=\"wp-block-image size-full\"><a href=\"https:\/\/www.galeriebecot.com\/wp-content\/uploads\/2021\/12\/Programmation1.jpg\"><img loading=\"lazy\" decoding=\"async\" width=\"576\" height=\"725\" src=\"https:\/\/www.galeriebecot.com\/wp-content\/uploads\/2021\/12\/Programmation1.jpg\" alt=\"\" class=\"wp-image-15292\" srcset=\"https:\/\/galeriebecot.com\/wp-content\/uploads\/2021\/12\/Programmation1.jpg 576w, https:\/\/galeriebecot.com\/wp-content\/uploads\/2021\/12\/Programmation1-238x300.jpg 238w\" sizes=\"auto, (max-width: 576px) 100vw, 576px\" \/><\/a><figcaption>Samedi le 13 novembre 2021 : Caf\u00e9 Krieghoff.<br>R\u00e9union de planification pour la programmation du Club des collectionneurs en Arts Visuels de Qu\u00e9bec. <br>Marc <strong>Bellemare<\/strong>, Andr\u00e9<strong> B\u00e9cot<\/strong>, Michel <strong>Parent<\/strong>.<\/figcaption><\/figure>\n<\/div>\n<\/div>\n<\/div>\n<\/div>\n\n\n\n<p class=\"wp-block-paragraph\">Le club a \u00e9t\u00e9 fond\u00e9 en 2004 et regroupe aujourd&rsquo;hui quelque 500 membres , collectionneurs, artistes, galeries et critiques d&rsquo;art. Il tient six activit\u00e9s par ann\u00e9e, trois au printemps, trois \u00e0 l&rsquo;automne. Enti\u00e8rement gratuites, ces soir\u00e9es sont d\u00e9di\u00e9es \u00e0 un artiste ayant marqu\u00e9 le monde des arts visuels de fa\u00e7on particuli\u00e8re.<\/p>\n\n\n\n<p class=\"has-text-align-center wp-block-paragraph\"><strong><a href=\"https:\/\/michelparent.com\/club\/\">Inscription en ligne<\/a> <\/strong><\/p>\n\n\n\n<p class=\"has-text-align-center wp-block-paragraph\"><strong>au Club des Collectionneurs en Arts Visuels de Qu\u00e9be<\/strong>c <\/p>\n\n\n\n<div class=\"wp-block-image\"><figure class=\"aligncenter size-large\"><a href=\"https:\/\/michelparent.com\/club\/\"><img loading=\"lazy\" decoding=\"async\" width=\"54\" height=\"50\" src=\"https:\/\/www.galeriebecot.com\/wp-content\/uploads\/2020\/12\/Inscription-1.jpg\" alt=\"\" class=\"wp-image-13892\"\/><\/a><figcaption><br><br><\/figcaption><\/figure><\/div>\n\n\n\n<p class=\"wp-block-paragraph\">Le Club des collectionneurs en arts visuels de Qu\u00e9bec accueille le conf\u00e9rencier<strong> Roger Bellemare<\/strong> qui nous entretien de l&rsquo;oeuvre de BettyGoodwin dans le cadre de l&rsquo;exposition ,  <strong>Betty Goodwin<\/strong>, <em><strong>corps et \u00e2me<\/strong><\/em>, pr\u00e9sent\u00e9e \u00e0 la Maison Hamel-Bruneau en 2012<\/p>\n\n\n\n<h2 class=\"wp-block-heading\"><strong>Betty Goodwin<\/strong><\/h2>\n\n\n\n<figure class=\"wp-block-embed is-type-video is-provider-vimeo wp-block-embed-vimeo\"><div class=\"wp-block-embed__wrapper\">\n<iframe loading=\"lazy\" src=\"https:\/\/player.vimeo.com\/video\/495001529?h=3603c2c305&amp;dnt=1&amp;app_id=122963\" width=\"700\" height=\"394\" frameborder=\"0\" allow=\"autoplay; fullscreen; picture-in-picture\" allowfullscreen><\/iframe>\n<\/div><figcaption><strong>Betty Goodwin intro&nbsp;<\/strong><\/figcaption><\/figure>\n\n\n\n<p class=\"wp-block-paragraph\">La pr\u00e9sentation de Marc Bellemare suivie de la conf\u00e9rence de Roger Bellemare<\/p>\n\n\n\n<p class=\"wp-block-paragraph\"><strong>Betty Goodwin<\/strong> est n\u00e9e \u00e0 Montr\u00e9al en 1923 de parents d&rsquo;origine roumaine. Orient\u00e9e sur les th\u00e8mes de l&rsquo;\u00eatre humain, de la condition humaine, du passage et de la souffrance, <strong>Goodwin<\/strong> a connu une ascension tardive.<\/p>\n\n\n\n<p class=\"wp-block-paragraph\">Sa contribution majeure \u00e0 l&rsquo;art contemporain lui a n\u00e9anmoins valu le prestigieux <strong>Prix Paul-\u00c9mile Borduas<\/strong> en 1986 et le <strong>Prix du Gouverneur g\u00e9n\u00e9ral en arts visuel et en arts m\u00e9diatiques en 2003<\/strong>.<\/p>\n\n\n\n<p class=\"wp-block-paragraph\">Ses gravures ont remport\u00e9 des prix internationaux, ses dessins et ses sculptures ont fait l&rsquo;objet d&rsquo;expositions m\u00e9morables dans les plus grands mus\u00e9es de Qu\u00e9bec et d&rsquo;ailleurs. Elle a repr\u00e9sent\u00e9 le Canada \u00e0 la <strong>Biennale de Venise en 1995.<\/strong><\/p>\n\n\n\n<p class=\"wp-block-paragraph\">\u00c0 l&rsquo;occasion de l&rsquo;exposition<strong> Betty Goodwin<\/strong>, <em><strong>corps et \u00e2me<\/strong><\/em> ( Mus\u00e9e d&rsquo;art contemporain) tenue \u00e0 la Maison Hamel-Bruneau, le<strong> Club des collectionneurs en arts visuels de Qu\u00e9bec<\/strong> organisait le<strong> 9 septembre 2012<\/strong> une conf\u00e9rence pour permettre aux amateurs d&rsquo;art d&rsquo;en connaitre davantage sur<strong> cette artiste exceptionnelle.<\/strong><\/p>\n\n\n\n<figure class=\"wp-block-embed is-type-video is-provider-vimeo wp-block-embed-vimeo\"><div class=\"wp-block-embed__wrapper\">\n<iframe loading=\"lazy\" src=\"https:\/\/player.vimeo.com\/video\/494884241?h=c3164c1445&amp;dnt=1&amp;app_id=122963\" width=\"700\" height=\"394\" frameborder=\"0\" allow=\"autoplay; fullscreen; picture-in-picture\" allowfullscreen><\/iframe>\n<\/div><figcaption><strong>Betty Goodwin &#8211; La conf\u00e9rence<\/strong><\/figcaption><\/figure>\n\n\n\n<figure class=\"wp-block-embed is-type-video is-provider-vimeo wp-block-embed-vimeo\"><div class=\"wp-block-embed__wrapper\">\n<iframe loading=\"lazy\" src=\"https:\/\/player.vimeo.com\/video\/495031390?h=c737b91cc6&amp;dnt=1&amp;app_id=122963\" width=\"700\" height=\"394\" frameborder=\"0\" allow=\"autoplay; fullscreen; picture-in-picture\" allowfullscreen><\/iframe>\n<\/div><figcaption><strong>Betty Goodwin &#8211; Les remerciements<\/strong><\/figcaption><\/figure>\n\n\n\n<p class=\"wp-block-paragraph\"><strong>Marc Bellemare<\/strong> remercie le conf\u00e9rencier<strong> Roger Bellemare.<\/strong><\/p>\n\n\n\n<p class=\"wp-block-paragraph\">La carri\u00e8re de <strong>Roger Bellemare,<\/strong> galerie, peintre, auteur et chanteur, s&rsquo;\u00e9tend sur une cinquantaine d&rsquo;ann\u00e9es. Originaire de Qu\u00e9bec, install\u00e9 \u00e0 Montr\u00e9al, notre conf\u00e9rencier a tr\u00e8s bien connu <strong>Betty Goodwin<\/strong> pour l&rsquo;avoir fr\u00e9quent\u00e9e personnellement et avoir lanc\u00e9 sa carri\u00e8re dans les ann\u00e9es soixante-dix, comme il l&rsquo;a fait pour <strong>Yves Gaucher<\/strong> et , plus r\u00e9cemment pour <strong>St\u00e9phane La Rue.<\/strong><\/p>\n\n\n\n<p class=\"wp-block-paragraph\"><strong>Roger Bellemare<\/strong> fut l&rsquo;invit\u00e9 du Club en f\u00e9vrier 2009, quelques mois apr\u00e8s la mort de <strong>Betty Goodwin.<\/strong><\/p>\n\n\n\n<p class=\"wp-block-paragraph\">L&rsquo;activit\u00e9 fut alors tenue en collaboration avec l&rsquo;<strong>\u00c9cole des arts visuels de l&rsquo;Universit\u00e9 Laval<\/strong>.<\/p>\n\n\n\n<figure class=\"wp-block-embed is-type-video is-provider-vimeo wp-block-embed-vimeo\"><div class=\"wp-block-embed__wrapper\">\n<iframe loading=\"lazy\" src=\"https:\/\/player.vimeo.com\/video\/495032324?h=377ccc255c&amp;dnt=1&amp;app_id=122963\" width=\"700\" height=\"394\" frameborder=\"0\" allow=\"autoplay; fullscreen; picture-in-picture\" allowfullscreen><\/iframe>\n<\/div><figcaption><strong>Vox Pop Betty Goodwin<\/strong><\/figcaption><\/figure>\n\n\n\n<h2 class=\"wp-block-heading\">Marc S\u00e9guin<\/h2>\n\n\n\n<figure class=\"wp-block-embed is-type-video is-provider-vimeo wp-block-embed-vimeo\"><div class=\"wp-block-embed__wrapper\">\n<iframe loading=\"lazy\" src=\"https:\/\/player.vimeo.com\/video\/486887621?h=9543b48949&amp;dnt=1&amp;app_id=122963\" width=\"700\" height=\"394\" frameborder=\"0\" allow=\"autoplay; fullscreen; picture-in-picture\" allowfullscreen><\/iframe>\n<\/div><figcaption><strong>S\u00e9guin &#8211; \u0153uvres en diaporama 2013<\/strong><\/figcaption><\/figure>\n\n\n\n<figure class=\"wp-block-embed is-type-video is-provider-vimeo wp-block-embed-vimeo\"><div class=\"wp-block-embed__wrapper\">\n<iframe loading=\"lazy\" src=\"https:\/\/player.vimeo.com\/video\/491176423?h=4c20dd20c8&amp;dnt=1&amp;app_id=122963\" width=\"700\" height=\"394\" frameborder=\"0\" allow=\"autoplay; fullscreen; picture-in-picture\" allowfullscreen><\/iframe>\n<\/div><figcaption><strong>La conf\u00e9rence de Marc S\u00e9guin 2013<\/strong><\/figcaption><\/figure>\n\n\n\n<p class=\"wp-block-paragraph\">En 2013, ag\u00e9 de 43 ans, Marc S\u00e9guin pr\u00e9sente d\u00e9j\u00e0 un parcours charg\u00e9 et ambitieux. En 1989, il s\u2019inscrit \u00e0 l\u2019Ecole des beaux-arts de l\u2019Universit\u00e9 Concordia. En 1996, sa premi\u00e8re exposition individuelle \u00e0 la Galerie Plein Sud de Longueuil surprend : d\u2019immenses tableaux \u00e9tonnent par leur conception plastique et \u00e9vocatrice. Suit celle de 1997, collective, De fougue et de passion, au Mus\u00e9e d\u2019art contemporain de Montr\u00e9al, et d\u2019autres, une cinquantaine, sans compter sa participation \u00e0 d\u2019importantes foires internationales. Inspir\u00e9es de Molinari, Riopelle et Goodwin, les \u0153uvres de Marc S\u00e9guin \u00e9voquent la mort \u00e0 travers l\u2019oiseau ou l\u2019avion qui s\u2019\u00e9crasent, invitent \u00e0 la r\u00e9flexion par le visage dubitatif d\u2019un \u00e9trange personnage, allient la mati\u00e8re singuli\u00e8re, le goudron, le sang, les plumes, les cendres humaines.<\/p>\n\n\n\n<figure class=\"wp-block-embed is-type-video is-provider-vimeo wp-block-embed-vimeo\"><div class=\"wp-block-embed__wrapper\">\n<iframe loading=\"lazy\" src=\"https:\/\/player.vimeo.com\/video\/491214827?h=4e1c33b9b9&amp;dnt=1&amp;app_id=122963\" width=\"700\" height=\"394\" frameborder=\"0\" allow=\"autoplay; fullscreen; picture-in-picture\" allowfullscreen><\/iframe>\n<\/div><figcaption><strong>Marc S\u00e9guin commente<\/strong><\/figcaption><\/figure>\n\n\n\n<figure class=\"wp-block-embed is-type-video is-provider-vimeo wp-block-embed-vimeo\"><div class=\"wp-block-embed__wrapper\">\n<iframe loading=\"lazy\" src=\"https:\/\/player.vimeo.com\/video\/491230669?h=6eb658b6c6&amp;dnt=1&amp;app_id=122963\" width=\"700\" height=\"394\" frameborder=\"0\" allow=\"autoplay; fullscreen; picture-in-picture\" allowfullscreen><\/iframe>\n<\/div><figcaption><strong>Les questions<\/strong><\/figcaption><\/figure>\n\n\n\n<h2 class=\"wp-block-heading\">BGL<\/h2>\n\n\n\n<figure class=\"wp-block-embed is-type-video is-provider-vimeo wp-block-embed-vimeo\"><div class=\"wp-block-embed__wrapper\">\n<iframe loading=\"lazy\" src=\"https:\/\/player.vimeo.com\/video\/496256278?h=ab9e2925b2&amp;dnt=1&amp;app_id=122963\" width=\"700\" height=\"394\" frameborder=\"0\" allow=\"autoplay; fullscreen; picture-in-picture\" allowfullscreen><\/iframe>\n<\/div><figcaption><strong>BGL introduction<\/strong><\/figcaption><\/figure>\n\n\n\n<figure class=\"wp-block-embed is-type-video is-provider-vimeo wp-block-embed-vimeo\"><div class=\"wp-block-embed__wrapper\">\n<iframe loading=\"lazy\" src=\"https:\/\/player.vimeo.com\/video\/495039543?h=827bf8bf80&amp;dnt=1&amp;app_id=122963\" width=\"700\" height=\"394\" frameborder=\"0\" allow=\"autoplay; fullscreen; picture-in-picture\" allowfullscreen><\/iframe>\n<\/div><figcaption><strong>BGL la conf\u00e9rence<\/strong><\/figcaption><\/figure>\n\n\n\n<p class=\"wp-block-paragraph\">Trois artistes de Qu\u00e9bec, Jasmin Bilodeau, S\u00e9bastien Gigu\u00e8re et Nicolas Laverdi\u00e8re, seront fait conna\u00eetre au sein du collectif BGL d\u00e8s leur sortie de l&rsquo;Universit\u00e9 Laval en 1996. Le trio est connu pour ses installations qui prennent possession des lieux d&rsquo;exposition et des espace publics.Leurs travaux ont recours \u00e0 l&rsquo;humour et \u00e0 l&rsquo;extravagance pour attirer l&rsquo;attention sur des enjeux sociaux et politiques de mani\u00e8re provocante et explosive.<\/p>\n\n\n\n<p class=\"wp-block-paragraph\">Parmi le installations marquantes de leur parcours, mentionnons <strong>\u00c0 l&rsquo;abri des arbre<\/strong>s au Mus\u00e9e d&rsquo;art contemporain de Montr\u00e9al, en 2001, <strong>Need to Believe<\/strong> \u00e0 Mercer Union, Toronto, en 2005 ainsi que <strong>Le discours des \u00e9l\u00e9ments<\/strong>, pr\u00e9sent\u00e9e \u00e0 l&rsquo;Oeil de Poisson, \u00e0 Qu\u00e9bec, en 2006.<\/p>\n\n\n\n<p class=\"wp-block-paragraph\">Leur travail a d\u00e9j\u00e0 \u00e9t\u00e9 pr\u00e9sent\u00e9 au Casino Luxembourg, au Mus\u00e9e des beaux-arts du Canada, \u00e0 la Galeria Toni T\u00e0pies de Barcelone, au Centre culturel canadien \u00e0 Paris, \u00e0 la Contemporary Art Gallery de Vancouver, au Mac-Val en France et au MASS MoCa au Massachusetts.<\/p>\n\n\n\n<p class=\"wp-block-paragraph\">Le collectif a pris part \u00e0 plusieurs biennales dont celle de La Havane, de Ushua\u00efa et de Montr\u00e9al, ainsi que deux participation \u00e0 la Manif d&rsquo;art de Qu\u00e9bec.En 2015, ils ont repr\u00e9sent\u00e9 le Canada \u00e0 la Biennale de Venise et ont r\u00e9alis\u00e9 deux oeuvres d&rsquo;int\u00e9gration des arts \u00e0 l&rsquo;architecture de grande envergure \u00e0 Montr\u00e9al-Nord et Toronto. BGL est repr\u00e9sent\u00e9 par les galeries Parisien Laundry \u00e0 Montr\u00e9al, Diaz Contemporary \u00e0 Toronto et la Galerie 3 \u00e0 Qu\u00e9bec.<\/p>\n\n\n\n<p class=\"wp-block-paragraph\"><strong>La conf\u00e9rence de l&rsquo;historienne de l&rsquo;art Audrey Careau<\/strong><\/p>\n\n\n\n<p class=\"wp-block-paragraph\">Audrey Careau est historienne de l&rsquo;art et commissaire ind\u00e9pendante. Depuis de nombreuses ann\u00e9es, elle \u00e9tudie et analyse le travail de<strong> BGL.<\/strong> Elle a d&rsquo;ailleurs publi\u00e9 un entretien avec le collectif dans Cultural Hijack : Rethinking intervention aux \u00e9ditions Liverpool University Press.<\/p>\n\n\n\n<p class=\"wp-block-paragraph\">Elle a r\u00e9dig\u00e9 des textes sur le travail de plusieurs artistes de la r\u00e9gion dont Annie <strong>Baillargeon,<\/strong> Samuel <strong>Breton,<\/strong> Patrick <strong>Sternon<\/strong> et Fran\u00e7ois <strong>Simard<\/strong>. \u00c0 titre de commissaire, elle a \u00e9labor\u00e9 les expositions <strong>Passion et<\/strong> <strong>engagement<\/strong>.<strong> La collection<\/strong> \u00e0 Qu\u00e9bec pr\u00e9sent\u00e9e \u00e0 la Galerie 3 en 2015 ainsi que<strong> Explorations spatiales<\/strong> pr\u00e9sent\u00e9e au <strong>MNBAQ<\/strong> \u00e0 l&rsquo;occasion de l&rsquo;\u00e9v\u00e9nement<strong> Rel\u00e8ve capitale en 2011.<\/strong><\/p>\n\n\n\n<figure class=\"wp-block-embed is-type-video is-provider-vimeo wp-block-embed-vimeo\"><div class=\"wp-block-embed__wrapper\">\n<iframe loading=\"lazy\" src=\"https:\/\/player.vimeo.com\/video\/584118764?h=5c71da2a02&amp;dnt=1&amp;app_id=122963\" width=\"700\" height=\"394\" frameborder=\"0\" allow=\"autoplay; fullscreen; picture-in-picture\" allowfullscreen><\/iframe>\n<\/div><figcaption><strong>BGL les questions<\/strong><\/figcaption><\/figure>\n\n\n\n<figure class=\"wp-block-embed is-type-video is-provider-vimeo wp-block-embed-vimeo\"><div class=\"wp-block-embed__wrapper\">\n<iframe loading=\"lazy\" title=\"BGL Vox Pop\" src=\"https:\/\/player.vimeo.com\/video\/584111815?h=aa6d340a13&amp;dnt=1&amp;app_id=122963\" width=\"700\" height=\"394\" frameborder=\"0\" allow=\"autoplay; fullscreen; picture-in-picture\" allowfullscreen><\/iframe>\n<\/div><figcaption><strong>BGL Vox Pop<\/strong><\/figcaption><\/figure>\n\n\n\n<figure class=\"wp-block-embed is-type-video is-provider-vimeo wp-block-embed-vimeo\"><div class=\"wp-block-embed__wrapper\">\n<iframe loading=\"lazy\" src=\"https:\/\/player.vimeo.com\/video\/496224664?h=7614dec0b9&amp;dnt=1&amp;app_id=122963\" width=\"700\" height=\"394\" frameborder=\"0\" allow=\"autoplay; fullscreen; picture-in-picture\" allowfullscreen><\/iframe>\n<\/div><figcaption><strong>BGL Diaporama<\/strong><\/figcaption><\/figure>\n\n\n\n<p class=\"has-text-align-center wp-block-paragraph\" style=\"font-size:25px\"><strong>Albert Rousseau, retour sur l&rsquo;oeuvre (2012)<\/strong><\/p>\n\n\n\n<figure class=\"wp-block-embed is-type-video is-provider-vimeo\"><div class=\"wp-block-embed__wrapper\">\n<iframe loading=\"lazy\" src=\"https:\/\/player.vimeo.com\/video\/492176946?h=2ad7df0795&amp;dnt=1&amp;app_id=122963\" width=\"700\" height=\"394\" frameborder=\"0\" allow=\"autoplay; fullscreen; picture-in-picture\" allowfullscreen><\/iframe>\n<\/div><figcaption>Conf\u00e9rence de <strong>Monsieur Marcel Rousseau<\/strong>, <br>d\u00e9crivant le parcours du peintre <strong>Albert Rousseau<\/strong><\/figcaption><\/figure>\n\n\n\n<p class=\"wp-block-paragraph\">Albert Rousseau nous a quitt\u00e9s le 18 mars 1982 \u00e0 l\u2019\u00e2ge de 73 ans. \u00c0 l\u2019instar de la biblioth\u00e8que et de la c\u00e9l\u00e8bre salle de spectacle qui porte son nom, cet artiste peintre a connu une carri\u00e8re riche et ponctu\u00e9e de nombreux prix et reconnaissances. Pour souligner le trenti\u00e8me anniversaire de son d\u00e9part, le Club des collectionneurs en arts visuels de Qu\u00e9bec, a invit\u00e9 la population \u00e0 une conf\u00e9rence, le 14 octobre 2012 dans le hall de la salle Albert Rousseau.<\/p>\n\n\n\n<figure class=\"wp-block-embed aligncenter is-type-video is-provider-vimeo\"><div class=\"wp-block-embed__wrapper\">\n<iframe loading=\"lazy\" src=\"https:\/\/player.vimeo.com\/video\/492223723?h=6c18ed744f&amp;dnt=1&amp;app_id=122963\" width=\"700\" height=\"394\" frameborder=\"0\" allow=\"autoplay; fullscreen; picture-in-picture\" allowfullscreen><\/iframe>\n<\/div><figcaption>Claude Valli\u00e8res est historien de l&rsquo;art et coordonnateur aux arts visuels de la Diffusion culturelle de L\u00e9vis. Il nous explique en quoi Albert Rousseau a marqu\u00e9 le panorama de la peinture qu\u00e9b\u00e9coise par sa qualit\u00e9 et son originalit\u00e9.<\/figcaption><\/figure>\n\n\n\n<figure class=\"wp-block-image size-large\"><img loading=\"lazy\" decoding=\"async\" width=\"745\" height=\"1024\" src=\"https:\/\/www.galeriebecot.com\/wp-content\/uploads\/2021\/03\/Rousseau11-745x1024.jpg\" alt=\"\" class=\"wp-image-14282\" srcset=\"https:\/\/galeriebecot.com\/wp-content\/uploads\/2021\/03\/Rousseau11-745x1024.jpg 745w, https:\/\/galeriebecot.com\/wp-content\/uploads\/2021\/03\/Rousseau11-218x300.jpg 218w, https:\/\/galeriebecot.com\/wp-content\/uploads\/2021\/03\/Rousseau11-768x1055.jpg 768w, https:\/\/galeriebecot.com\/wp-content\/uploads\/2021\/03\/Rousseau11-1118x1536.jpg 1118w, https:\/\/galeriebecot.com\/wp-content\/uploads\/2021\/03\/Rousseau11.jpg 1305w\" sizes=\"auto, (max-width: 745px) 100vw, 745px\" \/><\/figure>\n\n\n\n<figure class=\"wp-block-image size-large\"><img loading=\"lazy\" decoding=\"async\" width=\"865\" height=\"1024\" src=\"https:\/\/www.galeriebecot.com\/wp-content\/uploads\/2021\/03\/Ropusseau2-865x1024.jpg\" alt=\"\" class=\"wp-image-14276\" srcset=\"https:\/\/galeriebecot.com\/wp-content\/uploads\/2021\/03\/Ropusseau2-865x1024.jpg 865w, https:\/\/galeriebecot.com\/wp-content\/uploads\/2021\/03\/Ropusseau2-253x300.jpg 253w, https:\/\/galeriebecot.com\/wp-content\/uploads\/2021\/03\/Ropusseau2-768x909.jpg 768w, https:\/\/galeriebecot.com\/wp-content\/uploads\/2021\/03\/Ropusseau2.jpg 1155w\" sizes=\"auto, (max-width: 865px) 100vw, 865px\" \/><\/figure>\n\n\n\n<figure class=\"wp-block-image size-large\"><img loading=\"lazy\" decoding=\"async\" width=\"678\" height=\"1024\" src=\"https:\/\/www.galeriebecot.com\/wp-content\/uploads\/2021\/03\/Rousseau3-678x1024.jpg\" alt=\"\" class=\"wp-image-14277\" srcset=\"https:\/\/galeriebecot.com\/wp-content\/uploads\/2021\/03\/Rousseau3-678x1024.jpg 678w, https:\/\/galeriebecot.com\/wp-content\/uploads\/2021\/03\/Rousseau3-199x300.jpg 199w, https:\/\/galeriebecot.com\/wp-content\/uploads\/2021\/03\/Rousseau3-768x1161.jpg 768w, https:\/\/galeriebecot.com\/wp-content\/uploads\/2021\/03\/Rousseau3-1016x1536.jpg 1016w, https:\/\/galeriebecot.com\/wp-content\/uploads\/2021\/03\/Rousseau3.jpg 1156w\" sizes=\"auto, (max-width: 678px) 100vw, 678px\" \/><\/figure>\n\n\n\n<figure class=\"wp-block-image size-large\"><img loading=\"lazy\" decoding=\"async\" width=\"1024\" height=\"594\" src=\"https:\/\/www.galeriebecot.com\/wp-content\/uploads\/2021\/03\/Rousseau4-1024x594.jpg\" alt=\"\" class=\"wp-image-14278\" srcset=\"https:\/\/galeriebecot.com\/wp-content\/uploads\/2021\/03\/Rousseau4-1024x594.jpg 1024w, https:\/\/galeriebecot.com\/wp-content\/uploads\/2021\/03\/Rousseau4-300x174.jpg 300w, https:\/\/galeriebecot.com\/wp-content\/uploads\/2021\/03\/Rousseau4-768x446.jpg 768w, https:\/\/galeriebecot.com\/wp-content\/uploads\/2021\/03\/Rousseau4.jpg 1203w\" sizes=\"auto, (max-width: 1024px) 100vw, 1024px\" \/><\/figure>\n\n\n\n<figure class=\"wp-block-image size-large\"><img loading=\"lazy\" decoding=\"async\" width=\"1024\" height=\"620\" src=\"https:\/\/www.galeriebecot.com\/wp-content\/uploads\/2021\/03\/Rousseau5-1024x620.jpg\" alt=\"\" class=\"wp-image-14279\" srcset=\"https:\/\/galeriebecot.com\/wp-content\/uploads\/2021\/03\/Rousseau5-1024x620.jpg 1024w, https:\/\/galeriebecot.com\/wp-content\/uploads\/2021\/03\/Rousseau5-300x182.jpg 300w, https:\/\/galeriebecot.com\/wp-content\/uploads\/2021\/03\/Rousseau5-768x465.jpg 768w, https:\/\/galeriebecot.com\/wp-content\/uploads\/2021\/03\/Rousseau5.jpg 1207w\" sizes=\"auto, (max-width: 1024px) 100vw, 1024px\" \/><\/figure>\n\n\n\n<figure class=\"wp-block-image size-large\"><img loading=\"lazy\" decoding=\"async\" width=\"1024\" height=\"422\" src=\"https:\/\/www.galeriebecot.com\/wp-content\/uploads\/2021\/03\/Rousseau6-1024x422.jpg\" alt=\"\" class=\"wp-image-14280\" srcset=\"https:\/\/galeriebecot.com\/wp-content\/uploads\/2021\/03\/Rousseau6-1024x422.jpg 1024w, https:\/\/galeriebecot.com\/wp-content\/uploads\/2021\/03\/Rousseau6-300x124.jpg 300w, https:\/\/galeriebecot.com\/wp-content\/uploads\/2021\/03\/Rousseau6-768x317.jpg 768w, https:\/\/galeriebecot.com\/wp-content\/uploads\/2021\/03\/Rousseau6.jpg 1220w\" sizes=\"auto, (max-width: 1024px) 100vw, 1024px\" \/><\/figure>\n\n\n\n<figure class=\"wp-block-embed is-type-video is-provider-vimeo\"><div class=\"wp-block-embed__wrapper\">\n<iframe loading=\"lazy\" title=\"Diaporama de quelques &amp;oelig;uvres de Rousseau\" src=\"https:\/\/player.vimeo.com\/video\/492674990?h=ddb60bfd6e&amp;dnt=1&amp;app_id=122963\" width=\"700\" height=\"394\" frameborder=\"0\" allow=\"autoplay; fullscreen; picture-in-picture\" allowfullscreen><\/iframe>\n<\/div><figcaption>Diaporama de quelques oeuvres de Rousseau.<\/figcaption><\/figure>\n\n\n\n<figure class=\"wp-block-embed is-type-video is-provider-vimeo\"><div class=\"wp-block-embed__wrapper\">\n<iframe loading=\"lazy\" src=\"https:\/\/player.vimeo.com\/video\/492217526?h=cce68c815c&amp;dnt=1&amp;app_id=122963\" width=\"700\" height=\"394\" frameborder=\"0\" allow=\"autoplay; fullscreen; picture-in-picture\" allowfullscreen><\/iframe>\n<\/div><figcaption>Albert Rousseau donne une entrevue \u00e0 Calgary en 1981 six mois avant son d\u00e9c\u00e8s.<\/figcaption><\/figure>\n\n\n\n<figure class=\"wp-block-embed is-type-video is-provider-vimeo\"><div class=\"wp-block-embed__wrapper\">\n<iframe loading=\"lazy\" src=\"https:\/\/player.vimeo.com\/video\/492676414?h=25d9b62cd9&amp;dnt=1&amp;app_id=122963\" width=\"700\" height=\"394\" frameborder=\"0\" allow=\"autoplay; fullscreen; picture-in-picture\" allowfullscreen><\/iframe>\n<\/div><figcaption>Vox Pop Rousseau 2012<br><br><br><\/figcaption><\/figure>\n\n\n\n<p class=\"has-text-align-center has-large-font-size wp-block-paragraph\"><strong>Armand Vaillancourt, rencontre ( 2011)<\/strong><\/p>\n\n\n\n<p class=\"wp-block-paragraph\"><\/p>\n\n\n\n<figure class=\"wp-block-embed is-type-video is-provider-vimeo\"><div class=\"wp-block-embed__wrapper\">\n<iframe loading=\"lazy\" src=\"https:\/\/player.vimeo.com\/video\/492860096?h=0a204e4476&amp;dnt=1&amp;app_id=122963\" width=\"700\" height=\"394\" frameborder=\"0\" allow=\"autoplay; fullscreen; picture-in-picture\" allowfullscreen><\/iframe>\n<\/div><figcaption><strong>Armand Vaillancourt, sculpteur et peintre 2011<\/strong><br><br>Armand Vaillancourt est n\u00e9 le 3 septembre 1929 \u00e0 Black Lake, pr\u00e8s de Thetford Mines, en pleine crise \u00e9conomique. Il est le seizi\u00e8me enfant d&rsquo;une famille de dix-sept. En 1951, il entre \u00e0 l&rsquo;\u00c9cole des beaux-arts de Montr\u00e9al. C&rsquo;est le d\u00e9but d&rsquo;une carri\u00e8re marquante qui se poursuit sur plus de six d\u00e9cennies jusqu&rsquo;\u00e0 nos jours.<br><\/figcaption><\/figure>\n\n\n\n<figure class=\"wp-block-embed is-type-video is-provider-vimeo\"><div class=\"wp-block-embed__wrapper\">\n<iframe loading=\"lazy\" src=\"https:\/\/player.vimeo.com\/video\/493195459?h=72be85239f&amp;dnt=1&amp;app_id=122963\" width=\"700\" height=\"394\" frameborder=\"0\" allow=\"autoplay; fullscreen; picture-in-picture\" allowfullscreen><\/iframe>\n<\/div><figcaption>La conf\u00e9rence d&rsquo;Armand Vaillancourt le 3 octobre 2011 (Deuxi\u00e8me partie)<\/figcaption><\/figure>\n\n\n\n<figure class=\"wp-block-embed is-type-video is-provider-vimeo\"><div class=\"wp-block-embed__wrapper\">\n<iframe loading=\"lazy\" src=\"https:\/\/player.vimeo.com\/video\/493420284?h=03832f8377&amp;dnt=1&amp;app_id=122963\" width=\"700\" height=\"394\" frameborder=\"0\" allow=\"autoplay; fullscreen; picture-in-picture\" allowfullscreen><\/iframe>\n<\/div><figcaption>Vaillancourt rencontre les invit\u00e9s.<\/figcaption><\/figure>\n\n\n\n<figure class=\"wp-block-embed is-type-video is-provider-vimeo\"><div class=\"wp-block-embed__wrapper\">\n<iframe loading=\"lazy\" src=\"https:\/\/player.vimeo.com\/video\/493432122?h=0e155a0f67&amp;dnt=1&amp;app_id=122963\" width=\"700\" height=\"394\" frameborder=\"0\" allow=\"autoplay; fullscreen; picture-in-picture\" allowfullscreen><\/iframe>\n<\/div><figcaption>Vaillancourt, le diaporama.<br><br><br><\/figcaption><\/figure>\n\n\n\n<p class=\"has-text-align-center has-large-font-size wp-block-paragraph\"><strong>100 minutes vec Riopelle<\/strong><\/p>\n\n\n\n<p class=\"has-text-align-center wp-block-paragraph\" style=\"font-size:26px\"> <\/p>\n\n\n\n<figure class=\"wp-block-embed is-type-video is-provider-vimeo\"><div class=\"wp-block-embed__wrapper\">\n<iframe loading=\"lazy\" src=\"https:\/\/player.vimeo.com\/video\/490061802?h=9015fba75d&amp;dnt=1&amp;app_id=122963\" width=\"700\" height=\"394\" frameborder=\"0\" allow=\"autoplay; fullscreen; picture-in-picture\" allowfullscreen><\/iframe>\n<\/div><\/figure>\n\n\n\n<p class=\"wp-block-paragraph\">Visionner la soir\u00e9e tenue en mars 2012 \u00e0 l&rsquo;occasion du dixi\u00e8me anniversaire du d\u00e9c\u00e8s de <strong>Jean-Paul Riopelle<\/strong> au Mus\u00e9e national des beaux-arts de Qu\u00e9bec. Vous y entendrez des gens qui ont c\u00f4toy\u00e9 le peintre au quotidien, dont sa conjointe Huguette Vachon, Champlain Charest et Gilbert Normand. <\/p>\n\n\n\n<figure class=\"wp-block-embed is-type-video is-provider-vimeo\"><div class=\"wp-block-embed__wrapper\">\n<iframe loading=\"lazy\" src=\"https:\/\/player.vimeo.com\/video\/490205552?h=b7c8df76e9&amp;dnt=1&amp;app_id=122963\" width=\"700\" height=\"394\" frameborder=\"0\" allow=\"autoplay; fullscreen; picture-in-picture\" allowfullscreen><\/iframe>\n<\/div><figcaption><br><br><br><\/figcaption><\/figure>\n\n\n\n<p class=\"has-text-align-center has-large-font-size wp-block-paragraph\"><strong>Andr\u00e9 Philippe C\u00f4t\u00e9 ( 2015)<\/strong><\/p>\n\n\n\n<p class=\"wp-block-paragraph\"><\/p>\n\n\n\n<figure class=\"wp-block-embed is-type-video is-provider-vimeo\"><div class=\"wp-block-embed__wrapper\">\n<iframe loading=\"lazy\" src=\"https:\/\/player.vimeo.com\/video\/490465364?h=7c58652c43&amp;dnt=1&amp;app_id=122963\" width=\"700\" height=\"394\" frameborder=\"0\" allow=\"autoplay; fullscreen; picture-in-picture\" allowfullscreen><\/iframe>\n<\/div><figcaption><strong>Soir\u00e9e soulignant le vernissage d&rsquo;oeuvres r\u00e9centes (2015)<\/strong>,<br><strong> de l&rsquo;artiste Andr\u00e9-Philippe C\u00f4t\u00e9, \u00e9galement caricaturiste au quotidien LE SOLEIL.<\/strong><br><strong> Monsieur C\u00f4t\u00e9 y relate son parcours fascinant et commente sa nouvelle production.<\/strong><\/figcaption><\/figure>\n\n\n\n<p class=\"has-text-align-center has-medium-font-size wp-block-paragraph\"><\/p>\n\n\n\n<figure class=\"wp-block-embed is-type-video is-provider-vimeo\"><div class=\"wp-block-embed__wrapper\">\n<iframe loading=\"lazy\" src=\"https:\/\/player.vimeo.com\/video\/492889334?h=91be4bd9bf&amp;dnt=1&amp;app_id=122963\" width=\"700\" height=\"394\" frameborder=\"0\" allow=\"autoplay; fullscreen; picture-in-picture\" allowfullscreen><\/iframe>\n<\/div><\/figure>\n\n\n\n<figure class=\"wp-block-embed is-type-video is-provider-vimeo\"><div class=\"wp-block-embed__wrapper\">\n<iframe loading=\"lazy\" src=\"https:\/\/player.vimeo.com\/video\/490835994?h=450b18673f&amp;dnt=1&amp;app_id=122963\" width=\"700\" height=\"394\" frameborder=\"0\" allow=\"autoplay; fullscreen; picture-in-picture\" allowfullscreen><\/iframe>\n<\/div><figcaption><br><\/figcaption><\/figure>\n\n\n\n<figure class=\"wp-block-embed is-type-video is-provider-vimeo\"><div class=\"wp-block-embed__wrapper\">\n<iframe loading=\"lazy\" title=\"Vox Pop C&amp;ouml;t&amp;eacute; 2015\" src=\"https:\/\/player.vimeo.com\/video\/490829469?h=296327dcd4&amp;dnt=1&amp;app_id=122963\" width=\"700\" height=\"394\" frameborder=\"0\" allow=\"autoplay; fullscreen; picture-in-picture\" allowfullscreen><\/iframe>\n<\/div><\/figure>\n\n\n\n<p class=\"wp-block-paragraph\">Au cours des prochaines semaines, d&rsquo;autres soir\u00e9es appara\u00eetront sur le site du Club. Vous y retrouverez notamment <strong> Betty Goodwin, Claude Tousignant, Jean-Pierre Morin, Aristide Gagnon, BGL<\/strong> et le plasticien<strong> Jean Pierre Raynaud<\/strong>.<\/p>\n\n\n\n<figure class=\"wp-block-image size-large\"><a href=\"https:\/\/www.facebook.com\/premiereheure\/posts\/3996346180384469\"><img loading=\"lazy\" decoding=\"async\" width=\"1024\" height=\"837\" src=\"https:\/\/www.galeriebecot.com\/wp-content\/uploads\/2020\/12\/Premiere-heure-1024x837.jpg\" alt=\"\" class=\"wp-image-13970\" srcset=\"https:\/\/galeriebecot.com\/wp-content\/uploads\/2020\/12\/Premiere-heure-1024x837.jpg 1024w, https:\/\/galeriebecot.com\/wp-content\/uploads\/2020\/12\/Premiere-heure-300x245.jpg 300w, https:\/\/galeriebecot.com\/wp-content\/uploads\/2020\/12\/Premiere-heure-768x628.jpg 768w, https:\/\/galeriebecot.com\/wp-content\/uploads\/2020\/12\/Premiere-heure.jpg 1231w\" sizes=\"auto, (max-width: 1024px) 100vw, 1024px\" \/><\/a><\/figure>\n\n\n\n<p class=\"wp-block-paragraph\">Marc Bellemare, fondateur du CCAVQ<\/p>\n\n\n\n<p class=\"wp-block-paragraph\">Andr\u00e9 B\u00e9cot : 418-559-6816<\/p>\n\n\n\n<p class=\"wp-block-paragraph\"><strong><a href=\"https:\/\/michelparent.com\/club\/\">Inscription en ligne <\/a> au Club des Collectionneurs en Arts Visuels de Qu\u00e9be<\/strong>c<\/p>\n\n\n\n<div class=\"wp-block-image\"><figure class=\"aligncenter size-large\"><a href=\"https:\/\/michelparent.com\/club\/\"><img loading=\"lazy\" decoding=\"async\" width=\"54\" height=\"50\" src=\"https:\/\/www.galeriebecot.com\/wp-content\/uploads\/2020\/12\/Inscription-1.jpg\" alt=\"\" class=\"wp-image-13892\"\/><\/a><\/figure><\/div>\n\n\n\n<figure class=\"wp-block-image size-large\"><img loading=\"lazy\" decoding=\"async\" width=\"1024\" height=\"872\" src=\"https:\/\/www.galeriebecot.com\/wp-content\/uploads\/2020\/12\/Andre-Philippe-Cote-11-1024x872.jpg\" alt=\"\" class=\"wp-image-13886\" srcset=\"https:\/\/galeriebecot.com\/wp-content\/uploads\/2020\/12\/Andre-Philippe-Cote-11-1024x872.jpg 1024w, https:\/\/galeriebecot.com\/wp-content\/uploads\/2020\/12\/Andre-Philippe-Cote-11-300x255.jpg 300w, https:\/\/galeriebecot.com\/wp-content\/uploads\/2020\/12\/Andre-Philippe-Cote-11-768x654.jpg 768w, https:\/\/galeriebecot.com\/wp-content\/uploads\/2020\/12\/Andre-Philippe-Cote-11-1536x1308.jpg 1536w, https:\/\/galeriebecot.com\/wp-content\/uploads\/2020\/12\/Andre-Philippe-Cote-11.jpg 1728w\" sizes=\"auto, (max-width: 1024px) 100vw, 1024px\" \/><\/figure>\n\n\n\n<figure class=\"wp-block-image size-large\"><img loading=\"lazy\" decoding=\"async\" width=\"1024\" height=\"888\" src=\"https:\/\/www.galeriebecot.com\/wp-content\/uploads\/2020\/12\/Andre-Philippe-cote22-1-1024x888.jpg\" alt=\"\" class=\"wp-image-13888\" srcset=\"https:\/\/galeriebecot.com\/wp-content\/uploads\/2020\/12\/Andre-Philippe-cote22-1-1024x888.jpg 1024w, https:\/\/galeriebecot.com\/wp-content\/uploads\/2020\/12\/Andre-Philippe-cote22-1-300x260.jpg 300w, https:\/\/galeriebecot.com\/wp-content\/uploads\/2020\/12\/Andre-Philippe-cote22-1-768x666.jpg 768w, https:\/\/galeriebecot.com\/wp-content\/uploads\/2020\/12\/Andre-Philippe-cote22-1-1536x1332.jpg 1536w, https:\/\/galeriebecot.com\/wp-content\/uploads\/2020\/12\/Andre-Philippe-cote22-1.jpg 1728w\" sizes=\"auto, (max-width: 1024px) 100vw, 1024px\" \/><\/figure>\n\n\n\n<figure class=\"wp-block-image size-large\"><img loading=\"lazy\" decoding=\"async\" width=\"1024\" height=\"300\" src=\"https:\/\/www.galeriebecot.com\/wp-content\/uploads\/2020\/12\/Andre-Philippe-Cote-33-1024x300.jpg\" alt=\"\" class=\"wp-image-13889\" srcset=\"https:\/\/galeriebecot.com\/wp-content\/uploads\/2020\/12\/Andre-Philippe-Cote-33-1024x300.jpg 1024w, https:\/\/galeriebecot.com\/wp-content\/uploads\/2020\/12\/Andre-Philippe-Cote-33-300x88.jpg 300w, https:\/\/galeriebecot.com\/wp-content\/uploads\/2020\/12\/Andre-Philippe-Cote-33-768x225.jpg 768w, https:\/\/galeriebecot.com\/wp-content\/uploads\/2020\/12\/Andre-Philippe-Cote-33-1536x450.jpg 1536w, https:\/\/galeriebecot.com\/wp-content\/uploads\/2020\/12\/Andre-Philippe-Cote-33.jpg 1728w\" sizes=\"auto, (max-width: 1024px) 100vw, 1024px\" \/><\/figure>\n\n\n<p>[everwpvisitcounter] depuis le 14 janvier 2021.<\/p>","protected":false},"excerpt":{"rendered":"<p>Le club des collectionneurs en arts visuels de Qu\u00e9bec vous pr\u00e9sente des vid\u00e9os souvenir des conf\u00e9rences. Betty Goodwin 2012. Marc S\u00e9guin 2013. BGL 2016. Albert Rousseau. Vaillancourt. Andr\u00e9 Philippe C\u00f4t\u00e9.&hellip; <\/p>\n","protected":false},"author":1,"featured_media":0,"comment_status":"open","ping_status":"open","sticky":false,"template":"","format":"standard","meta":{"_exactmetrics_skip_tracking":false,"_exactmetrics_sitenote_active":false,"_exactmetrics_sitenote_note":"","_exactmetrics_sitenote_category":0,"footnotes":""},"categories":[20,27,17,30],"tags":[1312,488,539,3655,53,770,2665,3647,109,3880,1517,3671,2038,3663,3648,1111,3651,3657,3664,3661,2035,3669,1372,3653,3667,3649,3883,687,1261,3666,1176,3673,3654,245,3665,3652,3882,51,3707,3658,3660,882,2575,3662,489,166,3672,642,3670,203,1371,3659,3668,1198],"class_list":["post-13764","post","type-post","status-publish","format-standard","hentry","category-article-descriptif","category-artistes","category-conference","category-le-soleil","tag-albert-rousseau","tag-alfred-pellan","tag-andre-philippe-cote","tag-antoine-tanguay","tag-aristide-gagnon","tag-armand-vaillancourt","tag-berthio","tag-betty-goodwin","tag-bgl","tag-cedric-belanger","tag-cegep-de-sainte-foy","tag-cegep-de-sainte-foy-3","tag-champlain-charest","tag-christian-vinet","tag-claude-tousignant","tag-claude-vallieres","tag-daniel-johnson","tag-denis-cote","tag-fondation-riopelle-vachon","tag-gilbert-normand","tag-gilles-gagne","tag-guy-robert","tag-huguette-vachon","tag-j-belco-production","tag-jacques-michel","tag-jean-pierre-raynaud-2","tag-jean-paul-lemieux-2","tag-jean-paul-riopelle","tag-jean-pierre-morin","tag-joanne-cyr","tag-journal-de-quebec","tag-lea-harvey","tag-les-editions-alto","tag-lesoleil","tag-loraine-cyr","tag-lucien-bouchard","tag-marc-aurele-fortin-2","tag-marc-seguin","tag-marcel-rousseau","tag-mia-falardeau","tag-michel-chartrand","tag-michel-parent","tag-molinari","tag-musee-des-beaux-arts-de-montreal","tag-musee-national-des-beaux-arts-du-quebec","tag-rene-viau","tag-revue-humoristique-safarir","tag-robert-bernier","tag-robert-guy-scully","tag-roger-bellemare","tag-rosa-luxembourg","tag-safarir","tag-toulouse-lautrec","tag-tousignant"],"_links":{"self":[{"href":"https:\/\/galeriebecot.com\/index.php?rest_route=\/wp\/v2\/posts\/13764","targetHints":{"allow":["GET"]}}],"collection":[{"href":"https:\/\/galeriebecot.com\/index.php?rest_route=\/wp\/v2\/posts"}],"about":[{"href":"https:\/\/galeriebecot.com\/index.php?rest_route=\/wp\/v2\/types\/post"}],"author":[{"embeddable":true,"href":"https:\/\/galeriebecot.com\/index.php?rest_route=\/wp\/v2\/users\/1"}],"replies":[{"embeddable":true,"href":"https:\/\/galeriebecot.com\/index.php?rest_route=%2Fwp%2Fv2%2Fcomments&post=13764"}],"version-history":[{"count":213,"href":"https:\/\/galeriebecot.com\/index.php?rest_route=\/wp\/v2\/posts\/13764\/revisions"}],"predecessor-version":[{"id":16395,"href":"https:\/\/galeriebecot.com\/index.php?rest_route=\/wp\/v2\/posts\/13764\/revisions\/16395"}],"wp:attachment":[{"href":"https:\/\/galeriebecot.com\/index.php?rest_route=%2Fwp%2Fv2%2Fmedia&parent=13764"}],"wp:term":[{"taxonomy":"category","embeddable":true,"href":"https:\/\/galeriebecot.com\/index.php?rest_route=%2Fwp%2Fv2%2Fcategories&post=13764"},{"taxonomy":"post_tag","embeddable":true,"href":"https:\/\/galeriebecot.com\/index.php?rest_route=%2Fwp%2Fv2%2Ftags&post=13764"}],"curies":[{"name":"wp","href":"https:\/\/api.w.org\/{rel}","templated":true}]}}