{"id":13721,"date":"2020-12-09T12:40:48","date_gmt":"2020-12-09T17:40:48","guid":{"rendered":"http:\/\/www.clubdescollectionneursenartsvisuelsdequebec.com\/?p=13721"},"modified":"2020-12-10T12:20:29","modified_gmt":"2020-12-10T17:20:29","slug":"peut-on-detruire-une-oeuvre-dart","status":"publish","type":"post","link":"https:\/\/galeriebecot.com\/?p=13721","title":{"rendered":"Peut-on d\u00e9truire une Oeuvre D&rsquo;Art !"},"content":{"rendered":"\n<figure class=\"wp-block-embed-youtube wp-block-embed is-type-video is-provider-youtube wp-embed-aspect-16-9 wp-has-aspect-ratio\"><div class=\"wp-block-embed__wrapper\">\n<iframe loading=\"lazy\" title=\"La destruction des oeuvres d&#039;art | Paroles | Centre Pompidou\" width=\"700\" height=\"394\" src=\"https:\/\/www.youtube.com\/embed\/DghWm7Uq9Lg?feature=oembed\" frameborder=\"0\" allow=\"accelerometer; autoplay; clipboard-write; encrypted-media; gyroscope; picture-in-picture\" allowfullscreen><\/iframe>\n<\/div><\/figure>\n\n\n\n<figure class=\"wp-block-image size-large\"><img loading=\"lazy\" decoding=\"async\" width=\"1024\" height=\"905\" src=\"https:\/\/www.galeriebecot.com\/wp-content\/uploads\/2020\/12\/Sculpture-1-1024x905.jpg\" alt=\"\" class=\"wp-image-13723\" srcset=\"https:\/\/galeriebecot.com\/wp-content\/uploads\/2020\/12\/Sculpture-1-1024x905.jpg 1024w, https:\/\/galeriebecot.com\/wp-content\/uploads\/2020\/12\/Sculpture-1-300x265.jpg 300w, https:\/\/galeriebecot.com\/wp-content\/uploads\/2020\/12\/Sculpture-1-768x678.jpg 768w, https:\/\/galeriebecot.com\/wp-content\/uploads\/2020\/12\/Sculpture-1.jpg 1440w\" sizes=\"auto, (max-width: 1024px) 100vw, 1024px\" \/><\/figure>\n\n\n\n<figure class=\"wp-block-image size-large\"><img loading=\"lazy\" decoding=\"async\" width=\"863\" height=\"1024\" src=\"https:\/\/www.galeriebecot.com\/wp-content\/uploads\/2020\/12\/Sculpture-2-863x1024.jpg\" alt=\"\" class=\"wp-image-13724\" srcset=\"https:\/\/galeriebecot.com\/wp-content\/uploads\/2020\/12\/Sculpture-2-863x1024.jpg 863w, https:\/\/galeriebecot.com\/wp-content\/uploads\/2020\/12\/Sculpture-2-253x300.jpg 253w, https:\/\/galeriebecot.com\/wp-content\/uploads\/2020\/12\/Sculpture-2-768x911.jpg 768w, https:\/\/galeriebecot.com\/wp-content\/uploads\/2020\/12\/Sculpture-2.jpg 1224w\" sizes=\"auto, (max-width: 863px) 100vw, 863px\" \/><\/figure>\n\n\n\n<figure class=\"wp-block-image size-large\"><a href=\"https:\/\/www.lesoleil.com\/actualites\/promenade-samuel-de-champlain-deux-uvres-dart-envolees-08833f086d7ee02d4a427b55fd18848c\"><img loading=\"lazy\" decoding=\"async\" width=\"1008\" height=\"1024\" src=\"https:\/\/www.galeriebecot.com\/wp-content\/uploads\/2020\/12\/Sculpture-3-1008x1024.jpg\" alt=\"\" class=\"wp-image-13725\" srcset=\"https:\/\/galeriebecot.com\/wp-content\/uploads\/2020\/12\/Sculpture-3-1008x1024.jpg 1008w, https:\/\/galeriebecot.com\/wp-content\/uploads\/2020\/12\/Sculpture-3-295x300.jpg 295w, https:\/\/galeriebecot.com\/wp-content\/uploads\/2020\/12\/Sculpture-3-768x780.jpg 768w, https:\/\/galeriebecot.com\/wp-content\/uploads\/2020\/12\/Sculpture-3.jpg 1224w\" sizes=\"auto, (max-width: 1008px) 100vw, 1008px\" \/><\/a><\/figure>\n\n\n\n<figure class=\"wp-block-image size-large\"><img loading=\"lazy\" decoding=\"async\" width=\"837\" height=\"1024\" src=\"https:\/\/www.galeriebecot.com\/wp-content\/uploads\/2020\/12\/Sculpture-4-837x1024.jpg\" alt=\"\" class=\"wp-image-13726\" srcset=\"https:\/\/galeriebecot.com\/wp-content\/uploads\/2020\/12\/Sculpture-4-837x1024.jpg 837w, https:\/\/galeriebecot.com\/wp-content\/uploads\/2020\/12\/Sculpture-4-245x300.jpg 245w, https:\/\/galeriebecot.com\/wp-content\/uploads\/2020\/12\/Sculpture-4-768x939.jpg 768w, https:\/\/galeriebecot.com\/wp-content\/uploads\/2020\/12\/Sculpture-4.jpg 1224w\" sizes=\"auto, (max-width: 837px) 100vw, 837px\" \/><\/figure>\n\n\n\n<figure class=\"wp-block-image size-large\"><img loading=\"lazy\" decoding=\"async\" width=\"855\" height=\"1024\" src=\"https:\/\/www.galeriebecot.com\/wp-content\/uploads\/2020\/12\/Sculpture5-855x1024.jpg\" alt=\"\" class=\"wp-image-13727\" srcset=\"https:\/\/galeriebecot.com\/wp-content\/uploads\/2020\/12\/Sculpture5-855x1024.jpg 855w, https:\/\/galeriebecot.com\/wp-content\/uploads\/2020\/12\/Sculpture5-250x300.jpg 250w, https:\/\/galeriebecot.com\/wp-content\/uploads\/2020\/12\/Sculpture5-768x920.jpg 768w, https:\/\/galeriebecot.com\/wp-content\/uploads\/2020\/12\/Sculpture5.jpg 1224w\" sizes=\"auto, (max-width: 855px) 100vw, 855px\" \/><\/figure>\n\n\n\n<figure class=\"wp-block-image size-large\"><img loading=\"lazy\" decoding=\"async\" width=\"1024\" height=\"855\" src=\"https:\/\/www.galeriebecot.com\/wp-content\/uploads\/2020\/12\/Sculpture6-1024x855.jpg\" alt=\"\" class=\"wp-image-13728\" srcset=\"https:\/\/galeriebecot.com\/wp-content\/uploads\/2020\/12\/Sculpture6-1024x855.jpg 1024w, https:\/\/galeriebecot.com\/wp-content\/uploads\/2020\/12\/Sculpture6-300x250.jpg 300w, https:\/\/galeriebecot.com\/wp-content\/uploads\/2020\/12\/Sculpture6-768x641.jpg 768w, https:\/\/galeriebecot.com\/wp-content\/uploads\/2020\/12\/Sculpture6.jpg 1206w\" sizes=\"auto, (max-width: 1024px) 100vw, 1024px\" \/><\/figure>\n\n\n\n<p class=\"wp-block-paragraph\">Dans le cas d\u2019oeuvres d\u2019art publiques cr\u00e9\u00e9es dans le cadre de la politique d\u2019int\u00e9gration de l\u2019art \u00e0 l\u2019architecture et \u00e0 l\u2019environnement ( 1% ) les organismes ( \u00e9coles, h\u00f4pitaux&#8230;) deviennent d\u00e9positaires de l\u2019\u0153uvre et non pas propri\u00e9taires, et en tant que d\u00e9positaires doivent assumer la sauvegarde ( entretien ) de l\u2019\u0153uvre. Cette responsabilit\u00e9 est souvent oubli\u00e9e. ( J\u00e9r\u00f4me R. Morisette, consultant en conservation des m\u00e9taux, Art public &amp; patrimoine industriel  \/ restaurateur d\u2019oeuvres d\u2019art.<\/p>\n\n\n\n<p class=\"wp-block-paragraph\">Une \u0153uvre d&rsquo;art aim\u00e9e, appr\u00e9ci\u00e9e et cajol\u00e9e, traverse le temps et les g\u00e9n\u00e9rations !  <em>( Andr\u00e9 B\u00e9cot )<\/em><\/p>\n\n\n\n<figure class=\"wp-block-image size-large\"><img loading=\"lazy\" decoding=\"async\" width=\"952\" height=\"1024\" src=\"https:\/\/www.galeriebecot.com\/wp-content\/uploads\/2020\/12\/Rebond-952x1024.jpg\" alt=\"\" class=\"wp-image-13754\" srcset=\"https:\/\/galeriebecot.com\/wp-content\/uploads\/2020\/12\/Rebond-952x1024.jpg 952w, https:\/\/galeriebecot.com\/wp-content\/uploads\/2020\/12\/Rebond-279x300.jpg 279w, https:\/\/galeriebecot.com\/wp-content\/uploads\/2020\/12\/Rebond-768x826.jpg 768w, https:\/\/galeriebecot.com\/wp-content\/uploads\/2020\/12\/Rebond-1428x1536.jpg 1428w, https:\/\/galeriebecot.com\/wp-content\/uploads\/2020\/12\/Rebond.jpg 1512w\" sizes=\"auto, (max-width: 952px) 100vw, 952px\" \/><\/figure>\n\n\n\n<figure class=\"wp-block-image size-large\"><img loading=\"lazy\" decoding=\"async\" width=\"1024\" height=\"950\" src=\"https:\/\/www.galeriebecot.com\/wp-content\/uploads\/2020\/12\/Rebond1-1-1024x950.jpg\" alt=\"\" class=\"wp-image-13755\" srcset=\"https:\/\/galeriebecot.com\/wp-content\/uploads\/2020\/12\/Rebond1-1-1024x950.jpg 1024w, https:\/\/galeriebecot.com\/wp-content\/uploads\/2020\/12\/Rebond1-1-300x278.jpg 300w, https:\/\/galeriebecot.com\/wp-content\/uploads\/2020\/12\/Rebond1-1-768x713.jpg 768w, https:\/\/galeriebecot.com\/wp-content\/uploads\/2020\/12\/Rebond1-1.jpg 1512w\" sizes=\"auto, (max-width: 1024px) 100vw, 1024px\" \/><\/figure>\n\n\n\n<figure class=\"wp-block-image size-large\"><img loading=\"lazy\" decoding=\"async\" width=\"1024\" height=\"956\" src=\"https:\/\/www.galeriebecot.com\/wp-content\/uploads\/2020\/12\/Rebond2-1024x956.jpg\" alt=\"\" class=\"wp-image-13756\" srcset=\"https:\/\/galeriebecot.com\/wp-content\/uploads\/2020\/12\/Rebond2-1024x956.jpg 1024w, https:\/\/galeriebecot.com\/wp-content\/uploads\/2020\/12\/Rebond2-300x280.jpg 300w, https:\/\/galeriebecot.com\/wp-content\/uploads\/2020\/12\/Rebond2-768x717.jpg 768w, https:\/\/galeriebecot.com\/wp-content\/uploads\/2020\/12\/Rebond2-1536x1434.jpg 1536w, https:\/\/galeriebecot.com\/wp-content\/uploads\/2020\/12\/Rebond2.jpg 1734w\" sizes=\"auto, (max-width: 1024px) 100vw, 1024px\" \/><\/figure>\n\n\n\n<figure class=\"wp-block-image size-large\"><img loading=\"lazy\" decoding=\"async\" width=\"1024\" height=\"56\" src=\"https:\/\/www.galeriebecot.com\/wp-content\/uploads\/2020\/12\/Rebond4-1024x56.jpg\" alt=\"\" class=\"wp-image-13757\" srcset=\"https:\/\/galeriebecot.com\/wp-content\/uploads\/2020\/12\/Rebond4-1024x56.jpg 1024w, https:\/\/galeriebecot.com\/wp-content\/uploads\/2020\/12\/Rebond4-300x17.jpg 300w, https:\/\/galeriebecot.com\/wp-content\/uploads\/2020\/12\/Rebond4-768x42.jpg 768w, https:\/\/galeriebecot.com\/wp-content\/uploads\/2020\/12\/Rebond4-1536x85.jpg 1536w, https:\/\/galeriebecot.com\/wp-content\/uploads\/2020\/12\/Rebond4.jpg 1724w\" sizes=\"auto, (max-width: 1024px) 100vw, 1024px\" \/><\/figure>\n\n\n\n<figure class=\"wp-block-image size-large\"><a href=\"https:\/\/www.20minutes.fr\/culture\/206663-20080116-droit-detruire-oeuvre-dart\"><img loading=\"lazy\" decoding=\"async\" width=\"613\" height=\"1024\" src=\"https:\/\/www.galeriebecot.com\/wp-content\/uploads\/2020\/12\/20-minutes-11-613x1024.jpg\" alt=\"\" class=\"wp-image-13734\" srcset=\"https:\/\/galeriebecot.com\/wp-content\/uploads\/2020\/12\/20-minutes-11-613x1024.jpg 613w, https:\/\/galeriebecot.com\/wp-content\/uploads\/2020\/12\/20-minutes-11-180x300.jpg 180w, https:\/\/galeriebecot.com\/wp-content\/uploads\/2020\/12\/20-minutes-11-768x1282.jpg 768w, https:\/\/galeriebecot.com\/wp-content\/uploads\/2020\/12\/20-minutes-11-920x1536.jpg 920w, https:\/\/galeriebecot.com\/wp-content\/uploads\/2020\/12\/20-minutes-11-1227x2048.jpg 1227w, https:\/\/galeriebecot.com\/wp-content\/uploads\/2020\/12\/20-minutes-11.jpg 1440w\" sizes=\"auto, (max-width: 613px) 100vw, 613px\" \/><\/a><\/figure>\n\n\n\n<figure class=\"wp-block-image size-large\"><img loading=\"lazy\" decoding=\"async\" width=\"1024\" height=\"568\" src=\"https:\/\/www.galeriebecot.com\/wp-content\/uploads\/2020\/12\/Suivante-1024x568.jpg\" alt=\"\" class=\"wp-image-13735\" srcset=\"https:\/\/galeriebecot.com\/wp-content\/uploads\/2020\/12\/Suivante-1024x568.jpg 1024w, https:\/\/galeriebecot.com\/wp-content\/uploads\/2020\/12\/Suivante-300x166.jpg 300w, https:\/\/galeriebecot.com\/wp-content\/uploads\/2020\/12\/Suivante-768x426.jpg 768w, https:\/\/galeriebecot.com\/wp-content\/uploads\/2020\/12\/Suivante.jpg 1440w\" sizes=\"auto, (max-width: 1024px) 100vw, 1024px\" \/><figcaption><br><\/figcaption><\/figure>\n\n\n\n<figure class=\"wp-block-image size-large\"><a href=\"https:\/\/vimeo.com\/31648918\"><img loading=\"lazy\" decoding=\"async\" width=\"1024\" height=\"580\" src=\"https:\/\/www.galeriebecot.com\/wp-content\/uploads\/2020\/12\/Becot-_St-Ubald-1024x580.jpg\" alt=\"\" class=\"wp-image-13759\" srcset=\"https:\/\/galeriebecot.com\/wp-content\/uploads\/2020\/12\/Becot-_St-Ubald-1024x580.jpg 1024w, https:\/\/galeriebecot.com\/wp-content\/uploads\/2020\/12\/Becot-_St-Ubald-300x170.jpg 300w, https:\/\/galeriebecot.com\/wp-content\/uploads\/2020\/12\/Becot-_St-Ubald-768x435.jpg 768w, https:\/\/galeriebecot.com\/wp-content\/uploads\/2020\/12\/Becot-_St-Ubald.jpg 1440w\" sizes=\"auto, (max-width: 1024px) 100vw, 1024px\" \/><\/a><figcaption>Oeuvre du 1% par Andr\u00e9 B\u00e9cot d\u00e9truite \u00e0 Saint-Ubald.<\/figcaption><\/figure>\n\n\n\n<figure><iframe loading=\"lazy\" src=\"https:\/\/player.vimeo.com\/video\/181649203\" width=\"640\" height=\"360\" allowfullscreen=\"\"><\/iframe><\/figure>\n\n\n\n<p class=\"wp-block-paragraph\"><a href=\"https:\/\/vimeo.com\/181649203\">Aristide Gagnon&#8230; Le huiti\u00e8me jour (2016) | EXTRAIT \/ TRAILER VO<\/a> from <a href=\"https:\/\/vimeo.com\/spiraquebec\">SPIRA<\/a> on <a href=\"https:\/\/vimeo.com\">Vimeo<\/a>.<\/p>\n","protected":false},"excerpt":{"rendered":"<p>Dans le cas d\u2019oeuvres d\u2019art publiques cr\u00e9\u00e9es dans le cadre de la politique d\u2019int\u00e9gration de l\u2019art \u00e0 l\u2019architecture et \u00e0 l\u2019environnement ( 1% ) les organismes ( \u00e9coles, h\u00f4pitaux&#8230;) deviennent&hellip; <\/p>\n","protected":false},"author":1,"featured_media":0,"comment_status":"open","ping_status":"open","sticky":false,"template":"","format":"standard","meta":{"_exactmetrics_skip_tracking":false,"_exactmetrics_sitenote_active":false,"_exactmetrics_sitenote_note":"","_exactmetrics_sitenote_category":0,"footnotes":""},"categories":[1],"tags":[3645,34,53,2448,1517,3643,3644,3642,3646,775,245,3641,58,470],"class_list":["post-13721","post","type-post","status-publish","format-standard","hentry","category-non-classe","tag-adagp","tag-andre-becot","tag-aristide-gagnon","tag-baptiste-ricard-chatelain","tag-cegep-de-sainte-foy","tag-claude-boutin","tag-daniel-buren","tag-danielle-roux","tag-erick-labbe","tag-jean-pierre-raynaud","tag-lesoleil","tag-madame-imedjdouben","tag-marc-bellemare-collectionneur","tag-richard-lavoie"],"_links":{"self":[{"href":"https:\/\/galeriebecot.com\/index.php?rest_route=\/wp\/v2\/posts\/13721","targetHints":{"allow":["GET"]}}],"collection":[{"href":"https:\/\/galeriebecot.com\/index.php?rest_route=\/wp\/v2\/posts"}],"about":[{"href":"https:\/\/galeriebecot.com\/index.php?rest_route=\/wp\/v2\/types\/post"}],"author":[{"embeddable":true,"href":"https:\/\/galeriebecot.com\/index.php?rest_route=\/wp\/v2\/users\/1"}],"replies":[{"embeddable":true,"href":"https:\/\/galeriebecot.com\/index.php?rest_route=%2Fwp%2Fv2%2Fcomments&post=13721"}],"version-history":[{"count":16,"href":"https:\/\/galeriebecot.com\/index.php?rest_route=\/wp\/v2\/posts\/13721\/revisions"}],"predecessor-version":[{"id":13762,"href":"https:\/\/galeriebecot.com\/index.php?rest_route=\/wp\/v2\/posts\/13721\/revisions\/13762"}],"wp:attachment":[{"href":"https:\/\/galeriebecot.com\/index.php?rest_route=%2Fwp%2Fv2%2Fmedia&parent=13721"}],"wp:term":[{"taxonomy":"category","embeddable":true,"href":"https:\/\/galeriebecot.com\/index.php?rest_route=%2Fwp%2Fv2%2Fcategories&post=13721"},{"taxonomy":"post_tag","embeddable":true,"href":"https:\/\/galeriebecot.com\/index.php?rest_route=%2Fwp%2Fv2%2Ftags&post=13721"}],"curies":[{"name":"wp","href":"https:\/\/api.w.org\/{rel}","templated":true}]}}