{"id":13518,"date":"2020-12-04T17:01:00","date_gmt":"2020-12-04T22:01:00","guid":{"rendered":"http:\/\/www.clubdescollectionneursenartsvisuelsdequebec.com\/?p=13518"},"modified":"2020-12-07T16:06:10","modified_gmt":"2020-12-07T21:06:10","slug":"13518","status":"publish","type":"post","link":"https:\/\/galeriebecot.com\/?p=13518","title":{"rendered":"Les artistes les plus influents de 2020&#8230;selon Artsy"},"content":{"rendered":"\n<pre class=\"wp-block-preformatted\"><a href=\"https:\/\/www.artsy.net\/article\/artsy-editorial-influential-artists-2020?utm_medium=social&amp;utm_source=facebook&amp;utm_campaign=editorial&amp;fbclid=IwAR0qS1ulpywMHPmsqbqyfAuAvSU_PI06fU4SKnSX8vH9uf0mAjFoG_d1YlQ\">Au d\u00e9but de 2020, il \u00e9tait impossible de pr\u00e9dire que cette ann\u00e9e allait transformer le monde de l'art tel que nous le connaissions. En mars, la pand\u00e9mie COVID-19 a commenc\u00e9 \u00e0 mettre en balance des ann\u00e9es enti\u00e8res de mus\u00e9es, de galeries et d'expositions biennales, et elle a peut-\u00eatre \u00e0 jamais secou\u00e9 le circuit international des foires d'art...<\/a>\n<\/pre>\n\n\n\n<figure class=\"wp-block-image size-large\"><a href=\"https:\/\/www.artsy.net\/article\/artsy-editorial-influential-artists-2020?utm_medium=social&amp;utm_source=facebook&amp;utm_campaign=editorial&amp;fbclid=IwAR0qS1ulpywMHPmsqbqyfAuAvSU_PI06fU4SKnSX8vH9uf0mAjFoG_d1YlQ\"><img loading=\"lazy\" decoding=\"async\" width=\"1008\" height=\"694\" src=\"https:\/\/www.galeriebecot.com\/wp-content\/uploads\/2020\/12\/Liu-Ye-1.jpg\" alt=\"\" class=\"wp-image-13716\" srcset=\"https:\/\/galeriebecot.com\/wp-content\/uploads\/2020\/12\/Liu-Ye-1.jpg 1008w, https:\/\/galeriebecot.com\/wp-content\/uploads\/2020\/12\/Liu-Ye-1-300x207.jpg 300w, https:\/\/galeriebecot.com\/wp-content\/uploads\/2020\/12\/Liu-Ye-1-768x529.jpg 768w\" sizes=\"auto, (max-width: 1008px) 100vw, 1008px\" \/><\/a><figcaption>Artsy.net<\/figcaption><\/figure>\n\n\n\n<figure class=\"wp-block-image size-large\"><img loading=\"lazy\" decoding=\"async\" width=\"1024\" height=\"863\" src=\"https:\/\/www.galeriebecot.com\/wp-content\/uploads\/2020\/10\/Marche1-1024x863.gif\" alt=\"\" class=\"wp-image-13519\" srcset=\"https:\/\/galeriebecot.com\/wp-content\/uploads\/2020\/10\/Marche1-1024x863.gif 1024w, https:\/\/galeriebecot.com\/wp-content\/uploads\/2020\/10\/Marche1-300x253.gif 300w, https:\/\/galeriebecot.com\/wp-content\/uploads\/2020\/10\/Marche1-768x647.gif 768w, https:\/\/galeriebecot.com\/wp-content\/uploads\/2020\/10\/Marche1-1536x1294.gif 1536w\" sizes=\"auto, (max-width: 1024px) 100vw, 1024px\" \/><\/figure>\n\n\n\n<figure class=\"wp-block-image size-large\"><img loading=\"lazy\" decoding=\"async\" width=\"1024\" height=\"975\" src=\"https:\/\/www.galeriebecot.com\/wp-content\/uploads\/2020\/10\/Marche2-1024x975.gif\" alt=\"\" class=\"wp-image-13520\" srcset=\"https:\/\/galeriebecot.com\/wp-content\/uploads\/2020\/10\/Marche2-1024x975.gif 1024w, https:\/\/galeriebecot.com\/wp-content\/uploads\/2020\/10\/Marche2-300x286.gif 300w, https:\/\/galeriebecot.com\/wp-content\/uploads\/2020\/10\/Marche2-768x731.gif 768w, https:\/\/galeriebecot.com\/wp-content\/uploads\/2020\/10\/Marche2-1536x1462.gif 1536w\" sizes=\"auto, (max-width: 1024px) 100vw, 1024px\" \/><\/figure>\n\n\n\n<figure class=\"wp-block-image size-large\"><a href=\"https:\/\/fr.artprice.com\/artprice-reports\/le-marche-de-lart-contemporain-2020\/les-piliers-du-marche\"><img loading=\"lazy\" decoding=\"async\" width=\"1024\" height=\"806\" src=\"https:\/\/www.galeriebecot.com\/wp-content\/uploads\/2020\/10\/Marche3-1024x806.gif\" alt=\"\" class=\"wp-image-13521\" srcset=\"https:\/\/galeriebecot.com\/wp-content\/uploads\/2020\/10\/Marche3-1024x806.gif 1024w, https:\/\/galeriebecot.com\/wp-content\/uploads\/2020\/10\/Marche3-300x236.gif 300w, https:\/\/galeriebecot.com\/wp-content\/uploads\/2020\/10\/Marche3-768x604.gif 768w, https:\/\/galeriebecot.com\/wp-content\/uploads\/2020\/10\/Marche3-1536x1209.gif 1536w\" sizes=\"auto, (max-width: 1024px) 100vw, 1024px\" \/><\/a><\/figure>\n\n\n\n<p class=\"wp-block-paragraph\">Basquiat et Koons p\u00e8sent 12 % du March\u00e9 de l&rsquo;art contemporain&#8230;<\/p>\n","protected":false},"excerpt":{"rendered":"<p>Au d\u00e9but de 2020, il \u00e9tait impossible de pr\u00e9dire que cette ann\u00e9e allait transformer le monde de l&rsquo;art tel que nous le connaissions. En mars, la pand\u00e9mie COVID-19 a commenc\u00e9&hellip; <\/p>\n","protected":false},"author":1,"featured_media":0,"comment_status":"open","ping_status":"open","sticky":false,"template":"","format":"standard","meta":{"_exactmetrics_skip_tracking":false,"_exactmetrics_sitenote_active":false,"_exactmetrics_sitenote_note":"","_exactmetrics_sitenote_category":0,"footnotes":""},"categories":[1],"tags":[1445,3541,3634,34,171,2673,53,3514,3517,3531,3512,3633,588,3624,564,647,3525,928,3632,3522,67,345,1155,3631,275,3630,3539,232,2750,3635,3536,1482,3636,2767,3448,1152,2865,3519,3530,1443,3533,3529,3538,3035,221,3513,3627,454,58,3534,3527,3543,3523,3637,3526,1457,3625,1881,3638,3447,3521,3535,158,3540,1233,3542,3628,3537,3639,356,889,3528,3623,3626,3640,452,3518,3629,3524,3622,2820,3532],"class_list":["post-13518","post","type-post","status-publish","format-standard","hentry","category-non-classe","tag-alain-leblond","tag-albert-oehlen","tag-amoako-boaeo","tag-andre-becot","tag-andre-becot-artiste","tag-antoine-becotte","tag-aristide-gagnon","tag-art-contemporain","tag-artprice","tag-banksy","tag-basquiat","tag-betye-saar","tag-biennale-de-venise","tag-brook-andrew","tag-carol-poulin","tag-celine-g-lapointe","tag-chen-yifei","tag-christies","tag-christine-sun-kim","tag-christopher-wool","tag-club-des-collectionneurs-en-arts-visuels-de-quebec-marc-bellemare","tag-colette-matte","tag-damien-hirst","tag-deanan-lawson","tag-don-darby","tag-frank-bowling","tag-george-condo","tag-gerard-belanger","tag-gilbert-sevigny","tag-grayson-perry","tag-guggenheim","tag-guy-royer","tag-haegue-yang","tag-jean-berneche","tag-jean-gauthier","tag-jean-michel-basquiat","tag-jean-philip-audet","tag-jeff-koons","tag-jenny-saville","tag-jerome-morissette","tag-john-currin","tag-kaws","tag-keith-haring","tag-kerry-james-marshall","tag-klody-tremblay","tag-koons","tag-liu-ye","tag-lyse-marsan","tag-marc-bellemare-collectionneur","tag-mark-bradford","tag-mark-grotjahn","tag-mark-tansey","tag-martin-kippenberger","tag-matthew-wong","tag-maurizio-cattelan","tag-michel-raymond","tag-nicolas-party","tag-nicole-lacroix-thibault","tag-patrisse-cullors","tag-pauline-taschereau","tag-peter-doig","tag-peter-schjeldahl","tag-renald-brisebois","tag-richard-prince","tag-roger-fournier","tag-rudolf-stingel","tag-ruth-asawa","tag-san-francisco-museun-of-modern-art","tag-sandra-gamarra","tag-serge-philippe-tremblay","tag-suzette-patry","tag-takashi-murakami","tag-tarek-atoui","tag-tituas-kaphar","tag-toyin-ojih-odutola","tag-viviane-gruais","tag-wall-street","tag-wendy-red-star","tag-yoshitomo-nara","tag-zanele-muholi","tag-zeng-fanzhi","tag-zhang-xiaogang"],"_links":{"self":[{"href":"https:\/\/galeriebecot.com\/index.php?rest_route=\/wp\/v2\/posts\/13518","targetHints":{"allow":["GET"]}}],"collection":[{"href":"https:\/\/galeriebecot.com\/index.php?rest_route=\/wp\/v2\/posts"}],"about":[{"href":"https:\/\/galeriebecot.com\/index.php?rest_route=\/wp\/v2\/types\/post"}],"author":[{"embeddable":true,"href":"https:\/\/galeriebecot.com\/index.php?rest_route=\/wp\/v2\/users\/1"}],"replies":[{"embeddable":true,"href":"https:\/\/galeriebecot.com\/index.php?rest_route=%2Fwp%2Fv2%2Fcomments&post=13518"}],"version-history":[{"count":9,"href":"https:\/\/galeriebecot.com\/index.php?rest_route=\/wp\/v2\/posts\/13518\/revisions"}],"predecessor-version":[{"id":13720,"href":"https:\/\/galeriebecot.com\/index.php?rest_route=\/wp\/v2\/posts\/13518\/revisions\/13720"}],"wp:attachment":[{"href":"https:\/\/galeriebecot.com\/index.php?rest_route=%2Fwp%2Fv2%2Fmedia&parent=13518"}],"wp:term":[{"taxonomy":"category","embeddable":true,"href":"https:\/\/galeriebecot.com\/index.php?rest_route=%2Fwp%2Fv2%2Fcategories&post=13518"},{"taxonomy":"post_tag","embeddable":true,"href":"https:\/\/galeriebecot.com\/index.php?rest_route=%2Fwp%2Fv2%2Ftags&post=13518"}],"curies":[{"name":"wp","href":"https:\/\/api.w.org\/{rel}","templated":true}]}}