{"id":13422,"date":"2020-10-21T15:10:46","date_gmt":"2020-10-21T19:10:46","guid":{"rendered":"http:\/\/www.clubdescollectionneursenartsvisuelsdequebec.com\/?p=13422"},"modified":"2020-10-21T15:56:22","modified_gmt":"2020-10-21T19:56:22","slug":"antoine-dumas-est-decede","status":"publish","type":"post","link":"https:\/\/galeriebecot.com\/?p=13422","title":{"rendered":"Antoine Dumas est d\u00e9c\u00e9d\u00e9&#8230;"},"content":{"rendered":"\n<div class=\"wp-block-image\"><figure class=\"aligncenter size-large\"><a href=\"https:\/\/www.lesoleil.com\/opinions\/point-de-vue\/mon-ami-le-peintre-antoine-dumas-2aec465c84dcf2eeff367b12ffbfcb85?utm_campaign=lesoleil&amp;utm_medium=article_share&amp;utm_source=facebook&amp;fbclid=IwAR2_-mKxKbG_tJheqsOVwFmM2rieAvKEBvA3JS-q9E0AhjFUC_SwMUGdLJg\"><img loading=\"lazy\" decoding=\"async\" width=\"300\" height=\"300\" src=\"https:\/\/www.galeriebecot.com\/wp-content\/uploads\/2020\/10\/Les-bons-vivants24x30-300x300-2.jpg\" alt=\"\" class=\"wp-image-13423\" srcset=\"https:\/\/galeriebecot.com\/wp-content\/uploads\/2020\/10\/Les-bons-vivants24x30-300x300-2.jpg 300w, https:\/\/galeriebecot.com\/wp-content\/uploads\/2020\/10\/Les-bons-vivants24x30-300x300-2-150x150.jpg 150w\" sizes=\"auto, (max-width: 300px) 100vw, 300px\" \/><\/a><figcaption>Antoine Dumas<br>Les bons vivants<br>Acrylique sur toile<br>20 x 30<br><a href=\"https:\/\/www.lesoleil.com\/opinions\/point-de-vue\/mon-ami-le-peintre-antoine-dumas-2aec465c84dcf2eeff367b12ffbfcb85?utm_campaign=lesoleil&amp;utm_medium=article_share&amp;utm_source=facebook&amp;fbclid=IwAR2_-mKxKbG_tJheqsOVwFmM2rieAvKEBvA3JS-q9E0AhjFUC_SwMUGdLJg\">Lien avec le journal LeSoleil<\/a><\/figcaption><\/figure><\/div>\n\n\n\n<p class=\"has-text-align-center wp-block-paragraph\"><em>Extrait d&rsquo;un texte de Claude Cossette&#8230;<\/em><\/p>\n\n\n\n<p class=\"has-text-align-center wp-block-paragraph\">Un peu comme <strong>Magritte<\/strong> il \u00e9tait<\/p>\n\n\n\n<p class=\"has-text-align-center wp-block-paragraph\"><strong><em>&lt;&lt; un homme de r\u00e9flexion qui communique ses id\u00e9es par la peinture &gt;&gt;<\/em><\/strong><\/p>\n\n\n\n<p class=\"wp-block-paragraph\">N\u00e9 en 1932 au coeur du Vieux-Qu\u00e9bec d&rsquo;un p\u00e8re journaliste et d&rsquo;une m\u00e8re issue d&rsquo;une famille d&rsquo;imprimeurs, Dumas a toujours \u00e9t\u00e9 un homme de communication visuelle. Cela se v\u00e9rifie dans plusieurs de ses images comme dans&nbsp;<em>Derni\u00e8re&nbsp;<\/em>\u00e9dition,&nbsp;<em>Les&nbsp;<\/em>impressions (1971),&nbsp;<em>Pressier&nbsp;<\/em>de&nbsp;<em>nuit<\/em>&nbsp;(1977) ou&nbsp;<em>L&rsquo;info-\u00e9nergie<\/em>(1981). De 13 \u00e0 17 ans, Dumas donne un aper\u00e7u de sa personnalit\u00e9 opini\u00e2tre, et de son travail minutieux: chaque jour pendant ces cinq ann\u00e9es, il r\u00e9alise une illustration, image synth\u00e8se de l&rsquo;actualit\u00e9 quotidienne, familiale, politique, sociale&#8230; qui devient un \u00e9ph\u00e9m\u00e9ride en images. D\u00e8s son adolescence, on constate que Dumas \u00e9tait d\u00e9j\u00e0 passionn\u00e9 par la lettre. Ses dessins sont identifi\u00e9s par des scriptes anglaises ou de grandes capitales \u00e0 empattements. Ses tableaux de notes pour ses \u00e9tudiants de l&rsquo;universit\u00e9 \u00e9taient toujours affich\u00e9s en belles lettres manuscrites consciencieusement trac\u00e9es.<\/p>\n\n\n\n<p class=\"wp-block-paragraph\"><strong>Un imagicien passionn\u00e9<\/strong><br>Dumas est profond\u00e9ment un<strong> homme d&rsquo;image<\/strong>. L&rsquo;image, c&rsquo;est sa fa\u00e7on d&rsquo;exprimer ses id\u00e9es un peu comme Magritte qui n&rsquo;aimait pas se faire appeler artiste et objectait qu&rsquo;il \u00e9tait<strong> \u00ab\u00a0un homme de r\u00e9flexion qui communique ses id\u00e9es par la peinture<\/strong>\u00ab\u00a0. Toute sa vie, Dumas lui aussi, l&rsquo;a consacr\u00e9e \u00e0 <strong>\u00ab\u00a0penser en images\u00a0\u00bb<\/strong>. Et l&rsquo;enseignement a \u00e9t\u00e9 sa fa\u00e7on \u00e0 lui d&rsquo;influencer l&rsquo;\u00e9volution de la soci\u00e9t\u00e9. Certains ont compar\u00e9 <strong>Dumas \u00e0 Norman Rockwe<\/strong>ll; les images de Dumas sont encore plus construites. Ou aux dessins de Ronald Searles; les images de Dumas s&rsquo;\u00e9laborent davantage par surfaces. Ou aux affiches de Cassandre; les images de Dumas sont moins sch\u00e9matiques.<\/p>\n\n\n\n<p class=\"wp-block-paragraph\">\u00c0 partir de l&rsquo;ann\u00e9e de son dipl\u00f4me en 1958, Dumas m\u00e8ne concurremment deux carri\u00e8res, <strong>celle d&rsquo;artiste peintre et celle de graphiste illustrateur<\/strong>. Comme graphiste, Dumas travaille d&rsquo;abord dans la plus grande agence de publicit\u00e9 de Qu\u00e9bec, Payeur Publicit\u00e9. Puis il s&rsquo;\u00e9tablit \u00e0 son compte alors qu&rsquo;il travaille tr\u00e8s activement comme illustrateur: ainsi, en 1966-67, il publie coup sur coup deux manuels de cat\u00e9chisme qui contiennent pas moins de 37 illustrations -sujet d\u00e9licat s&rsquo;il en est un.<\/p>\n\n\n\n<p class=\"wp-block-paragraph\">Comme artiste, Dumas expose d&rsquo;abord en 1964 en groupe avec <strong>Paul Lacroix,<\/strong> <strong>Michel Parent et Bernard Drouin<\/strong> \u00e0 la <strong>Galerie Zanettin <\/strong>qui \u00e9tait alors la galerie de prestige \u00e0 Qu\u00e9bec. En 1968, Zanettin le convainc d&rsquo;une premi\u00e8re solo. <strong>En 1973, le Mus\u00e9e du Qu\u00e9bec<\/strong> lui ouvre les portes pour une exposition itin\u00e9rante \u00e0 propos de laquelle Robert Leclerc du Carnet arts et lettres de Radio-Canada dit: \u00ab\u00a0<em><strong>Exposition passionnante o\u00f9 le snobisme actuel voulant rel\u00e9guer aux oubliettes une telle peinture trouverait son compte \u00e0 venir se retremper aux sources.\u00a0\u00bb<\/strong><\/em><\/p>\n\n\n\n<p class=\"wp-block-paragraph\">Et c&rsquo;est ainsi que Dumas, au fil des ann\u00e9es, m\u00e8ne son petit bonhomme de chemin. Citons quelques unes de ces r\u00e9alisations: en 1974,&nbsp;<em>Le&nbsp;<\/em>pee-wee est <strong>publi\u00e9 par l&rsquo;UNICEF<\/strong>; \u00e0 partir de 1976, il cr\u00e9e trois timbres pour la<strong> Soci\u00e9t\u00e9 des postes<\/strong>; en 1977, <strong>Art global publie un&nbsp;<em>Kamouraska<\/em>&nbsp;d&rsquo;Anne H\u00e9bert<\/strong> avec 10 images originales de Dumas, une reliure de<strong> Pierre Ouvrard<\/strong>&#8230; De nombreux journaux et p\u00e9riodiques ont publi\u00e9 des articles \u00e9logieux sur l&rsquo;oeuvre d&rsquo;Antoine Dumas. En 1983, les <strong>\u00c9ditions Stank\u00e9<\/strong> lancent un volumineux ouvrage de<strong> Roland Bourneuf <\/strong>sur l&rsquo;homme et son oeuvre; en 1989, les <strong>\u00c9ditions Madeleine Lacerte <\/strong>r\u00e9cidivent avec un texte de <strong>Laurent<\/strong> <strong>Laplante<\/strong>&#8230;&#8230;.<\/p>\n\n\n\n<p class=\"wp-block-paragraph\">( <em>Extrait du<\/em> <em> texte de Claude Cossette <\/em><a href=\"https:\/\/archives.nouvelles.ulaval.ca\/Au.fil.des.evenements\/1997\/08.21\/dumas.html\"> <strong>Hommage \u00e0 Antoine Dumas&#8230;..<\/strong><\/a>)<\/p>\n","protected":false},"excerpt":{"rendered":"<p>Extrait d&rsquo;un texte de Claude Cossette&#8230; Un peu comme Magritte il \u00e9tait &lt;&lt; un homme de r\u00e9flexion qui communique ses id\u00e9es par la peinture &gt;&gt; N\u00e9 en 1932 au coeur&hellip; <\/p>\n","protected":false},"author":1,"featured_media":0,"comment_status":"open","ping_status":"open","sticky":false,"template":"","format":"standard","meta":{"_exactmetrics_skip_tracking":false,"_exactmetrics_sitenote_active":false,"_exactmetrics_sitenote_note":"","_exactmetrics_sitenote_category":0,"footnotes":""},"categories":[1],"tags":[34,3469,2239,3461,3464,3462,6,3473,3471,3465,3474,245,58,882,3466,3463,217,3470,3472,3468,3467],"class_list":["post-13422","post","type-post","status-publish","format-standard","hentry","category-non-classe","tag-andre-becot","tag-anne-hebert","tag-antoine-dumas","tag-atelier-galerie-becot-2","tag-bernard-drouin","tag-claude-cossette","tag-club-des-collectionneurs-en-arts-visuels-de-quebec","tag-editions-madeleine-lacerte","tag-editions-stanke","tag-galerie-zanettin","tag-laurent-laplante","tag-lesoleil","tag-marc-bellemare-collectionneur","tag-michel-parent","tag-musee-du-quebec","tag-norman-rockwell","tag-paul-lacroix","tag-pierre-ouvrard","tag-roland-bourneuf","tag-societe-des-postes","tag-unicef"],"_links":{"self":[{"href":"https:\/\/galeriebecot.com\/index.php?rest_route=\/wp\/v2\/posts\/13422","targetHints":{"allow":["GET"]}}],"collection":[{"href":"https:\/\/galeriebecot.com\/index.php?rest_route=\/wp\/v2\/posts"}],"about":[{"href":"https:\/\/galeriebecot.com\/index.php?rest_route=\/wp\/v2\/types\/post"}],"author":[{"embeddable":true,"href":"https:\/\/galeriebecot.com\/index.php?rest_route=\/wp\/v2\/users\/1"}],"replies":[{"embeddable":true,"href":"https:\/\/galeriebecot.com\/index.php?rest_route=%2Fwp%2Fv2%2Fcomments&post=13422"}],"version-history":[{"count":16,"href":"https:\/\/galeriebecot.com\/index.php?rest_route=\/wp\/v2\/posts\/13422\/revisions"}],"predecessor-version":[{"id":13439,"href":"https:\/\/galeriebecot.com\/index.php?rest_route=\/wp\/v2\/posts\/13422\/revisions\/13439"}],"wp:attachment":[{"href":"https:\/\/galeriebecot.com\/index.php?rest_route=%2Fwp%2Fv2%2Fmedia&parent=13422"}],"wp:term":[{"taxonomy":"category","embeddable":true,"href":"https:\/\/galeriebecot.com\/index.php?rest_route=%2Fwp%2Fv2%2Fcategories&post=13422"},{"taxonomy":"post_tag","embeddable":true,"href":"https:\/\/galeriebecot.com\/index.php?rest_route=%2Fwp%2Fv2%2Ftags&post=13422"}],"curies":[{"name":"wp","href":"https:\/\/api.w.org\/{rel}","templated":true}]}}