{"id":13345,"date":"2020-10-18T20:16:16","date_gmt":"2020-10-19T00:16:16","guid":{"rendered":"http:\/\/www.clubdescollectionneursenartsvisuelsdequebec.com\/?p=13345"},"modified":"2020-10-21T14:45:06","modified_gmt":"2020-10-21T18:45:06","slug":"art-contemporain","status":"publish","type":"post","link":"https:\/\/galeriebecot.com\/?p=13345","title":{"rendered":"Art Contemporain"},"content":{"rendered":"\n<figure class=\"wp-block-image size-large is-resized\"><a href=\"https:\/\/www.galeriebecot.com\/?p=13252\"><img loading=\"lazy\" decoding=\"async\" src=\"https:\/\/www.galeriebecot.com\/wp-content\/uploads\/2020\/10\/Projet-Sentinella.jpg\" alt=\"\" class=\"wp-image-13413\" width=\"540\" height=\"432\" srcset=\"https:\/\/galeriebecot.com\/wp-content\/uploads\/2020\/10\/Projet-Sentinella.jpg 720w, https:\/\/galeriebecot.com\/wp-content\/uploads\/2020\/10\/Projet-Sentinella-300x240.jpg 300w\" sizes=\"auto, (max-width: 540px) 100vw, 540px\" \/><\/a><figcaption>Projet <em>Sentinella<\/em> par <br><strong>B\u00e9cot 2020<\/strong><\/figcaption><\/figure>\n\n\n\n<figure class=\"wp-block-image size-large\"><a href=\"https:\/\/fr.artprice.com\/artmarketinsight\/lart-contemporain-premier-moteur-de-croissance-du-marche-de-lart?fbclid=IwAR139fF0sn5GTCGJ7QcJkLLj79XgKTdIdOu1kyhGbkqx1EGsMBvvgkihAzA\"><img loading=\"lazy\" decoding=\"async\" width=\"520\" height=\"733\" src=\"https:\/\/www.galeriebecot.com\/wp-content\/uploads\/2020\/10\/image-rapport-1.png\" alt=\"\" class=\"wp-image-13409\" srcset=\"https:\/\/galeriebecot.com\/wp-content\/uploads\/2020\/10\/image-rapport-1.png 520w, https:\/\/galeriebecot.com\/wp-content\/uploads\/2020\/10\/image-rapport-1-213x300.png 213w\" sizes=\"auto, (max-width: 520px) 100vw, 520px\" \/><\/a><\/figure>\n\n\n\n<p class=\"wp-block-paragraph\">Le monde des ench\u00e8res a-t-il encore quelque chose \u00e0 voir avec celui qu\u2019il \u00e9tait il y a 20 ans ? C\u2019est la question que nous nous sommes pos\u00e9e \u00e0 travers ce rapport. En cette ann\u00e9e 2020, boulevers\u00e9e par la crise li\u00e9e au coronavirus, il nous a paru essentiel de prendre du recul, d\u2019\u00e9largir notre vision au-del\u00e0 de cette \u201cann\u00e9e blanche\u201d en observant les \u00e9volutions du March\u00e9 de l\u2019Art Contemporain non pas sur un an, mais sur vingt.&nbsp;<\/p>\n\n\n\n<p class=\"wp-block-paragraph\">Le March\u00e9 de l\u2019Art Contemporain n\u2019est plus ce qu\u2019il \u00e9tait il y a 20 ans. Il a profond\u00e9ment chang\u00e9 structurellement, avec de plus en plus d\u2019artistes (de 5.400 artistes \u00e0 pr\u00e8s de 32.000 aujourd\u2019hui), de plus en plus d\u2019oeuvres (on est pass\u00e9 de 12.000 lots offerts \u00e0 123.000). Il s\u2019est \u00e9toff\u00e9 et \u00e9tendu g\u00e9ographiquement,&nbsp;<strong>passant de 39 \u00e0 64 pays actifs<\/strong>&nbsp;aux ench\u00e8res&#8230;.<\/p>\n","protected":false},"excerpt":{"rendered":"<p>Le monde des ench\u00e8res a-t-il encore quelque chose \u00e0 voir avec celui qu\u2019il \u00e9tait il y a 20 ans ? C\u2019est la question que nous nous sommes pos\u00e9e \u00e0 travers&hellip; <\/p>\n","protected":false},"author":1,"featured_media":0,"comment_status":"open","ping_status":"open","sticky":false,"template":"","format":"standard","meta":{"_exactmetrics_skip_tracking":false,"_exactmetrics_sitenote_active":false,"_exactmetrics_sitenote_note":"","_exactmetrics_sitenote_category":0,"footnotes":""},"categories":[1],"tags":[],"class_list":["post-13345","post","type-post","status-publish","format-standard","hentry","category-non-classe"],"_links":{"self":[{"href":"https:\/\/galeriebecot.com\/index.php?rest_route=\/wp\/v2\/posts\/13345","targetHints":{"allow":["GET"]}}],"collection":[{"href":"https:\/\/galeriebecot.com\/index.php?rest_route=\/wp\/v2\/posts"}],"about":[{"href":"https:\/\/galeriebecot.com\/index.php?rest_route=\/wp\/v2\/types\/post"}],"author":[{"embeddable":true,"href":"https:\/\/galeriebecot.com\/index.php?rest_route=\/wp\/v2\/users\/1"}],"replies":[{"embeddable":true,"href":"https:\/\/galeriebecot.com\/index.php?rest_route=%2Fwp%2Fv2%2Fcomments&post=13345"}],"version-history":[{"count":14,"href":"https:\/\/galeriebecot.com\/index.php?rest_route=\/wp\/v2\/posts\/13345\/revisions"}],"predecessor-version":[{"id":13417,"href":"https:\/\/galeriebecot.com\/index.php?rest_route=\/wp\/v2\/posts\/13345\/revisions\/13417"}],"wp:attachment":[{"href":"https:\/\/galeriebecot.com\/index.php?rest_route=%2Fwp%2Fv2%2Fmedia&parent=13345"}],"wp:term":[{"taxonomy":"category","embeddable":true,"href":"https:\/\/galeriebecot.com\/index.php?rest_route=%2Fwp%2Fv2%2Fcategories&post=13345"},{"taxonomy":"post_tag","embeddable":true,"href":"https:\/\/galeriebecot.com\/index.php?rest_route=%2Fwp%2Fv2%2Ftags&post=13345"}],"curies":[{"name":"wp","href":"https:\/\/api.w.org\/{rel}","templated":true}]}}