{"id":13333,"date":"2020-10-18T17:48:27","date_gmt":"2020-10-18T21:48:27","guid":{"rendered":"http:\/\/www.clubdescollectionneursenartsvisuelsdequebec.com\/?p=13333"},"modified":"2020-11-10T17:47:03","modified_gmt":"2020-11-10T22:47:03","slug":"une-murale-centenaire-guy-paquet-consultant-en-patrimoine-commercial-et-marketing-designer","status":"publish","type":"post","link":"https:\/\/galeriebecot.com\/?p=13333","title":{"rendered":"Une murale centenaire_Denis Paquet_ consultant en patrimoine commercial et marketing designer."},"content":{"rendered":"\n<p class=\"wp-block-paragraph\">Y&rsquo;en a plus ben, ben qui apparaissent comme \u00e7a&#8230;..la Ville de Qu\u00e9bec reconna\u00eet l&rsquo;int\u00e9r\u00eat de ces anciennes murales &#8230;.<\/p>\n\n\n\n<figure class=\"wp-block-image size-large\"><img loading=\"lazy\" decoding=\"async\" width=\"847\" height=\"962\" src=\"https:\/\/www.galeriebecot.com\/wp-content\/uploads\/2020\/10\/Paquer-Guy-1.jpg\" alt=\"\" class=\"wp-image-13340\" srcset=\"https:\/\/galeriebecot.com\/wp-content\/uploads\/2020\/10\/Paquer-Guy-1.jpg 847w, https:\/\/galeriebecot.com\/wp-content\/uploads\/2020\/10\/Paquer-Guy-1-264x300.jpg 264w, https:\/\/galeriebecot.com\/wp-content\/uploads\/2020\/10\/Paquer-Guy-1-768x872.jpg 768w\" sizes=\"auto, (max-width: 847px) 100vw, 847px\" \/><figcaption>Samedi 17 octobre 2020 LeSoleil<br><br>Quel est l&rsquo;int\u00e9r\u00eat ? Denis Paquet y voit un chapitre de l&rsquo;histoire de la rue, de l&rsquo;histoire commer\u00e7ante du Qu\u00e9bec &#8230;..La ville de Qu\u00e9bec reconnait l&rsquo;int\u00e9r\u00eat des ces anciennes murales &#8230;..<br>( <a href=\"https:\/\/www.lesoleil.com\/actualite\/une-murale-publicitaire-centenaire-reapparait-sur-cartier-photos-f95b36182a80be547d708138ce275600\">LeSoleil, article d&rsquo;origine.<\/a>)<\/figcaption><\/figure>\n\n\n\n<iframe loading=\"lazy\" src=\"https:\/\/player.vimeo.com\/video\/22109872\" width=\"640\" height=\"360\" frameborder=\"0\" allow=\"autoplay; fullscreen\" allowfullscreen=\"\"><\/iframe>\n<p><a href=\"https:\/\/vimeo.com\/22109872\">Stella Artois \u00ab\u00a0Up There\u00a0\u00bb<\/a> from <a href=\"https:\/\/vimeo.com\/viscat\">Visual Catch<\/a> on <a href=\"https:\/\/vimeo.com\">Vimeo<\/a>.<\/p>\n\n\n\n<figure class=\"wp-block-image size-large\"><img loading=\"lazy\" decoding=\"async\" width=\"922\" height=\"615\" src=\"https:\/\/www.galeriebecot.com\/wp-content\/uploads\/2020\/10\/Soldevila-Pellan.jpg\" alt=\"\" class=\"wp-image-13382\" srcset=\"https:\/\/galeriebecot.com\/wp-content\/uploads\/2020\/10\/Soldevila-Pellan.jpg 922w, https:\/\/galeriebecot.com\/wp-content\/uploads\/2020\/10\/Soldevila-Pellan-300x200.jpg 300w, https:\/\/galeriebecot.com\/wp-content\/uploads\/2020\/10\/Soldevila-Pellan-768x512.jpg 768w\" sizes=\"auto, (max-width: 922px) 100vw, 922px\" \/><figcaption><strong>La murale color\u00e9e et colossale, r\u00e9alis\u00e9e par Phelipe Soldevila,<\/strong><br><strong> situ\u00e9 coin Ren\u00e9-L\u00e9vesque et Cartier, en juillet 2013.<\/strong><em>  <\/em><br><em>( Aujourd&rsquo;hui cette murale est cach\u00e9e derri\u00e8re une immeuble<\/em>, <br><em> au coin Est, de la rue  Cartier et Ren\u00e9-L\u00e9vesque.<\/em>)<\/figcaption><\/figure>\n\n\n\n<p class=\"wp-block-paragraph\"><\/p>\n","protected":false},"excerpt":{"rendered":"<p>Y&rsquo;en a plus ben, ben qui apparaissent comme \u00e7a&#8230;..la Ville de Qu\u00e9bec reconna\u00eet l&rsquo;int\u00e9r\u00eat de ces anciennes murales &#8230;. Stella Artois \u00ab\u00a0Up There\u00a0\u00bb from Visual Catch on Vimeo.<\/p>\n","protected":false},"author":1,"featured_media":0,"comment_status":"open","ping_status":"open","sticky":false,"template":"","format":"standard","meta":{"_exactmetrics_skip_tracking":false,"_exactmetrics_sitenote_active":false,"_exactmetrics_sitenote_note":"","_exactmetrics_sitenote_category":0,"footnotes":""},"categories":[1],"tags":[34,3458,2448,6,2689,1379,58,3459,78],"class_list":["post-13333","post","type-post","status-publish","format-standard","hentry","category-non-classe","tag-andre-becot","tag-andre-gagnon","tag-baptiste-ricard-chatelain","tag-club-des-collectionneurs-en-arts-visuels-de-quebec","tag-guy-paquet","tag-le-soleil","tag-marc-bellemare-collectionneur","tag-patrick-lachance","tag-studio-galerie-becot"],"_links":{"self":[{"href":"https:\/\/galeriebecot.com\/index.php?rest_route=\/wp\/v2\/posts\/13333","targetHints":{"allow":["GET"]}}],"collection":[{"href":"https:\/\/galeriebecot.com\/index.php?rest_route=\/wp\/v2\/posts"}],"about":[{"href":"https:\/\/galeriebecot.com\/index.php?rest_route=\/wp\/v2\/types\/post"}],"author":[{"embeddable":true,"href":"https:\/\/galeriebecot.com\/index.php?rest_route=\/wp\/v2\/users\/1"}],"replies":[{"embeddable":true,"href":"https:\/\/galeriebecot.com\/index.php?rest_route=%2Fwp%2Fv2%2Fcomments&post=13333"}],"version-history":[{"count":37,"href":"https:\/\/galeriebecot.com\/index.php?rest_route=\/wp\/v2\/posts\/13333\/revisions"}],"predecessor-version":[{"id":13608,"href":"https:\/\/galeriebecot.com\/index.php?rest_route=\/wp\/v2\/posts\/13333\/revisions\/13608"}],"wp:attachment":[{"href":"https:\/\/galeriebecot.com\/index.php?rest_route=%2Fwp%2Fv2%2Fmedia&parent=13333"}],"wp:term":[{"taxonomy":"category","embeddable":true,"href":"https:\/\/galeriebecot.com\/index.php?rest_route=%2Fwp%2Fv2%2Fcategories&post=13333"},{"taxonomy":"post_tag","embeddable":true,"href":"https:\/\/galeriebecot.com\/index.php?rest_route=%2Fwp%2Fv2%2Ftags&post=13333"}],"curies":[{"name":"wp","href":"https:\/\/api.w.org\/{rel}","templated":true}]}}