{"id":13252,"date":"2022-10-28T11:28:00","date_gmt":"2022-10-28T15:28:00","guid":{"rendered":"http:\/\/www.clubdescollectionneursenartsvisuelsdequebec.com\/?p=13252"},"modified":"2022-11-05T11:06:00","modified_gmt":"2022-11-05T15:06:00","slug":"artistes-extraordinaires-dans-des-temps-peu-ordinaires","status":"publish","type":"post","link":"https:\/\/galeriebecot.com\/?p=13252","title":{"rendered":"Po\u00e8tes et Artistes EXTRAORDINAIRES, dans des temps peu ORDINAIRES !"},"content":{"rendered":"\n<p class=\"wp-block-paragraph\"><a href=\"https:\/\/www.motdetasse.com\/\">https:\/\/www.motdetasse.com\/<\/a><\/p>\n\n\n\n<figure class=\"wp-block-image size-large\"><a href=\"https:\/\/www.galeriebecot.com\/wp-content\/uploads\/2022\/11\/Poete-OK.jpg\"><img loading=\"lazy\" decoding=\"async\" width=\"739\" height=\"1024\" src=\"https:\/\/www.galeriebecot.com\/wp-content\/uploads\/2022\/11\/Poete-OK-739x1024.jpg\" alt=\"\" class=\"wp-image-16738\" srcset=\"https:\/\/galeriebecot.com\/wp-content\/uploads\/2022\/11\/Poete-OK-739x1024.jpg 739w, https:\/\/galeriebecot.com\/wp-content\/uploads\/2022\/11\/Poete-OK-216x300.jpg 216w, https:\/\/galeriebecot.com\/wp-content\/uploads\/2022\/11\/Poete-OK-768x1065.jpg 768w, https:\/\/galeriebecot.com\/wp-content\/uploads\/2022\/11\/Poete-OK-1108x1536.jpg 1108w, https:\/\/galeriebecot.com\/wp-content\/uploads\/2022\/11\/Poete-OK.jpg 1224w\" sizes=\"auto, (max-width: 739px) 100vw, 739px\" \/><\/a><\/figure>\n\n\n\n<p class=\"wp-block-paragraph\">La Faille des Heures.<\/p>\n\n\n\n<p class=\"wp-block-paragraph\">Vendredi le 4 novembre 2022 \u00e0 19 h.<\/p>\n\n\n\n<p class=\"wp-block-paragraph\">CLS Po\u00e9sie<\/p>\n\n\n\n<p class=\"wp-block-paragraph\">Jean Coulombe, Alain Larose et Denis Sanson.<\/p>\n\n\n\n<p class=\"wp-block-paragraph\">Po\u00e8tes invit\u00e9(e)s : Pascale B\u00e9rub\u00e9 Christian Girard, Rosa Lemire.<\/p>\n\n\n\n<p class=\"wp-block-paragraph\">Caf\u00e9 librairie Le Mot De Tasse<\/p>\n\n\n\n<p class=\"wp-block-paragraph\">1394 chemin Ste-Foy <\/p>\n\n\n\n<figure class=\"wp-block-image size-large\"><a href=\"https:\/\/www.motdetasse.com\/\"><img loading=\"lazy\" decoding=\"async\" width=\"668\" height=\"1024\" src=\"https:\/\/www.galeriebecot.com\/wp-content\/uploads\/2022\/10\/Poetes-668x1024.jpg\" alt=\"\" class=\"wp-image-16621\" srcset=\"https:\/\/galeriebecot.com\/wp-content\/uploads\/2022\/10\/Poetes-668x1024.jpg 668w, https:\/\/galeriebecot.com\/wp-content\/uploads\/2022\/10\/Poetes-196x300.jpg 196w, https:\/\/galeriebecot.com\/wp-content\/uploads\/2022\/10\/Poetes-768x1177.jpg 768w, https:\/\/galeriebecot.com\/wp-content\/uploads\/2022\/10\/Poetes-1002x1536.jpg 1002w, https:\/\/galeriebecot.com\/wp-content\/uploads\/2022\/10\/Poetes.jpg 1191w\" sizes=\"auto, (max-width: 668px) 100vw, 668px\" \/><\/a><\/figure>\n\n\n\n<figure class=\"wp-block-image size-large\"><img loading=\"lazy\" decoding=\"async\" width=\"1024\" height=\"1021\" src=\"https:\/\/www.galeriebecot.com\/wp-content\/uploads\/2021\/02\/Defimition-1-1024x1021.jpg\" alt=\"\" class=\"wp-image-14226\" srcset=\"https:\/\/galeriebecot.com\/wp-content\/uploads\/2021\/02\/Defimition-1-1024x1021.jpg 1024w, https:\/\/galeriebecot.com\/wp-content\/uploads\/2021\/02\/Defimition-1-300x300.jpg 300w, https:\/\/galeriebecot.com\/wp-content\/uploads\/2021\/02\/Defimition-1-150x150.jpg 150w, https:\/\/galeriebecot.com\/wp-content\/uploads\/2021\/02\/Defimition-1-768x766.jpg 768w, https:\/\/galeriebecot.com\/wp-content\/uploads\/2021\/02\/Defimition-1-330x330.jpg 330w, https:\/\/galeriebecot.com\/wp-content\/uploads\/2021\/02\/Defimition-1.jpg 1437w\" sizes=\"auto, (max-width: 1024px) 100vw, 1024px\" \/><\/figure>\n\n\n\n<figure class=\"wp-block-image size-large\"><img loading=\"lazy\" decoding=\"async\" width=\"451\" height=\"647\" src=\"https:\/\/www.galeriebecot.com\/wp-content\/uploads\/2021\/02\/Culture-Web-111.jpg\" alt=\"\" class=\"wp-image-14228\" srcset=\"https:\/\/galeriebecot.com\/wp-content\/uploads\/2021\/02\/Culture-Web-111.jpg 451w, https:\/\/galeriebecot.com\/wp-content\/uploads\/2021\/02\/Culture-Web-111-209x300.jpg 209w\" sizes=\"auto, (max-width: 451px) 100vw, 451px\" \/><\/figure>\n\n\n\n<p class=\"wp-block-paragraph\"><a href=\"https:\/\/alainleblond.wixsite.com\/leblonddd\/copie-de-l-art-d-alain-leblond\">Alain LeBlond<\/a>, <a href=\"https:\/\/www.saatchiart.com\/Gilbert\">Gilbert S\u00e9vigny<\/a>, <a href=\"https:\/\/www.galeriebecot.com\/?p=7698\">J\u00e9r\u00f4me Morissette<\/a>, <a href=\"https:\/\/www.carolpoulinartiste.com\">Carol Poulin<\/a>,<\/p>\n\n\n\n<figure class=\"wp-block-image size-large\"><img loading=\"lazy\" decoding=\"async\" width=\"451\" height=\"676\" src=\"https:\/\/www.galeriebecot.com\/wp-content\/uploads\/2020\/09\/Culture-web2-1.jpg\" alt=\"\" class=\"wp-image-13255\" srcset=\"https:\/\/galeriebecot.com\/wp-content\/uploads\/2020\/09\/Culture-web2-1.jpg 451w, https:\/\/galeriebecot.com\/wp-content\/uploads\/2020\/09\/Culture-web2-1-200x300.jpg 200w\" sizes=\"auto, (max-width: 451px) 100vw, 451px\" \/><\/figure>\n\n\n\n<p class=\"wp-block-paragraph\"><a href=\"https:\/\/colettematte.com\/Bienvenue\/\">Colette Matte<\/a>, <a href=\"https:\/\/www.enoac.ca\/fr\/user\/1267\/public\">C\u00e9line G Lapointe<\/a>, <a href=\"http:\/\/www.marsanl.com\">Lyse Marsan<\/a>, <a href=\"https:\/\/www.facebook.com\/suzette.patry\">Suzette Patry,<\/a><\/p>\n\n\n\n<p class=\"wp-block-paragraph\"><a href=\"https:\/\/www.galeriebecot.com\/?p=5160\">Michel Raymond<\/a>, <a href=\"https:\/\/www.galeriebecot.com\/?p=8894\">Pauline Taschereau<\/a>, <a href=\"https:\/\/www.galeriebecot.com\/?p=10162\">Serge Philippe Tremblay.<\/a><\/p>\n\n\n\n<figure class=\"wp-block-image size-large\"><img loading=\"lazy\" decoding=\"async\" width=\"455\" height=\"596\" src=\"https:\/\/www.galeriebecot.com\/wp-content\/uploads\/2020\/09\/Culture-Web44.jpg\" alt=\"\" class=\"wp-image-13291\" srcset=\"https:\/\/galeriebecot.com\/wp-content\/uploads\/2020\/09\/Culture-Web44.jpg 455w, https:\/\/galeriebecot.com\/wp-content\/uploads\/2020\/09\/Culture-Web44-229x300.jpg 229w\" sizes=\"auto, (max-width: 455px) 100vw, 455px\" \/><\/figure>\n\n\n\n<p class=\"wp-block-paragraph\"><a href=\"https:\/\/www.aristidegagnon.com\">Aristide Gagnon<\/a>, <a href=\"https:\/\/www.facebook.com\/jean.gauthier.3939\">Jean Gauthier<\/a>, <a href=\"https:\/\/galerielacerte.com\/fr\/project\/darby-don\/\">Don Darby,<\/a> <a href=\"https:\/\/www.galeriebecot.com\/?p=1444\">Roger Fournier<\/a>,<\/p>\n\n\n\n<p class=\"wp-block-paragraph\"><a href=\"https:\/\/journallephare.org\/2018\/08\/02\/nicole-lacroix-thibeault-gens-de-parlure-accoudes-au-vent-dest\/\">Nicole Lacroix-Thibault<\/a>, <a href=\"https:\/\/www.renaldbrisebois.com\">Renald Brisebois.<\/a><\/p>\n\n\n\n<figure class=\"wp-block-image size-large\"><img loading=\"lazy\" decoding=\"async\" width=\"482\" height=\"832\" src=\"https:\/\/www.galeriebecot.com\/wp-content\/uploads\/2020\/09\/CultureWeb333jpg.jpg\" alt=\"\" class=\"wp-image-13290\" srcset=\"https:\/\/galeriebecot.com\/wp-content\/uploads\/2020\/09\/CultureWeb333jpg.jpg 482w, https:\/\/galeriebecot.com\/wp-content\/uploads\/2020\/09\/CultureWeb333jpg-174x300.jpg 174w\" sizes=\"auto, (max-width: 482px) 100vw, 482px\" \/><\/figure>\n\n\n\n<p class=\"wp-block-paragraph\"><a href=\"http:\/\/www.vivianegruais.com\">Viviane Gruais<\/a>, <a href=\"https:\/\/www.raav.org\/users\/andre-becot\">Andr\u00e9 B\u00e9cot<\/a>, <a href=\"https:\/\/www.quebec-amerique.com\/auteurs\/jean-berneche-268\">Jean Bern\u00e8che<\/a>, <a href=\"https:\/\/www.galeriebecot.com\/?p=8432\">Jean-Philip Audet,<\/a> <a href=\"https:\/\/www.facebook.com\/guy.royer\">Guy Royer.<\/a><\/p>\n\n\n\n<figure class=\"wp-block-image size-large\"><a href=\"https:\/\/www.galeriebecot.com\/?p=6227\"><img loading=\"lazy\" decoding=\"async\" width=\"576\" height=\"565\" src=\"https:\/\/www.galeriebecot.com\/wp-content\/uploads\/2020\/12\/Marie-Rioux-1024x1004-1.jpg\" alt=\"\" class=\"wp-image-13946\" srcset=\"https:\/\/galeriebecot.com\/wp-content\/uploads\/2020\/12\/Marie-Rioux-1024x1004-1.jpg 576w, https:\/\/galeriebecot.com\/wp-content\/uploads\/2020\/12\/Marie-Rioux-1024x1004-1-300x294.jpg 300w\" sizes=\"auto, (max-width: 576px) 100vw, 576px\" \/><\/a><\/figure>\n\n\n\n<figure class=\"wp-block-image size-large\"><img loading=\"lazy\" decoding=\"async\" width=\"662\" height=\"1024\" src=\"https:\/\/www.galeriebecot.com\/wp-content\/uploads\/2020\/12\/Patry1-1-662x1024.jpg\" alt=\"\" class=\"wp-image-13949\" srcset=\"https:\/\/galeriebecot.com\/wp-content\/uploads\/2020\/12\/Patry1-1-662x1024.jpg 662w, https:\/\/galeriebecot.com\/wp-content\/uploads\/2020\/12\/Patry1-1-194x300.jpg 194w, https:\/\/galeriebecot.com\/wp-content\/uploads\/2020\/12\/Patry1-1-768x1188.jpg 768w, https:\/\/galeriebecot.com\/wp-content\/uploads\/2020\/12\/Patry1-1-993x1536.jpg 993w, https:\/\/galeriebecot.com\/wp-content\/uploads\/2020\/12\/Patry1-1.jpg 1008w\" sizes=\"auto, (max-width: 662px) 100vw, 662px\" \/><figcaption><br><\/figcaption><\/figure>\n\n\n<p>[everwpvisitcounter] depuis le 14 janvier 2021<\/p>","protected":false},"excerpt":{"rendered":"<p>https:\/\/www.motdetasse.com\/ La Faille des Heures. Vendredi le 4 novembre 2022 \u00e0 19 h. CLS Po\u00e9sie Jean Coulombe, Alain Larose et Denis Sanson. Po\u00e8tes invit\u00e9(e)s : Pascale B\u00e9rub\u00e9 Christian Girard, Rosa&hellip; <\/p>\n","protected":false},"author":1,"featured_media":0,"comment_status":"open","ping_status":"open","sticky":false,"template":"","format":"standard","meta":{"_exactmetrics_skip_tracking":false,"_exactmetrics_sitenote_active":false,"_exactmetrics_sitenote_note":"","_exactmetrics_sitenote_category":0,"footnotes":""},"categories":[27,18,19],"tags":[1445,34,401,2673,53,279,564,2769,647,2845,1398,3703,345,275,197,991,3395,984,1486,38,570,232,2750,2729,3706,3700,1482,3699,3694,1058,3701,674,2767,3448,2865,2280,3452,1443,77,495,2130,3545,594,454,3430,46,3704,447,1292,1324,882,1457,1037,3449,1036,3705,3447,777,87,1421,2772,445,458,2104,3697,1150,68,3450,565,1233,356,2602,889,981,3702,1440,452],"class_list":["post-13252","post","type-post","status-publish","format-standard","hentry","category-artistes","category-evenement","category-vernissage","tag-alain-leblond","tag-andre-becot","tag-ann-warren","tag-antoine-becotte","tag-aristide-gagnon","tag-bruno-champagne","tag-carol-poulin","tag-carole-turgeon","tag-celine-g-lapointe","tag-chantal-jane-garant","tag-claude-frachon","tag-cleophas-robin","tag-colette-matte","tag-don-darby","tag-francine-noel","tag-francine-vernac","tag-francois-lapierre-2","tag-gabriel-lalonde","tag-gabriel-paquet","tag-galerie-becot","tag-george-cameron","tag-gerard-belanger","tag-gilbert-sevigny","tag-gilles-berube","tag-guillaume-sidwell","tag-guy-cusson","tag-guy-royer","tag-helenne-cloutier","tag-helenne-larouche","tag-isabelle-de-blois","tag-jacque-sylvain","tag-jacynthe-lagueux","tag-jean-berneche","tag-jean-gauthier","tag-jean-philip-audet","tag-jean-yves-richard","tag-jeremie-giles","tag-jerome-morissette","tag-jocelyn-gasse","tag-jocelyne-audy","tag-kirkov","tag-klody-tremblay-2","tag-lucienne-cornet","tag-lyse-marsan","tag-marc-bellemare-collectionneurs","tag-marie-emond","tag-marie-reine-le-roux","tag-martin-bouchard","tag-melvyn-florez","tag-michel-boulianne","tag-michel-parent","tag-michel-raymond","tag-micheline-fournier","tag-nicole-lacroix-thibault-2","tag-odette-theberge","tag-pauline-pelletier","tag-pauline-taschereau","tag-peter-gnass","tag-phelipe-soldevila","tag-philippe-pallafray","tag-pibo","tag-pierre-beland","tag-pierre-lanoie","tag-pierre-pepin","tag-rebecca-masse-2","tag-rejeanne-lamothe","tag-rejeanne-lizotte","tag-renald-brisebois-2","tag-robert-delisle","tag-roger-fournier","tag-serge-philippe-tremblay","tag-suzanne-lavigne","tag-suzette-patry","tag-sylvie-grondin","tag-therese-casavant-2","tag-thomas-brassard","tag-viviane-gruais"],"_links":{"self":[{"href":"https:\/\/galeriebecot.com\/index.php?rest_route=\/wp\/v2\/posts\/13252","targetHints":{"allow":["GET"]}}],"collection":[{"href":"https:\/\/galeriebecot.com\/index.php?rest_route=\/wp\/v2\/posts"}],"about":[{"href":"https:\/\/galeriebecot.com\/index.php?rest_route=\/wp\/v2\/types\/post"}],"author":[{"embeddable":true,"href":"https:\/\/galeriebecot.com\/index.php?rest_route=\/wp\/v2\/users\/1"}],"replies":[{"embeddable":true,"href":"https:\/\/galeriebecot.com\/index.php?rest_route=%2Fwp%2Fv2%2Fcomments&post=13252"}],"version-history":[{"count":77,"href":"https:\/\/galeriebecot.com\/index.php?rest_route=\/wp\/v2\/posts\/13252\/revisions"}],"predecessor-version":[{"id":16741,"href":"https:\/\/galeriebecot.com\/index.php?rest_route=\/wp\/v2\/posts\/13252\/revisions\/16741"}],"wp:attachment":[{"href":"https:\/\/galeriebecot.com\/index.php?rest_route=%2Fwp%2Fv2%2Fmedia&parent=13252"}],"wp:term":[{"taxonomy":"category","embeddable":true,"href":"https:\/\/galeriebecot.com\/index.php?rest_route=%2Fwp%2Fv2%2Fcategories&post=13252"},{"taxonomy":"post_tag","embeddable":true,"href":"https:\/\/galeriebecot.com\/index.php?rest_route=%2Fwp%2Fv2%2Ftags&post=13252"}],"curies":[{"name":"wp","href":"https:\/\/api.w.org\/{rel}","templated":true}]}}