{"id":13237,"date":"2020-09-18T12:00:00","date_gmt":"2020-09-18T16:00:00","guid":{"rendered":"http:\/\/www.clubdescollectionneursenartsvisuelsdequebec.com\/?p=13237"},"modified":"2020-09-20T12:19:39","modified_gmt":"2020-09-20T16:19:39","slug":"la-montee-des-eaux","status":"publish","type":"post","link":"https:\/\/galeriebecot.com\/?p=13237","title":{"rendered":"La mont\u00e9e des eaux !"},"content":{"rendered":"\n<figure class=\"wp-block-image size-large\"><img loading=\"lazy\" decoding=\"async\" width=\"1024\" height=\"622\" src=\"https:\/\/www.galeriebecot.com\/wp-content\/uploads\/2020\/09\/Eau-1024x622.jpg\" alt=\"\" class=\"wp-image-13236\" srcset=\"https:\/\/galeriebecot.com\/wp-content\/uploads\/2020\/09\/Eau-1024x622.jpg 1024w, https:\/\/galeriebecot.com\/wp-content\/uploads\/2020\/09\/Eau-300x182.jpg 300w, https:\/\/galeriebecot.com\/wp-content\/uploads\/2020\/09\/Eau-768x466.jpg 768w, https:\/\/galeriebecot.com\/wp-content\/uploads\/2020\/09\/Eau.jpg 1440w\" sizes=\"auto, (max-width: 1024px) 100vw, 1024px\" \/><\/figure>\n\n\n\n<p class=\"wp-block-paragraph\">La mont\u00e9e des eaux.<\/p>\n\n\n\n<p class=\"wp-block-paragraph\">Exposition &amp; Parcours th\u00e9\u00e2tral, dans le Quartier Saint-Jean-Baptiste, Qu\u00e9bec<\/p>\n\n\n\n<p class=\"wp-block-paragraph\">Vendredi 25 septembre 2020 de 19:45 \u00e0 21:00<\/p>\n\n\n\n<figure class=\"wp-block-image size-large\"><a href=\"https:\/\/www.facebook.com\/events\/331401037890226\/\"><img loading=\"lazy\" decoding=\"async\" width=\"783\" height=\"1024\" src=\"https:\/\/www.galeriebecot.com\/wp-content\/uploads\/2020\/09\/eau2-783x1024.jpg\" alt=\"\" class=\"wp-image-13239\" srcset=\"https:\/\/galeriebecot.com\/wp-content\/uploads\/2020\/09\/eau2-783x1024.jpg 783w, https:\/\/galeriebecot.com\/wp-content\/uploads\/2020\/09\/eau2-229x300.jpg 229w, https:\/\/galeriebecot.com\/wp-content\/uploads\/2020\/09\/eau2-768x1005.jpg 768w, https:\/\/galeriebecot.com\/wp-content\/uploads\/2020\/09\/eau2-1174x1536.jpg 1174w, https:\/\/galeriebecot.com\/wp-content\/uploads\/2020\/09\/eau2.jpg 1254w\" sizes=\"auto, (max-width: 783px) 100vw, 783px\" \/><\/a><\/figure>\n","protected":false},"excerpt":{"rendered":"<p>La mont\u00e9e des eaux. Exposition &amp; Parcours th\u00e9\u00e2tral, dans le Quartier Saint-Jean-Baptiste, Qu\u00e9bec Vendredi 25 septembre 2020 de 19:45 \u00e0 21:00<\/p>\n","protected":false},"author":1,"featured_media":0,"comment_status":"open","ping_status":"open","sticky":false,"template":"","format":"standard","meta":{"_exactmetrics_skip_tracking":false,"_exactmetrics_sitenote_active":false,"_exactmetrics_sitenote_note":"","_exactmetrics_sitenote_category":0,"footnotes":""},"categories":[27,18,1],"tags":[3444,3440,3432,3436,3437,784,3441,3443,2739,3445,58,3442,3439,3438],"class_list":["post-13237","post","type-post","status-publish","format-standard","hentry","category-artistes","category-evenement","category-non-classe","tag-aglae-de-la-taiga","tag-alice-guericolas-gagne","tag-atelier-galerie-becot","tag-becot-artiste-2","tag-clara-barbieux","tag-helene-matte","tag-jordan-jack","tag-josette-lepine","tag-kael-mercader","tag-le-collectif-les-allumeuses","tag-marc-bellemare-collectionneur","tag-melina-kerhoas","tag-michel-cote-2","tag-yohan-bonnette"],"_links":{"self":[{"href":"https:\/\/galeriebecot.com\/index.php?rest_route=\/wp\/v2\/posts\/13237","targetHints":{"allow":["GET"]}}],"collection":[{"href":"https:\/\/galeriebecot.com\/index.php?rest_route=\/wp\/v2\/posts"}],"about":[{"href":"https:\/\/galeriebecot.com\/index.php?rest_route=\/wp\/v2\/types\/post"}],"author":[{"embeddable":true,"href":"https:\/\/galeriebecot.com\/index.php?rest_route=\/wp\/v2\/users\/1"}],"replies":[{"embeddable":true,"href":"https:\/\/galeriebecot.com\/index.php?rest_route=%2Fwp%2Fv2%2Fcomments&post=13237"}],"version-history":[{"count":3,"href":"https:\/\/galeriebecot.com\/index.php?rest_route=\/wp\/v2\/posts\/13237\/revisions"}],"predecessor-version":[{"id":13241,"href":"https:\/\/galeriebecot.com\/index.php?rest_route=\/wp\/v2\/posts\/13237\/revisions\/13241"}],"wp:attachment":[{"href":"https:\/\/galeriebecot.com\/index.php?rest_route=%2Fwp%2Fv2%2Fmedia&parent=13237"}],"wp:term":[{"taxonomy":"category","embeddable":true,"href":"https:\/\/galeriebecot.com\/index.php?rest_route=%2Fwp%2Fv2%2Fcategories&post=13237"},{"taxonomy":"post_tag","embeddable":true,"href":"https:\/\/galeriebecot.com\/index.php?rest_route=%2Fwp%2Fv2%2Ftags&post=13237"}],"curies":[{"name":"wp","href":"https:\/\/api.w.org\/{rel}","templated":true}]}}