{"id":1322,"date":"2025-08-04T19:40:00","date_gmt":"2025-08-04T23:40:00","guid":{"rendered":"http:\/\/www.clubdescollectionneursenartsvisuelsdequebec.com\/?p=1322"},"modified":"2025-08-05T10:23:49","modified_gmt":"2025-08-05T14:23:49","slug":"veronique-martel-eloge-dune-premiere-rencontre","status":"publish","type":"post","link":"https:\/\/galeriebecot.com\/?p=1322","title":{"rendered":"Galerie Ni Vu Ni Cornu,  Appel de dossiers !"},"content":{"rendered":"\n<p class=\"wp-block-paragraph\">La Galerie Ni Vu Ni Cornu lance son appel de dossier pour la saison 2025-2026 !<\/p>\n\n\n\n<p class=\"wp-block-paragraph\">Le club des collectionneurs  \/. <a href=\"https:\/\/www.be-video.info\/copie-de-po\">https:\/\/www.be-video.info\/copie-de-po<\/a> ,<\/p>\n\n\n\n<p class=\"wp-block-paragraph\">Faire parvenir votre dossier complet : popup@nivunicornu.com<\/p>\n\n\n\n<figure class=\"wp-block-image size-large\"><a href=\"http:\/\/www.nivunicornu.com\/Galerie_Nivunicornu\/Galerie_Accueil.html\"><img loading=\"lazy\" decoding=\"async\" width=\"840\" height=\"1024\" src=\"https:\/\/www.galeriebecot.com\/wp-content\/uploads\/2025\/08\/Ni-Vu-11-1-840x1024.jpg\" alt=\"\" class=\"wp-image-20909\" srcset=\"https:\/\/galeriebecot.com\/wp-content\/uploads\/2025\/08\/Ni-Vu-11-1-840x1024.jpg 840w, https:\/\/galeriebecot.com\/wp-content\/uploads\/2025\/08\/Ni-Vu-11-1-246x300.jpg 246w, https:\/\/galeriebecot.com\/wp-content\/uploads\/2025\/08\/Ni-Vu-11-1-768x936.jpg 768w, https:\/\/galeriebecot.com\/wp-content\/uploads\/2025\/08\/Ni-Vu-11-1.jpg 1221w\" sizes=\"auto, (max-width: 840px) 100vw, 840px\" \/><\/a><\/figure>\n\n\n\n<figure class=\"wp-block-image size-large\"><a href=\"https:\/\/www.galeriebecot.com\/wp-content\/uploads\/2025\/08\/Ni-vu2-1.jpg\"><img loading=\"lazy\" decoding=\"async\" width=\"1024\" height=\"1024\" src=\"https:\/\/www.galeriebecot.com\/wp-content\/uploads\/2025\/08\/Ni-vu2-1-1024x1024.jpg\" alt=\"\" class=\"wp-image-20910\" srcset=\"https:\/\/galeriebecot.com\/wp-content\/uploads\/2025\/08\/Ni-vu2-1-1024x1024.jpg 1024w, https:\/\/galeriebecot.com\/wp-content\/uploads\/2025\/08\/Ni-vu2-1-300x300.jpg 300w, https:\/\/galeriebecot.com\/wp-content\/uploads\/2025\/08\/Ni-vu2-1-150x150.jpg 150w, https:\/\/galeriebecot.com\/wp-content\/uploads\/2025\/08\/Ni-vu2-1-768x767.jpg 768w, https:\/\/galeriebecot.com\/wp-content\/uploads\/2025\/08\/Ni-vu2-1-330x330.jpg 330w, https:\/\/galeriebecot.com\/wp-content\/uploads\/2025\/08\/Ni-vu2-1.jpg 1224w\" sizes=\"auto, (max-width: 1024px) 100vw, 1024px\" \/><\/a><\/figure>\n\n\n\n<figure class=\"wp-block-image size-large\"><a href=\"https:\/\/www.galeriebecot.com\/wp-content\/uploads\/2025\/08\/ni-vu-3.jpg\"><img loading=\"lazy\" decoding=\"async\" width=\"1024\" height=\"941\" src=\"https:\/\/www.galeriebecot.com\/wp-content\/uploads\/2025\/08\/ni-vu-3-1024x941.jpg\" alt=\"\" class=\"wp-image-20911\" srcset=\"https:\/\/galeriebecot.com\/wp-content\/uploads\/2025\/08\/ni-vu-3-1024x941.jpg 1024w, https:\/\/galeriebecot.com\/wp-content\/uploads\/2025\/08\/ni-vu-3-300x276.jpg 300w, https:\/\/galeriebecot.com\/wp-content\/uploads\/2025\/08\/ni-vu-3-768x706.jpg 768w, https:\/\/galeriebecot.com\/wp-content\/uploads\/2025\/08\/ni-vu-3.jpg 1224w\" sizes=\"auto, (max-width: 1024px) 100vw, 1024px\" \/><\/a><\/figure>\n\n\n\n<figure class=\"wp-block-image size-large\"><a href=\"https:\/\/www.galeriebecot.com\/wp-content\/uploads\/2025\/08\/Ni-vu-4.jpg\"><img loading=\"lazy\" decoding=\"async\" width=\"1024\" height=\"418\" src=\"https:\/\/www.galeriebecot.com\/wp-content\/uploads\/2025\/08\/Ni-vu-4-1024x418.jpg\" alt=\"\" class=\"wp-image-20912\" srcset=\"https:\/\/galeriebecot.com\/wp-content\/uploads\/2025\/08\/Ni-vu-4-1024x418.jpg 1024w, https:\/\/galeriebecot.com\/wp-content\/uploads\/2025\/08\/Ni-vu-4-300x123.jpg 300w, https:\/\/galeriebecot.com\/wp-content\/uploads\/2025\/08\/Ni-vu-4-768x314.jpg 768w, https:\/\/galeriebecot.com\/wp-content\/uploads\/2025\/08\/Ni-vu-4.jpg 1224w\" sizes=\"auto, (max-width: 1024px) 100vw, 1024px\" \/><\/a><\/figure>\n\n\n<p><a href=\"https:\/\/www.galeriebecot.com\/wp-content\/uploads\/2019\/01\/Galerie-cornu.jpg\"><img loading=\"lazy\" decoding=\"async\" class=\"alignnone size-full wp-image-11962\" src=\"https:\/\/www.galeriebecot.com\/wp-content\/uploads\/2019\/01\/Galerie-cornu.jpg\" alt=\"\" width=\"508\" height=\"674\" srcset=\"https:\/\/galeriebecot.com\/wp-content\/uploads\/2019\/01\/Galerie-cornu.jpg 508w, https:\/\/galeriebecot.com\/wp-content\/uploads\/2019\/01\/Galerie-cornu-226x300.jpg 226w\" sizes=\"auto, (max-width: 508px) 100vw, 508px\" \/><\/a><\/p>\n<p>La Galerie Ni Vu Ni Cornu &amp;&nbsp;IG Gestion priv\u00e9e de patrimoine, &nbsp;vous invitent gracieusement \u00e0 une conf\u00e9rence, &nbsp;vendredi le 22 novembre, \u00e0 18h30, \u00e0&nbsp;la galerie de la Place Ste-Foy. Imp\u00f4t, succession et don des oeuvres d&rsquo;art.<\/p>\n<p><a href=\"https:\/\/www.galeriebecot.com\/wp-content\/uploads\/2019\/01\/ni-vu-2-ok.jpg\"><img loading=\"lazy\" decoding=\"async\" class=\"alignnone size-full wp-image-10635\" src=\"https:\/\/www.galeriebecot.com\/wp-content\/uploads\/2019\/01\/ni-vu-2-ok.jpg\" alt=\"\" width=\"576\" height=\"289\" srcset=\"https:\/\/galeriebecot.com\/wp-content\/uploads\/2019\/01\/ni-vu-2-ok.jpg 576w, https:\/\/galeriebecot.com\/wp-content\/uploads\/2019\/01\/ni-vu-2-ok-300x151.jpg 300w\" sizes=\"auto, (max-width: 576px) 100vw, 576px\" \/><\/a><\/p>\n<p>\u00c0 gauche de l&rsquo;image : Eric Dupont + \u00c9tienne St-Amand : conf\u00e9renciers<\/p>\n<p>Hier soir, nous avons assist\u00e9 \u00e0 une pr\u00e9sentation artistique scientifique!<br>\u00c0 la Galerie ni vi ni cornu de Place Sainte-foy, \u00c9ric Dupont et Etienne St-Amand nous en ont fait voir de toutes les couleurs!<br>Prenez quelques instants pour vous rendre \u00e0 cette galerie, enfilez les lunettes 3D et laissez-vous transporter ailleurs dans leur monde imaginaire.<br>Ces 2 scientifiques, impr\u00e9gn\u00e9s de leur passion de l\u2019art, en feront parler plus d\u2019un&#8230;.<\/p>\n<p><\/p>\n<p><a href=\"http:\/\/www.nivunicornu.com\/Galerie_Nivunicornu\/Artiste_Etienne_Saint-Amant_Eric_Dupont.html?fbclid=IwAR0FyaiBZBNNdocHgu54ZZv1XmR6YcXgovT_a4pU3m3SVJclKGEv3UOIocQ\"><img loading=\"lazy\" decoding=\"async\" class=\"alignnone size-full wp-image-10430\" src=\"https:\/\/www.galeriebecot.com\/wp-content\/uploads\/2018\/11\/Ni-vu-ni-cornu.jpg\" alt=\"\" width=\"540\" height=\"807\" srcset=\"https:\/\/galeriebecot.com\/wp-content\/uploads\/2018\/11\/Ni-vu-ni-cornu.jpg 540w, https:\/\/galeriebecot.com\/wp-content\/uploads\/2018\/11\/Ni-vu-ni-cornu-201x300.jpg 201w\" sizes=\"auto, (max-width: 540px) 100vw, 540px\" \/><\/a><\/p>\n<p>Conf\u00e9rence : \u00c9tienne Saint-Amant &amp; \u00c9ric Dupont le jeudi 28 f\u00e9vrier \u00e0 18h 30&#8230;<\/p>\n<p><\/p>\n<p><a href=\"https:\/\/www.galeriebecot.com\/wp-content\/uploads\/2017\/10\/Galerie-Ni-vu-Ni-cornu.jpg\"><img loading=\"lazy\" decoding=\"async\" class=\"alignnone size-full wp-image-9822\" src=\"https:\/\/www.galeriebecot.com\/wp-content\/uploads\/2017\/10\/Galerie-Ni-vu-Ni-cornu.jpg\" alt=\"\" width=\"566\" height=\"398\" srcset=\"https:\/\/galeriebecot.com\/wp-content\/uploads\/2017\/10\/Galerie-Ni-vu-Ni-cornu.jpg 566w, https:\/\/galeriebecot.com\/wp-content\/uploads\/2017\/10\/Galerie-Ni-vu-Ni-cornu-300x211.jpg 300w\" sizes=\"auto, (max-width: 566px) 100vw, 566px\" \/><\/a><\/p>\n<p>Galerie Ni vu Ni Cornu.<\/p>\n<p>Expo collective &#8211; le meilleur de soi.<\/p>\n<p>Vernissage : le 29 novembre \u00e0 17h30.<\/p>\n<p>10 005 Avenue Royale, Sainte-Anne-De-Beaupr\u00e9.<\/p>\n<p>Du jeudi au Dimanche de 11h \u00e0 17h.<\/p>\n<p><a href=\"https:\/\/www.galeriebecot.com\/wp-content\/uploads\/2015\/02\/Levesque_Ouellet.jpg\"><img loading=\"lazy\" decoding=\"async\" class=\"alignnone size-full wp-image-7692\" src=\"https:\/\/www.galeriebecot.com\/wp-content\/uploads\/2015\/02\/Levesque_Ouellet.jpg\" alt=\"\" width=\"797\" height=\"725\" srcset=\"https:\/\/galeriebecot.com\/wp-content\/uploads\/2015\/02\/Levesque_Ouellet.jpg 797w, https:\/\/galeriebecot.com\/wp-content\/uploads\/2015\/02\/Levesque_Ouellet-300x273.jpg 300w, https:\/\/galeriebecot.com\/wp-content\/uploads\/2015\/02\/Levesque_Ouellet-768x699.jpg 768w\" sizes=\"auto, (max-width: 797px) 100vw, 797px\" \/><\/a><\/p>\n<p><a href=\"https:\/\/www.nivunicornu.com\/Galerie_Nivunicornu\/Galerie_Accueil.html\">Vernissage le vendredi 13 octobre de 17h30 \u00e0 20h<\/a>.<\/p>\n<p>Annie L\u00e9vesque et Sophie Ouellet.<\/p>\n<p>10005 avenue Royale, Sainte-Anne-de-Beaupr\u00e9.<\/p>\n<p><\/p>\n<p><a href=\"https:\/\/www.galeriebecot.com\/wp-content\/uploads\/2013\/11\/LogoNiVuNiCornuRouge_facture.jpg\"><img loading=\"lazy\" decoding=\"async\" class=\"alignnone size-full wp-image-3284\" src=\"https:\/\/www.galeriebecot.com\/wp-content\/uploads\/2013\/11\/LogoNiVuNiCornuRouge_facture.jpg\" alt=\"LogoNiVuNiCornuRouge_facture\" width=\"427\" height=\"183\" srcset=\"https:\/\/galeriebecot.com\/wp-content\/uploads\/2013\/11\/LogoNiVuNiCornuRouge_facture.jpg 427w, https:\/\/galeriebecot.com\/wp-content\/uploads\/2013\/11\/LogoNiVuNiCornuRouge_facture-300x129.jpg 300w\" sizes=\"auto, (max-width: 427px) 100vw, 427px\" \/><\/a><\/p>\n<p><\/p>\n<p><a href=\"https:\/\/www.galeriebecot.com\/wp-content\/uploads\/2013\/11\/3e3d2beb-79b7-4f61-b883-fb04ad5c94c8.jpg\"><img loading=\"lazy\" decoding=\"async\" class=\"alignnone size-full wp-image-3285\" src=\"https:\/\/www.galeriebecot.com\/wp-content\/uploads\/2013\/11\/3e3d2beb-79b7-4f61-b883-fb04ad5c94c8.jpg\" alt=\"3e3d2beb-79b7-4f61-b883-fb04ad5c94c8\" width=\"800\" height=\"263\" srcset=\"https:\/\/galeriebecot.com\/wp-content\/uploads\/2013\/11\/3e3d2beb-79b7-4f61-b883-fb04ad5c94c8.jpg 800w, https:\/\/galeriebecot.com\/wp-content\/uploads\/2013\/11\/3e3d2beb-79b7-4f61-b883-fb04ad5c94c8-300x99.jpg 300w\" sizes=\"auto, (max-width: 800px) 100vw, 800px\" \/><\/a><\/p>\n<p><\/p>\n<div><strong>LA GALERIE NI VU NI CORNU EXPOSE \u00c0 PLACE STE-FOY!<\/strong><\/div>\n<div>\n<p>Sainte-Anne-de-Beaupr\u00e9, le 13 f\u00e9vrier 2015_&nbsp;La&nbsp;<strong>Galerie<\/strong>&nbsp;<strong>Ni Vu Ni Cornu<\/strong>&nbsp;expose le travail de sept de ses artistes \u00e0 Place Ste-Foy, Qu\u00e9bec, dans le hall principal, \u00e0 c\u00f4t\u00e9 du Simons. Le public est convi\u00e9 \u00e0 venir d\u00e9couvrir les cr\u00e9ations de&nbsp;<strong>Bernard Hame<\/strong>l sculpteur,&nbsp;<strong>Brigitte Th\u00e9riault<\/strong>&nbsp;photographe,&nbsp;<strong>Gis\u00e8le Boulianne<\/strong>&nbsp;peintre,&nbsp;<strong>Julie Lemire<\/strong>peintre,&nbsp;<strong>Julie Savard<\/strong>&nbsp;sculpteure,&nbsp;<strong>Sophie Ouellet<\/strong>&nbsp;peintre et&nbsp;<strong>Annie L\u00e9vesque<\/strong>&nbsp;peintre et propri\u00e9taire de la galerie.L\u2019exposition collective de 60 pieds de large est une initiative de diffusion qui a pour objectif de sortir l\u2019art de la galerie et de sensibiliser la client\u00e8le \u00e0 la richesse des cr\u00e9ations qu\u00e9b\u00e9coises. Rappelons que la Galerie Ni Vu Ni Cornu avait pr\u00e9sent\u00e9 une pop up galerie de 4 500 pieds carr\u00e9s pendant trois mois \u00e0 Place Ste-Foy en 2012.La mission de la Galerie Ni Vu Ni Cornu est de faire la diffusion, la promotion et la vente des cr\u00e9ations d\u2019artistes professionnels en arts actuels du Qu\u00e9bec pratiquant en arts visuels ou en m\u00e9tiers d\u2019art. L\u2019entreprise permet d\u2019alimenter l\u2019image de marque de plus de 40 artistes qu\u00e9b\u00e9cois, dont plusieurs artistes \u00e9mergents.<\/p>\n<p>La galerie permanente, situ\u00e9e \u00e0 Sainte-Anne-de-Beaupr\u00e9, est ouverte pour la client\u00e8le du jeudi au dimanche de 11h00 \u00e0 17h00 et sur rendez-vous au 418 702-1779.<\/p>\n<p>Pour de plus amples informations&nbsp;:&nbsp;<a href=\"http:\/\/nivunicornu.us2.list-manage.com\/track\/click?u=afc6ef7ea07ceae6cdd575d8c&amp;id=e520c1e8ac&amp;e=353325cea6\" target=\"_blank\" rel=\"noopener noreferrer\">www.nivunicornu.com<\/a><\/p>\n<\/div>\n<div>-30-<\/div>\n<p>Ni Vu Ni Cornu atelier &amp; galerie<br>Place Ste-Foy, Qu\u00e9bec, local V-23, \u00e0 c\u00f4t\u00e9 du Simons, en face de La vie en Rose<br>Renseignements : Annie L\u00e9vesque, propri\u00e9taire, 418&nbsp;930-0805<\/p>\n<p><\/p>\n<p><img loading=\"lazy\" decoding=\"async\" class=\"alignnone size-full wp-image-1323\" src=\"https:\/\/www.galeriebecot.com\/wp-content\/uploads\/2013\/11\/Ni_vu.jpg\" alt=\"Ni_vu\" width=\"559\" height=\"840\" srcset=\"https:\/\/galeriebecot.com\/wp-content\/uploads\/2013\/11\/Ni_vu.jpg 559w, https:\/\/galeriebecot.com\/wp-content\/uploads\/2013\/11\/Ni_vu-199x300.jpg 199w\" sizes=\"auto, (max-width: 559px) 100vw, 559px\" \/><\/p>\n<div>Sainte-Anne-de-Beaupr\u00e9, le 31 octobre 2013_ <a title=\"V\u00e9ronique Martel \u00ab\u00c9loge d'une premi\u00e8re rencontre\u00bb\" href=\"http:\/\/www.nivunicornu.com\"><strong>La galerie Ni Vu Ni Cornu<\/strong><\/a> a le plaisir de vous inviter \u00e0 la premi\u00e8re exposition individuelle de la c\u00e9ramiste et artiste en arts visuels, V\u00e9ronique Martel. L\u2019exposition aura lieu du <strong>4 novembre au 1<sup>er<\/sup> d\u00e9cembre 2013<\/strong>, au 10 005 avenue Royale \u00e0 Sainte-Anne-de-Beaupr\u00e9. Vous \u00eates cordialement invit\u00e9 au <strong>vernissage, jeudi le 7 novembre d\u00e8s 18h<\/strong>, en pr\u00e9sence de l\u2019artiste. <strong><em>\u00c9loge d\u2019une premi\u00e8re<\/em><\/strong> <strong><em>rencontre<\/em><\/strong> souligne \u00e0 travers la m\u00e9taphore, des sentiments n\u00e9s lors de la d\u00e9couverte et de la rencontre de l\u2019autre ou de son environnement. Au quotidien, nous sommes tous des acteurs engag\u00e9s ou des t\u00e9moins passifs d\u2019une premi\u00e8re rencontre. Nous vivons avec les sentiments qu\u2019elle suscite en nous. Ce projet de recherche est n\u00e9 d\u2019un premier voyage \u00e0 l\u2019international, au c\u0153ur du P\u00e9rou, o\u00f9 l\u2019artiste a \u00e9t\u00e9 fascin\u00e9e d\u2019observer l\u2019environnement architectural: barri\u00e8res forg\u00e9es \u00e0 l\u2019ancienne, murets maisonn\u00e9es ornementaux, hautes fa\u00e7ades herm\u00e9tiques, pr\u00e9sence abondante de couleurs pastels invitantes, etc. Autre embl\u00e8me fascinant, la vache. Omnipr\u00e9sentes, en ville comme en banlieue, elles \u00e9taient partout. B\u00e9antes, elles observent et nous observent. Habitu\u00e9e \u00e0 r\u00e9aliser des objets en c\u00e9ramique haut-de-gamme par enfumage, pour des restaurants ou des maisons fun\u00e9raires, tels que le Canard Goulu, les Coop\u00e9ratives fun\u00e9raires des Deux Rives et le Service du Protocole de la Ville de Qu\u00e9bec, V\u00e9ronique Martel sort ici de sa zone de confort et nous pr\u00e9sente une nouvelle collection de pi\u00e8ces d\u2019expression, des \u0153uvres d\u2019art grand format en c\u00e9ramique. La r\u00e9alisation de ce projet de cr\u00e9ation et de diffusion est possible gr\u00e2ce \u00e0 une bourse de Premi\u00e8re Ovation et le soutien de la Maison des M\u00e9tiers d\u2019Art de Qu\u00e9bec.<\/div>\n<div><strong>V\u00c9RONIQUE MARTEL <\/strong>| BIOGRAPHIE <strong>V\u00e9ronique Martel <\/strong>a investi le champ de la cr\u00e9ation gr\u00e2ce \u00e0 un parcours coll\u00e9gial et universitaire d\u00e9di\u00e9 \u00e0 l\u2019art conclu en 2007. Le travail artistique et entrepreneurial de V\u00e9ronique Martel a \u00e9t\u00e9 reconnu par divers prix et bourses. Soulignons entre autres le <strong>Prix Coup de c\u0153ur<\/strong> du jury 2011 au <strong>13<sup>e<\/sup> Concours qu\u00e9b\u00e9cois en entrepreneuriat de la r\u00e9gion de la Capitale-Nationale<\/strong> et la <strong>Mention d\u2019excellence<\/strong> de la <strong>Triennale des m\u00e9tiers d\u2019art<\/strong> d\u00e9cern\u00e9e en 2009 par le Conseil des m\u00e9tiers d\u2019art du Qu\u00e9bec.<br>En plus de ses engagements dans le milieu, V\u00e9ronique Martel op\u00e8re aujourd\u2019hui, son entreprise Poteries d\u2019Artel, enseigne \u00e0 la Maison des m\u00e9tiers d\u2019art de Qu\u00e9bec et assure, avec sa coll\u00e8gue Am\u00e9lie Proulx, la gestion des Ateliers du Trois Cinqui\u00e8me dont elles sont les co-fondatrices. V\u00e9ronique se d\u00e9marque par son approche conceptuelle en m\u00e9tier d&rsquo;arts alliant ses forces techniques et cr\u00e9atives pour la cr\u00e9ation de pi\u00e8ces fun\u00e9raires, d\u00e9coratives et d\u2019expression. Ni Vu Ni Cornu atelier &amp; galerie a pour mission la diffusion, la promotion et la vente des cr\u00e9ations d\u2019artistes professionnels en arts actuels du Qu\u00e9bec, pratiquant en arts visuels ou en m\u00e9tiers d\u2019art.<\/div>\n<p><\/p>\n<div><strong>Jeudi au dimanche de 11h \u00e0 17h. L\u2019entr\u00e9e est libre.<\/strong><\/div>","protected":false},"excerpt":{"rendered":"<p>La Galerie Ni Vu Ni Cornu lance son appel de dossier pour la saison 2025-2026 ! Le club des collectionneurs \/. https:\/\/www.be-video.info\/copie-de-po , Faire parvenir votre dossier complet : popup@nivunicornu.com&hellip; <\/p>\n","protected":false},"author":1,"featured_media":0,"comment_status":"open","ping_status":"open","sticky":false,"template":"","format":"standard","meta":{"_exactmetrics_skip_tracking":false,"_exactmetrics_sitenote_active":false,"_exactmetrics_sitenote_note":"","_exactmetrics_sitenote_category":0,"footnotes":""},"categories":[27,21,19],"tags":[34,523,517,518,6,2736,35,71,519,2915,520,521,58,2748,522,37],"class_list":["post-1322","post","type-post","status-publish","format-standard","hentry","category-artistes","category-vente-aux-encheres-doeuvres-dart","category-vernissage","tag-andre-becot","tag-annie-levesque","tag-bernard-hamel","tag-brigitte-theriault","tag-club-des-collectionneurs-en-arts-visuels-de-quebec","tag-etienne-saint-amant-eric-dupont","tag-foire-en-arts-actuel","tag-galerie-ni-vu-ni-cornu","tag-gisele-boulianne","tag-ig-gestion-privee","tag-julie-lemire","tag-julie-savard","tag-marc-bellemare-collectionneur","tag-roxanne-gingras","tag-sophie-ouellet","tag-studio-becot"],"_links":{"self":[{"href":"https:\/\/galeriebecot.com\/index.php?rest_route=\/wp\/v2\/posts\/1322","targetHints":{"allow":["GET"]}}],"collection":[{"href":"https:\/\/galeriebecot.com\/index.php?rest_route=\/wp\/v2\/posts"}],"about":[{"href":"https:\/\/galeriebecot.com\/index.php?rest_route=\/wp\/v2\/types\/post"}],"author":[{"embeddable":true,"href":"https:\/\/galeriebecot.com\/index.php?rest_route=\/wp\/v2\/users\/1"}],"replies":[{"embeddable":true,"href":"https:\/\/galeriebecot.com\/index.php?rest_route=%2Fwp%2Fv2%2Fcomments&post=1322"}],"version-history":[{"count":35,"href":"https:\/\/galeriebecot.com\/index.php?rest_route=\/wp\/v2\/posts\/1322\/revisions"}],"predecessor-version":[{"id":20924,"href":"https:\/\/galeriebecot.com\/index.php?rest_route=\/wp\/v2\/posts\/1322\/revisions\/20924"}],"wp:attachment":[{"href":"https:\/\/galeriebecot.com\/index.php?rest_route=%2Fwp%2Fv2%2Fmedia&parent=1322"}],"wp:term":[{"taxonomy":"category","embeddable":true,"href":"https:\/\/galeriebecot.com\/index.php?rest_route=%2Fwp%2Fv2%2Fcategories&post=1322"},{"taxonomy":"post_tag","embeddable":true,"href":"https:\/\/galeriebecot.com\/index.php?rest_route=%2Fwp%2Fv2%2Ftags&post=1322"}],"curies":[{"name":"wp","href":"https:\/\/api.w.org\/{rel}","templated":true}]}}