{"id":13209,"date":"2020-09-16T10:19:00","date_gmt":"2020-09-16T14:19:00","guid":{"rendered":"http:\/\/www.clubdescollectionneursenartsvisuelsdequebec.com\/?p=13209"},"modified":"2020-09-18T14:39:20","modified_gmt":"2020-09-18T18:39:20","slug":"becot-chez-maelstrom-creatif","status":"publish","type":"post","link":"https:\/\/galeriebecot.com\/?p=13209","title":{"rendered":"B\u00e9cot chez Maelstr\u00f6m Cr\u00e9atif"},"content":{"rendered":"\n<p class=\"wp-block-paragraph\">Mercredi le 16 Septembre 2020 : R\u00e9installation d&rsquo;une Oeuvre de B\u00e9cot.<\/p>\n\n\n\n<figure class=\"wp-block-image size-large\"><a href=\"https:\/\/www.maelstrom-creatif.com\"><img loading=\"lazy\" decoding=\"async\" width=\"525\" height=\"864\" src=\"https:\/\/www.galeriebecot.com\/wp-content\/uploads\/2020\/09\/Becot_reinstallationOKOKOKOK.jpg\" alt=\"\" class=\"wp-image-13228\" srcset=\"https:\/\/galeriebecot.com\/wp-content\/uploads\/2020\/09\/Becot_reinstallationOKOKOKOK.jpg 525w, https:\/\/galeriebecot.com\/wp-content\/uploads\/2020\/09\/Becot_reinstallationOKOKOKOK-182x300.jpg 182w\" sizes=\"auto, (max-width: 525px) 100vw, 525px\" \/><\/a><figcaption><em>Cr\u00e9dit Photos : Andr\u00e9 Pelletier et Annie Choquette<\/em><\/figcaption><\/figure>\n\n\n\n<p class=\"wp-block-paragraph\"><a href=\"https:\/\/www.maelstrom-creatif.com\">Dans les nouveaux bureaux de Maelstr\u00f6m CR\u00c9ATIF.<\/a><\/p>\n\n\n\n<p class=\"wp-block-paragraph\"><a href=\"https:\/\/quartiersaintsauveur.com\/commerce\/maelstrom-creatif\">Quartier Saint-Sauveur\/ Maelstr\u00f6m CREATIF<\/a><\/p>\n","protected":false},"excerpt":{"rendered":"<p>Mercredi le 16 Septembre 2020 : R\u00e9installation d&rsquo;une Oeuvre de B\u00e9cot. Dans les nouveaux bureaux de Maelstr\u00f6m CR\u00c9ATIF. Quartier Saint-Sauveur\/ Maelstr\u00f6m CREATIF<\/p>\n","protected":false},"author":1,"featured_media":0,"comment_status":"open","ping_status":"open","sticky":false,"template":"","format":"standard","meta":{"_exactmetrics_skip_tracking":false,"_exactmetrics_sitenote_active":false,"_exactmetrics_sitenote_note":"","_exactmetrics_sitenote_category":0,"footnotes":""},"categories":[27,18],"tags":[34,500,3434,3435,67,224,58],"class_list":["post-13209","post","type-post","status-publish","format-standard","hentry","category-artistes","category-evenement","tag-andre-becot","tag-andree-pelletier","tag-annie-choquette","tag-artiste-en-residence","tag-club-des-collectionneurs-en-arts-visuels-de-quebec-marc-bellemare","tag-maelstrom-creatif","tag-marc-bellemare-collectionneur"],"_links":{"self":[{"href":"https:\/\/galeriebecot.com\/index.php?rest_route=\/wp\/v2\/posts\/13209","targetHints":{"allow":["GET"]}}],"collection":[{"href":"https:\/\/galeriebecot.com\/index.php?rest_route=\/wp\/v2\/posts"}],"about":[{"href":"https:\/\/galeriebecot.com\/index.php?rest_route=\/wp\/v2\/types\/post"}],"author":[{"embeddable":true,"href":"https:\/\/galeriebecot.com\/index.php?rest_route=\/wp\/v2\/users\/1"}],"replies":[{"embeddable":true,"href":"https:\/\/galeriebecot.com\/index.php?rest_route=%2Fwp%2Fv2%2Fcomments&post=13209"}],"version-history":[{"count":18,"href":"https:\/\/galeriebecot.com\/index.php?rest_route=\/wp\/v2\/posts\/13209\/revisions"}],"predecessor-version":[{"id":13234,"href":"https:\/\/galeriebecot.com\/index.php?rest_route=\/wp\/v2\/posts\/13209\/revisions\/13234"}],"wp:attachment":[{"href":"https:\/\/galeriebecot.com\/index.php?rest_route=%2Fwp%2Fv2%2Fmedia&parent=13209"}],"wp:term":[{"taxonomy":"category","embeddable":true,"href":"https:\/\/galeriebecot.com\/index.php?rest_route=%2Fwp%2Fv2%2Fcategories&post=13209"},{"taxonomy":"post_tag","embeddable":true,"href":"https:\/\/galeriebecot.com\/index.php?rest_route=%2Fwp%2Fv2%2Ftags&post=13209"}],"curies":[{"name":"wp","href":"https:\/\/api.w.org\/{rel}","templated":true}]}}