{"id":13152,"date":"2020-07-05T15:06:00","date_gmt":"2020-07-05T19:06:00","guid":{"rendered":"http:\/\/www.clubdescollectionneursenartsvisuelsdequebec.com\/?p=13152"},"modified":"2020-07-10T15:48:57","modified_gmt":"2020-07-10T19:48:57","slug":"volonte-de-fer","status":"publish","type":"post","link":"https:\/\/galeriebecot.com\/?p=13152","title":{"rendered":"VOLONT\u00c9 DE FER, Deschambault-Grondines."},"content":{"rendered":"\n<figure class=\"wp-block-image size-large\"><img loading=\"lazy\" decoding=\"async\" width=\"1024\" height=\"871\" src=\"https:\/\/www.galeriebecot.com\/wp-content\/uploads\/2020\/07\/Volonte-de-fer-1024x871.jpg\" alt=\"\" class=\"wp-image-13153\" srcset=\"https:\/\/galeriebecot.com\/wp-content\/uploads\/2020\/07\/Volonte-de-fer-1024x871.jpg 1024w, https:\/\/galeriebecot.com\/wp-content\/uploads\/2020\/07\/Volonte-de-fer-300x255.jpg 300w, https:\/\/galeriebecot.com\/wp-content\/uploads\/2020\/07\/Volonte-de-fer-768x653.jpg 768w, https:\/\/galeriebecot.com\/wp-content\/uploads\/2020\/07\/Volonte-de-fer.jpg 1440w\" sizes=\"auto, (max-width: 1024px) 100vw, 1024px\" \/><\/figure>\n\n\n\n<figure class=\"wp-block-image size-large\"><img loading=\"lazy\" decoding=\"async\" width=\"1024\" height=\"768\" src=\"https:\/\/www.galeriebecot.com\/wp-content\/uploads\/2020\/07\/Volonte-de-fer2-1024x768.jpg\" alt=\"\" class=\"wp-image-13154\" srcset=\"https:\/\/galeriebecot.com\/wp-content\/uploads\/2020\/07\/Volonte-de-fer2-1024x768.jpg 1024w, https:\/\/galeriebecot.com\/wp-content\/uploads\/2020\/07\/Volonte-de-fer2-300x225.jpg 300w, https:\/\/galeriebecot.com\/wp-content\/uploads\/2020\/07\/Volonte-de-fer2-768x576.jpg 768w, https:\/\/galeriebecot.com\/wp-content\/uploads\/2020\/07\/Volonte-de-fer2.jpg 1440w\" sizes=\"auto, (max-width: 1024px) 100vw, 1024px\" \/><\/figure>\n\n\n\n<figure class=\"wp-block-image size-large\"><img loading=\"lazy\" decoding=\"async\" width=\"1024\" height=\"719\" src=\"https:\/\/www.galeriebecot.com\/wp-content\/uploads\/2020\/07\/Volonte-de-fer3-1024x719.jpg\" alt=\"\" class=\"wp-image-13155\" srcset=\"https:\/\/galeriebecot.com\/wp-content\/uploads\/2020\/07\/Volonte-de-fer3-1024x719.jpg 1024w, https:\/\/galeriebecot.com\/wp-content\/uploads\/2020\/07\/Volonte-de-fer3-300x211.jpg 300w, https:\/\/galeriebecot.com\/wp-content\/uploads\/2020\/07\/Volonte-de-fer3-768x539.jpg 768w, https:\/\/galeriebecot.com\/wp-content\/uploads\/2020\/07\/Volonte-de-fer3.jpg 1440w\" sizes=\"auto, (max-width: 1024px) 100vw, 1024px\" \/><\/figure>\n\n\n\n<figure class=\"wp-block-image size-large\"><img loading=\"lazy\" decoding=\"async\" width=\"1024\" height=\"453\" src=\"https:\/\/www.galeriebecot.com\/wp-content\/uploads\/2020\/07\/Volonte-de-fer4-1024x453.jpg\" alt=\"\" class=\"wp-image-13156\" srcset=\"https:\/\/galeriebecot.com\/wp-content\/uploads\/2020\/07\/Volonte-de-fer4-1024x453.jpg 1024w, https:\/\/galeriebecot.com\/wp-content\/uploads\/2020\/07\/Volonte-de-fer4-300x133.jpg 300w, https:\/\/galeriebecot.com\/wp-content\/uploads\/2020\/07\/Volonte-de-fer4-768x340.jpg 768w, https:\/\/galeriebecot.com\/wp-content\/uploads\/2020\/07\/Volonte-de-fer4.jpg 1440w\" sizes=\"auto, (max-width: 1024px) 100vw, 1024px\" \/><\/figure>\n\n\n\n<p class=\"wp-block-paragraph\">Visite de l&rsquo;exposition &lt;&lt; <a href=\"http:\/\/www.culture-patrimoine-deschambault-grondines.ca\/index.php?id=103\">VOLONT\u00c9 DE FER <\/a>>> le jeudi 9 juillet 2020.<\/p>\n\n\n\n<figure class=\"wp-block-image size-large\"><a href=\"http:\/\/www.culture-patrimoine-deschambault-grondines.ca\/index.php?id=103\"><img loading=\"lazy\" decoding=\"async\" width=\"864\" height=\"367\" src=\"https:\/\/www.galeriebecot.com\/wp-content\/uploads\/2020\/07\/Volonte-de-ferFB.jpg\" alt=\"\" class=\"wp-image-13170\" srcset=\"https:\/\/galeriebecot.com\/wp-content\/uploads\/2020\/07\/Volonte-de-ferFB.jpg 864w, https:\/\/galeriebecot.com\/wp-content\/uploads\/2020\/07\/Volonte-de-ferFB-300x127.jpg 300w, https:\/\/galeriebecot.com\/wp-content\/uploads\/2020\/07\/Volonte-de-ferFB-768x326.jpg 768w\" sizes=\"auto, (max-width: 864px) 100vw, 864px\" \/><\/a><\/figure>\n\n\n\n<p class=\"wp-block-paragraph\">en compagnie de <a href=\"https:\/\/colettematte.com\/Bienvenue\/\">Colette Matte<\/a>, <a href=\"https:\/\/www.carolpoulinartiste.com\">Carol Poulin<\/a> et Andr\u00e9 B\u00e9cot.<\/p>\n\n\n\n<p class=\"wp-block-paragraph\"><em> ( Belle exposition et r\u00e9ception impeccable&#8230;!<\/em> )<\/p>\n\n\n\n<figure class=\"wp-block-image size-large\"><img loading=\"lazy\" decoding=\"async\" width=\"438\" height=\"211\" src=\"https:\/\/www.galeriebecot.com\/wp-content\/uploads\/2020\/07\/Becot_sculpture.jpg\" alt=\"\" class=\"wp-image-13157\" srcset=\"https:\/\/galeriebecot.com\/wp-content\/uploads\/2020\/07\/Becot_sculpture.jpg 438w, https:\/\/galeriebecot.com\/wp-content\/uploads\/2020\/07\/Becot_sculpture-300x145.jpg 300w\" sizes=\"auto, (max-width: 438px) 100vw, 438px\" \/><\/figure>\n\n\n\n<figure class=\"wp-block-image size-large\"><img loading=\"lazy\" decoding=\"async\" width=\"449\" height=\"435\" src=\"https:\/\/www.galeriebecot.com\/wp-content\/uploads\/2020\/07\/Becot_art-public.jpg\" alt=\"\" class=\"wp-image-13158\" srcset=\"https:\/\/galeriebecot.com\/wp-content\/uploads\/2020\/07\/Becot_art-public.jpg 449w, https:\/\/galeriebecot.com\/wp-content\/uploads\/2020\/07\/Becot_art-public-300x291.jpg 300w\" sizes=\"auto, (max-width: 449px) 100vw, 449px\" \/><figcaption>AB ORIGINE par Andr\u00e9 B\u00e9cot r\u00e9alis\u00e9 en 1987 ( B\u00e9ton, cuivre, aluminium, b\u00e9ton )<br><\/figcaption><\/figure>\n\n\n\n<p class=\"wp-block-paragraph\">Cette sculpture, de Andr\u00e9 B\u00e9cot, r\u00e9alis\u00e9 en 1987, dans le cadre du 1%,<br>sera restaur\u00e9e \u00e0 l&rsquo;\u00e9t\u00e9 2020.<\/p>\n","protected":false},"excerpt":{"rendered":"<p>Visite de l&rsquo;exposition &lt;&lt; VOLONT\u00c9 DE FER >> le jeudi 9 juillet 2020. en compagnie de Colette Matte, Carol Poulin et Andr\u00e9 B\u00e9cot. ( Belle exposition et r\u00e9ception impeccable&#8230;! )&hellip; <\/p>\n","protected":false},"author":1,"featured_media":0,"comment_status":"open","ping_status":"open","sticky":false,"template":"","format":"standard","meta":{"_exactmetrics_skip_tracking":false,"_exactmetrics_sitenote_active":false,"_exactmetrics_sitenote_note":"","_exactmetrics_sitenote_category":0,"footnotes":""},"categories":[27,18],"tags":[34,3422,3429,3427,3425,3428,3423,2749,521,3426,3430,383,1421,37],"class_list":["post-13152","post","type-post","status-publish","format-standard","hentry","category-artistes","category-evenement","tag-andre-becot","tag-catherine-breton","tag-club-des-collectionneurs-en-arts-visuels-de-quebec-2","tag-corole-baillargeon","tag-cynthia-girard","tag-deschambault-grondines","tag-jacques-sanson","tag-joanne-gauthier","tag-julie-savard","tag-julien-labargy","tag-marc-bellemare-collectionneurs","tag-marc-antoine-cote","tag-philippe-pallafray","tag-studio-becot"],"_links":{"self":[{"href":"https:\/\/galeriebecot.com\/index.php?rest_route=\/wp\/v2\/posts\/13152","targetHints":{"allow":["GET"]}}],"collection":[{"href":"https:\/\/galeriebecot.com\/index.php?rest_route=\/wp\/v2\/posts"}],"about":[{"href":"https:\/\/galeriebecot.com\/index.php?rest_route=\/wp\/v2\/types\/post"}],"author":[{"embeddable":true,"href":"https:\/\/galeriebecot.com\/index.php?rest_route=\/wp\/v2\/users\/1"}],"replies":[{"embeddable":true,"href":"https:\/\/galeriebecot.com\/index.php?rest_route=%2Fwp%2Fv2%2Fcomments&post=13152"}],"version-history":[{"count":12,"href":"https:\/\/galeriebecot.com\/index.php?rest_route=\/wp\/v2\/posts\/13152\/revisions"}],"predecessor-version":[{"id":13171,"href":"https:\/\/galeriebecot.com\/index.php?rest_route=\/wp\/v2\/posts\/13152\/revisions\/13171"}],"wp:attachment":[{"href":"https:\/\/galeriebecot.com\/index.php?rest_route=%2Fwp%2Fv2%2Fmedia&parent=13152"}],"wp:term":[{"taxonomy":"category","embeddable":true,"href":"https:\/\/galeriebecot.com\/index.php?rest_route=%2Fwp%2Fv2%2Fcategories&post=13152"},{"taxonomy":"post_tag","embeddable":true,"href":"https:\/\/galeriebecot.com\/index.php?rest_route=%2Fwp%2Fv2%2Ftags&post=13152"}],"curies":[{"name":"wp","href":"https:\/\/api.w.org\/{rel}","templated":true}]}}