{"id":1314,"date":"2016-11-21T23:43:40","date_gmt":"2016-11-22T04:43:40","guid":{"rendered":"http:\/\/www.clubdescollectionneursenartsvisuelsdequebec.com\/?p=1314"},"modified":"2016-11-26T10:49:20","modified_gmt":"2016-11-26T15:49:20","slug":"jean-robert-drouillard","status":"publish","type":"post","link":"https:\/\/galeriebecot.com\/?p=1314","title":{"rendered":"Jean-Robert Drouillard, le sculpteur qui devient chanteur."},"content":{"rendered":"<p><a href=\"http:\/\/infofestival.com\/Programmation\/Imperial-Bell-District-Saint-Joseph\/#!programmation=event$apros-feq-juste-robert\/871\"><img loading=\"lazy\" decoding=\"async\" class=\"alignnone size-full wp-image-5928\" src=\"https:\/\/www.galeriebecot.com\/wp-content\/uploads\/2016\/11\/Jean-Robert-Drouillard.jpg\" alt=\"jean-robert-drouillard\" width=\"932\" height=\"935\" srcset=\"https:\/\/galeriebecot.com\/wp-content\/uploads\/2016\/11\/Jean-Robert-Drouillard.jpg 932w, https:\/\/galeriebecot.com\/wp-content\/uploads\/2016\/11\/Jean-Robert-Drouillard-150x150.jpg 150w, https:\/\/galeriebecot.com\/wp-content\/uploads\/2016\/11\/Jean-Robert-Drouillard-300x300.jpg 300w, https:\/\/galeriebecot.com\/wp-content\/uploads\/2016\/11\/Jean-Robert-Drouillard-768x770.jpg 768w, https:\/\/galeriebecot.com\/wp-content\/uploads\/2016\/11\/Jean-Robert-Drouillard-330x330.jpg 330w\" sizes=\"auto, (max-width: 932px) 100vw, 932px\" \/><\/a><\/p>\n<h3>District Saint-Joseph le 30 novembre 18h.<\/h3>\n<p>Sur la rue St-Vallier Est \u00e0 Qu\u00e9bec, le sculpteur Jean-Robert Drouillard, compose des chansons pour sa cuisine. La date le 30 novembre 18h00.<\/p>\n<p>&nbsp;<\/p>\n<p>Conf\u00e9rence<\/p>\n<p><b>La date : <\/b><b>Lundi, le 25 novembre 2013<\/b><\/p>\n<p><b>L\u2019heure : <\/b><b>19h30<\/b><\/p>\n<p><a title=\"plan\" href=\"https:\/\/maps.google.com\/maps? f=q&amp;source=s_q&amp;hl=fr&amp;geocode=&amp;q=150,+5i%C3%A8me+rue+quebec+quebec&amp;aq=&amp;sll=37.0625,-95.677068&amp;sspn=68.558336,165.058594&amp;vpsrc=0&amp;ie=UTF8&amp;hq=&amp;hnear=150+5e+Rue,+Qu%C3%A9bec,+G1L+2R5,+Canada&amp;t=m&amp;z=17&gt;\"><b>Le lieu: <\/b><b>Atelier Coop Le Bloc-5<\/b><\/a><\/p>\n<p><a title=\"plan\" href=\"https:\/\/maps.google.com\/maps? f=q&amp;source=s_q&amp;hl=fr&amp;geocode=&amp;q=150,+5i%C3%A8me+rue+quebec+quebec&amp;aq=&amp;sll=37.0625,-95.677068&amp;sspn=68.558336,165.058594&amp;vpsrc=0&amp;ie=UTF8&amp;hq=&amp;hnear=150+5e+Rue,+Qu%C3%A9bec,+G1L+2R5,+Canada&amp;t=m&amp;z=17&gt;\"><b>150, 5<sup>i\u00e8me<\/sup> rue (coin 1<sup>i\u00e8me<\/sup> avenue)<\/b><\/a><\/p>\n<p><a title=\"plan\" href=\"https:\/\/maps.google.com\/maps? f=q&amp;source=s_q&amp;hl=fr&amp;geocode=&amp;q=150,+5i%C3%A8me+rue+quebec+quebec&amp;aq=&amp;sll=37.0625,-95.677068&amp;sspn=68.558336,165.058594&amp;vpsrc=0&amp;ie=UTF8&amp;hq=&amp;hnear=150+5e+Rue,+Qu%C3%A9bec,+G1L+2R5,+Canada&amp;t=m&amp;z=17&gt;\"><b>Limoilou, Qu\u00e9bec<\/b><\/a><\/p>\n<p>&nbsp;<\/p>\n<p><b>L\u2019artiste : <\/b><b>Jean-Robert Drouillard<\/b><\/p>\n<p>&nbsp;<\/p>\n<p><b>Un homme portant un panache d\u2019orignal sur la t\u00eate (<i>Je suis la nature \u2013 2009<\/i>), un ado avec des oreilles de lapin (<i>I am the golden boy \u2013 2010<\/i>), un homme portant un masque \u00e0 gaz (<i>Jeune<\/i> <i>po\u00e8te aux bidons \u2013 2013<\/i>) \u2026 Qui n\u2019a pas d\u00e9j\u00e0 \u00e9t\u00e9 surpris \u00e0 la vue d\u2019une sculpture de Jean-Robert Drouillard ?<\/b><\/p>\n<p><b>Originaire de Gasp\u00e9, l\u2019artiste est dipl\u00f4m\u00e9 en litt\u00e9rature de l\u2019Universit\u00e9 Laval. Il puise volontiers dans la po\u00e9sie, les fables et les l\u00e9gendes populaires des personnages que la sculpture sur bois lui permet d\u2019incarner dans une \u00e9tonnante contemporan\u00e9it\u00e9.<\/b><\/p>\n<p><b>L\u2019\u0153uvre de Jean-Robert Drouillard est unique, saisissante, bouleversante. C\u2019est dans son atelier de Limoilou (Coop Le Bloc-5), qu\u2019il a d\u2019ailleurs cofond\u00e9 en 2002, que l\u2019artiste recevra les membres du Club. Exceptionnellement, cette rencontre est organis\u00e9e en collaboration avec le Cercle des collectionneurs en art actuel. Elle est offerte gratuitement \u00e0 tous les int\u00e9ress\u00e9s. C\u2019est l\u00e0 une occasion unique d\u2019entendre cet artiste fascinant, de le rencontrer et d\u2019en conna\u00eetre davantage sur sa d\u00e9marche.<\/b><\/p>\n<p><b>Incidemment, jusqu\u2019au 27 novembre, Lacerte Art Contemporain <\/b><\/p>\n<p><b><a href=\"http:\/\/www.galerielacerte.com\" target=\"_blank\">www.galerielacerte.com<\/a> pr\u00e9sente <i>Le c\u0153ur au poing comme un faucon aveugle<\/i>, la premi\u00e8re d\u2019une s\u00e9rie d\u2019expositions de Jean-Robert Drouillard sur le th\u00e8me de la jeunesse.<\/b><\/p>\n<p><b>Pour informations : <\/b><\/p>\n<p><b>Marc Bellemare 418 681 1227<\/b><\/p>\n<p><b>Andr\u00e9 B\u00e9cot 418 559 6816<\/b><\/p>\n<p>&nbsp;<\/p>\n","protected":false},"excerpt":{"rendered":"<p>District Saint-Joseph le 30 novembre 18h. Sur la rue St-Vallier Est \u00e0 Qu\u00e9bec, le sculpteur Jean-Robert Drouillard, compose des chansons pour sa cuisine. La date le 30 novembre 18h00. &nbsp;&hellip; <\/p>\n","protected":false},"author":1,"featured_media":0,"comment_status":"open","ping_status":"open","sticky":false,"template":"","format":"standard","meta":{"_exactmetrics_skip_tracking":false,"_exactmetrics_sitenote_active":false,"_exactmetrics_sitenote_note":"","_exactmetrics_sitenote_category":0,"footnotes":""},"categories":[17,18],"tags":[735,67,48,1393,37,45],"class_list":["post-1314","post","type-post","status-publish","format-standard","hentry","category-conference","category-evenement","tag-artistes","tag-club-des-collectionneurs-en-arts-visuels-de-quebec-marc-bellemare","tag-jean-robert-drouillard","tag-juste-robert","tag-studio-becot","tag-visual-art"],"_links":{"self":[{"href":"https:\/\/galeriebecot.com\/index.php?rest_route=\/wp\/v2\/posts\/1314","targetHints":{"allow":["GET"]}}],"collection":[{"href":"https:\/\/galeriebecot.com\/index.php?rest_route=\/wp\/v2\/posts"}],"about":[{"href":"https:\/\/galeriebecot.com\/index.php?rest_route=\/wp\/v2\/types\/post"}],"author":[{"embeddable":true,"href":"https:\/\/galeriebecot.com\/index.php?rest_route=\/wp\/v2\/users\/1"}],"replies":[{"embeddable":true,"href":"https:\/\/galeriebecot.com\/index.php?rest_route=%2Fwp%2Fv2%2Fcomments&post=1314"}],"version-history":[{"count":12,"href":"https:\/\/galeriebecot.com\/index.php?rest_route=\/wp\/v2\/posts\/1314\/revisions"}],"predecessor-version":[{"id":5934,"href":"https:\/\/galeriebecot.com\/index.php?rest_route=\/wp\/v2\/posts\/1314\/revisions\/5934"}],"wp:attachment":[{"href":"https:\/\/galeriebecot.com\/index.php?rest_route=%2Fwp%2Fv2%2Fmedia&parent=1314"}],"wp:term":[{"taxonomy":"category","embeddable":true,"href":"https:\/\/galeriebecot.com\/index.php?rest_route=%2Fwp%2Fv2%2Fcategories&post=1314"},{"taxonomy":"post_tag","embeddable":true,"href":"https:\/\/galeriebecot.com\/index.php?rest_route=%2Fwp%2Fv2%2Ftags&post=1314"}],"curies":[{"name":"wp","href":"https:\/\/api.w.org\/{rel}","templated":true}]}}