{"id":13137,"date":"2020-06-23T15:42:00","date_gmt":"2020-06-23T19:42:00","guid":{"rendered":"http:\/\/www.clubdescollectionneursenartsvisuelsdequebec.com\/?p=13137"},"modified":"2020-07-10T23:05:00","modified_gmt":"2020-07-11T03:05:00","slug":"un-parcours-dart-libre-et-a-lair-libre-dans-quebec","status":"publish","type":"post","link":"https:\/\/galeriebecot.com\/?p=13137","title":{"rendered":"Un parcours d&rsquo;art libre et \u00e0 l&rsquo;air libre dans Qu\u00e9bec"},"content":{"rendered":"\n<figure><iframe loading=\"lazy\" src=\"https:\/\/www.facebook.com\/plugins\/video.php?href=https%3A%2F%2Fwww.facebook.com%2FM.Mondialisation%2Fvideos%2F2681704672116084%2F&amp;show_text=0&amp;width=560\" width=\"560\" height=\"315\" allowfullscreen=\"true\"><\/iframe><\/figure>\n\n\n\n<figure class=\"wp-block-image size-large\"><img loading=\"lazy\" decoding=\"async\" width=\"1008\" height=\"1024\" src=\"https:\/\/www.galeriebecot.com\/wp-content\/uploads\/2020\/07\/Art1-1-1008x1024.jpg\" alt=\"\" class=\"wp-image-13138\" srcset=\"https:\/\/galeriebecot.com\/wp-content\/uploads\/2020\/07\/Art1-1-1008x1024.jpg 1008w, https:\/\/galeriebecot.com\/wp-content\/uploads\/2020\/07\/Art1-1-295x300.jpg 295w, https:\/\/galeriebecot.com\/wp-content\/uploads\/2020\/07\/Art1-1-768x780.jpg 768w, https:\/\/galeriebecot.com\/wp-content\/uploads\/2020\/07\/Art1-1.jpg 1152w\" sizes=\"auto, (max-width: 1008px) 100vw, 1008px\" \/><\/figure>\n\n\n\n<figure class=\"wp-block-image size-large\"><img loading=\"lazy\" decoding=\"async\" width=\"843\" height=\"1024\" src=\"https:\/\/www.galeriebecot.com\/wp-content\/uploads\/2020\/07\/Art2-1-843x1024.jpg\" alt=\"\" class=\"wp-image-13139\" srcset=\"https:\/\/galeriebecot.com\/wp-content\/uploads\/2020\/07\/Art2-1-843x1024.jpg 843w, https:\/\/galeriebecot.com\/wp-content\/uploads\/2020\/07\/Art2-1-247x300.jpg 247w, https:\/\/galeriebecot.com\/wp-content\/uploads\/2020\/07\/Art2-1-768x933.jpg 768w, https:\/\/galeriebecot.com\/wp-content\/uploads\/2020\/07\/Art2-1.jpg 1152w\" sizes=\"auto, (max-width: 843px) 100vw, 843px\" \/><\/figure>\n\n\n\n<figure class=\"wp-block-image size-large\"><img loading=\"lazy\" decoding=\"async\" width=\"933\" height=\"1024\" src=\"https:\/\/www.galeriebecot.com\/wp-content\/uploads\/2020\/07\/Art3-1-933x1024.jpg\" alt=\"\" class=\"wp-image-13140\" srcset=\"https:\/\/galeriebecot.com\/wp-content\/uploads\/2020\/07\/Art3-1-933x1024.jpg 933w, https:\/\/galeriebecot.com\/wp-content\/uploads\/2020\/07\/Art3-1-273x300.jpg 273w, https:\/\/galeriebecot.com\/wp-content\/uploads\/2020\/07\/Art3-1-768x843.jpg 768w, https:\/\/galeriebecot.com\/wp-content\/uploads\/2020\/07\/Art3-1.jpg 1152w\" sizes=\"auto, (max-width: 933px) 100vw, 933px\" \/><\/figure>\n\n\n\n<figure class=\"wp-block-image size-large\"><img loading=\"lazy\" decoding=\"async\" width=\"964\" height=\"1024\" src=\"https:\/\/www.galeriebecot.com\/wp-content\/uploads\/2020\/07\/Art4-1-964x1024.jpg\" alt=\"\" class=\"wp-image-13141\" srcset=\"https:\/\/galeriebecot.com\/wp-content\/uploads\/2020\/07\/Art4-1-964x1024.jpg 964w, https:\/\/galeriebecot.com\/wp-content\/uploads\/2020\/07\/Art4-1-282x300.jpg 282w, https:\/\/galeriebecot.com\/wp-content\/uploads\/2020\/07\/Art4-1-768x816.jpg 768w, https:\/\/galeriebecot.com\/wp-content\/uploads\/2020\/07\/Art4-1.jpg 1152w\" sizes=\"auto, (max-width: 964px) 100vw, 964px\" \/><\/figure>\n\n\n\n<figure class=\"wp-block-image size-large\"><img loading=\"lazy\" decoding=\"async\" width=\"986\" height=\"1024\" src=\"https:\/\/www.galeriebecot.com\/wp-content\/uploads\/2020\/07\/Art5-1-986x1024.jpg\" alt=\"\" class=\"wp-image-13142\" srcset=\"https:\/\/galeriebecot.com\/wp-content\/uploads\/2020\/07\/Art5-1-986x1024.jpg 986w, https:\/\/galeriebecot.com\/wp-content\/uploads\/2020\/07\/Art5-1-289x300.jpg 289w, https:\/\/galeriebecot.com\/wp-content\/uploads\/2020\/07\/Art5-1-768x798.jpg 768w, https:\/\/galeriebecot.com\/wp-content\/uploads\/2020\/07\/Art5-1.jpg 1152w\" sizes=\"auto, (max-width: 986px) 100vw, 986px\" \/><\/figure>\n\n\n\n<figure class=\"wp-block-image size-large\"><img loading=\"lazy\" decoding=\"async\" width=\"947\" height=\"1024\" src=\"https:\/\/www.galeriebecot.com\/wp-content\/uploads\/2020\/07\/Art6-1-947x1024.jpg\" alt=\"\" class=\"wp-image-13143\" srcset=\"https:\/\/galeriebecot.com\/wp-content\/uploads\/2020\/07\/Art6-1-947x1024.jpg 947w, https:\/\/galeriebecot.com\/wp-content\/uploads\/2020\/07\/Art6-1-277x300.jpg 277w, https:\/\/galeriebecot.com\/wp-content\/uploads\/2020\/07\/Art6-1-768x831.jpg 768w, https:\/\/galeriebecot.com\/wp-content\/uploads\/2020\/07\/Art6-1.jpg 1152w\" sizes=\"auto, (max-width: 947px) 100vw, 947px\" \/><\/figure>\n\n\n\n<figure class=\"wp-block-image size-large\"><img loading=\"lazy\" decoding=\"async\" width=\"1024\" height=\"1021\" src=\"https:\/\/www.galeriebecot.com\/wp-content\/uploads\/2020\/07\/Art7-1-1024x1021.jpg\" alt=\"\" class=\"wp-image-13144\" srcset=\"https:\/\/galeriebecot.com\/wp-content\/uploads\/2020\/07\/Art7-1-1024x1021.jpg 1024w, https:\/\/galeriebecot.com\/wp-content\/uploads\/2020\/07\/Art7-1-300x300.jpg 300w, https:\/\/galeriebecot.com\/wp-content\/uploads\/2020\/07\/Art7-1-150x150.jpg 150w, https:\/\/galeriebecot.com\/wp-content\/uploads\/2020\/07\/Art7-1-768x766.jpg 768w, https:\/\/galeriebecot.com\/wp-content\/uploads\/2020\/07\/Art7-1-330x330.jpg 330w, https:\/\/galeriebecot.com\/wp-content\/uploads\/2020\/07\/Art7-1.jpg 1152w\" sizes=\"auto, (max-width: 1024px) 100vw, 1024px\" \/><\/figure>\n\n\n\n<figure class=\"wp-block-image size-large\"><img loading=\"lazy\" decoding=\"async\" width=\"980\" height=\"1024\" src=\"https:\/\/www.galeriebecot.com\/wp-content\/uploads\/2020\/07\/Art8-1-980x1024.jpg\" alt=\"\" class=\"wp-image-13145\" srcset=\"https:\/\/galeriebecot.com\/wp-content\/uploads\/2020\/07\/Art8-1-980x1024.jpg 980w, https:\/\/galeriebecot.com\/wp-content\/uploads\/2020\/07\/Art8-1-287x300.jpg 287w, https:\/\/galeriebecot.com\/wp-content\/uploads\/2020\/07\/Art8-1-768x803.jpg 768w, https:\/\/galeriebecot.com\/wp-content\/uploads\/2020\/07\/Art8-1.jpg 1152w\" sizes=\"auto, (max-width: 980px) 100vw, 980px\" \/><\/figure>\n\n\n\n<figure class=\"wp-block-image size-large\"><img loading=\"lazy\" decoding=\"async\" width=\"855\" height=\"1024\" src=\"https:\/\/www.galeriebecot.com\/wp-content\/uploads\/2020\/07\/Art9-1-855x1024.jpg\" alt=\"\" class=\"wp-image-13146\" srcset=\"https:\/\/galeriebecot.com\/wp-content\/uploads\/2020\/07\/Art9-1-855x1024.jpg 855w, https:\/\/galeriebecot.com\/wp-content\/uploads\/2020\/07\/Art9-1-251x300.jpg 251w, https:\/\/galeriebecot.com\/wp-content\/uploads\/2020\/07\/Art9-1-768x919.jpg 768w, https:\/\/galeriebecot.com\/wp-content\/uploads\/2020\/07\/Art9-1.jpg 1152w\" sizes=\"auto, (max-width: 855px) 100vw, 855px\" \/><\/figure>\n\n\n\n<figure class=\"wp-block-image size-large\"><img loading=\"lazy\" decoding=\"async\" width=\"1024\" height=\"391\" src=\"https:\/\/www.galeriebecot.com\/wp-content\/uploads\/2020\/07\/Art10-1-1024x391.jpg\" alt=\"\" class=\"wp-image-13147\" srcset=\"https:\/\/galeriebecot.com\/wp-content\/uploads\/2020\/07\/Art10-1-1024x391.jpg 1024w, https:\/\/galeriebecot.com\/wp-content\/uploads\/2020\/07\/Art10-1-300x115.jpg 300w, https:\/\/galeriebecot.com\/wp-content\/uploads\/2020\/07\/Art10-1-768x293.jpg 768w, https:\/\/galeriebecot.com\/wp-content\/uploads\/2020\/07\/Art10-1.jpg 1152w\" sizes=\"auto, (max-width: 1024px) 100vw, 1024px\" \/><\/figure>\n\n\n\n<p class=\"wp-block-paragraph\">L&rsquo;art s&rsquo;immisce un peu partout au coeur de Qu\u00e9bec&#8230;&#8230;certaines statues de la c\u00f4te d&rsquo;Abraham et de l&rsquo;Assembl\u00e9e nationale &#8230;..collectif Embrasser le temps !<\/p>\n","protected":false},"excerpt":{"rendered":"<p>L&rsquo;art s&rsquo;immisce un peu partout au coeur de Qu\u00e9bec&#8230;&#8230;certaines statues de la c\u00f4te d&rsquo;Abraham et de l&rsquo;Assembl\u00e9e nationale &#8230;..collectif Embrasser le temps !<\/p>\n","protected":false},"author":1,"featured_media":0,"comment_status":"open","ping_status":"open","sticky":false,"template":"","format":"standard","meta":{"_exactmetrics_skip_tracking":false,"_exactmetrics_sitenote_active":false,"_exactmetrics_sitenote_note":"","_exactmetrics_sitenote_category":0,"footnotes":""},"categories":[20,27,30],"tags":[3403,3409,3421,368,3415,3413,3419,3420,244,3414,245,3406,3410,3402,211,3412,1587,3393,3407,3408,87,3405,3418,3416,3404,3411,3417],"class_list":["post-13137","post","type-post","status-publish","format-standard","hentry","category-article-descriptif","category-artistes","category-le-soleil","tag-autoroute-dufferin","tag-bibliotheque-gabrielle-roy","tag-collectif-embrasser-le-temps","tag-dan-brault","tag-daniel-jonhston","tag-estee-preda","tag-fugere-architecture-et-hatemd","tag-hitchcock","tag-josianne-desloges","tag-kael-mercader-2","tag-lesoleil","tag-librairie-pantoute","tag-limoilou","tag-lot-du-palais","tag-martin-bureau","tag-mc-grou","tag-nathalie-cote","tag-olivier-moisan-dufour","tag-parc-victoria","tag-patrick-forchild","tag-phelipe-soldevila","tag-pishier","tag-rue-arago","tag-rue-mazenod","tag-rue-saint-joseph","tag-ruelle-saint-fidele","tag-wartin-pantois"],"_links":{"self":[{"href":"https:\/\/galeriebecot.com\/index.php?rest_route=\/wp\/v2\/posts\/13137","targetHints":{"allow":["GET"]}}],"collection":[{"href":"https:\/\/galeriebecot.com\/index.php?rest_route=\/wp\/v2\/posts"}],"about":[{"href":"https:\/\/galeriebecot.com\/index.php?rest_route=\/wp\/v2\/types\/post"}],"author":[{"embeddable":true,"href":"https:\/\/galeriebecot.com\/index.php?rest_route=\/wp\/v2\/users\/1"}],"replies":[{"embeddable":true,"href":"https:\/\/galeriebecot.com\/index.php?rest_route=%2Fwp%2Fv2%2Fcomments&post=13137"}],"version-history":[{"count":6,"href":"https:\/\/galeriebecot.com\/index.php?rest_route=\/wp\/v2\/posts\/13137\/revisions"}],"predecessor-version":[{"id":13176,"href":"https:\/\/galeriebecot.com\/index.php?rest_route=\/wp\/v2\/posts\/13137\/revisions\/13176"}],"wp:attachment":[{"href":"https:\/\/galeriebecot.com\/index.php?rest_route=%2Fwp%2Fv2%2Fmedia&parent=13137"}],"wp:term":[{"taxonomy":"category","embeddable":true,"href":"https:\/\/galeriebecot.com\/index.php?rest_route=%2Fwp%2Fv2%2Fcategories&post=13137"},{"taxonomy":"post_tag","embeddable":true,"href":"https:\/\/galeriebecot.com\/index.php?rest_route=%2Fwp%2Fv2%2Ftags&post=13137"}],"curies":[{"name":"wp","href":"https:\/\/api.w.org\/{rel}","templated":true}]}}