{"id":1310,"date":"2021-10-30T19:13:00","date_gmt":"2021-10-30T23:13:00","guid":{"rendered":"http:\/\/www.clubdescollectionneursenartsvisuelsdequebec.com\/?p=1310"},"modified":"2025-10-27T06:57:14","modified_gmt":"2025-10-27T10:57:14","slug":"atelier-de-la-mezzanine","status":"publish","type":"post","link":"https:\/\/galeriebecot.com\/?p=1310","title":{"rendered":"l&rsquo;Atelier de la Mezzanine &amp; exposition chez B\u00e9cot"},"content":{"rendered":"\n<p class=\"wp-block-paragraph\">Ne pas manquer l&rsquo;exposition solo de l&rsquo;artiste H\u00e9l\u00e8ne <strong>Cloutier.<\/strong><\/p>\n\n\n\n<p class=\"wp-block-paragraph\">Jusqu&rsquo;au 31 octobre 2025.<\/p>\n\n\n\n<p class=\"wp-block-paragraph\"><strong>O\u00f9<\/strong> : Les cousins Caf\u00e9 Art &amp; festin<\/p>\n\n\n\n<p class=\"wp-block-paragraph\">1029 avenue Cartier, Qu\u00e9bec<\/p>\n\n\n\n<figure class=\"wp-block-image size-large\"><a href=\"https:\/\/galeriebecot.com\/wp-content\/uploads\/2021\/10\/Cloutier-OK-scaled.jpg\"><img loading=\"lazy\" decoding=\"async\" width=\"1024\" height=\"614\" src=\"https:\/\/galeriebecot.com\/wp-content\/uploads\/2021\/10\/Cloutier-OK-1024x614.jpg\" alt=\"\" class=\"wp-image-21243\" srcset=\"https:\/\/galeriebecot.com\/wp-content\/uploads\/2021\/10\/Cloutier-OK-1024x614.jpg 1024w, https:\/\/galeriebecot.com\/wp-content\/uploads\/2021\/10\/Cloutier-OK-300x180.jpg 300w, https:\/\/galeriebecot.com\/wp-content\/uploads\/2021\/10\/Cloutier-OK-768x461.jpg 768w, https:\/\/galeriebecot.com\/wp-content\/uploads\/2021\/10\/Cloutier-OK-1536x922.jpg 1536w, https:\/\/galeriebecot.com\/wp-content\/uploads\/2021\/10\/Cloutier-OK-2048x1229.jpg 2048w\" sizes=\"auto, (max-width: 1024px) 100vw, 1024px\" \/><\/a><\/figure>\n\n\n\n<p class=\"wp-block-paragraph\">H\u00e9l\u00e8ne <strong>Cloutier<\/strong>, <em>extrait de l&rsquo;exposition \/ acrylique sur toile<\/em>.<\/p>\n\n\n\n<figure class=\"wp-block-image size-large\"><a href=\"https:\/\/www.atelierdelamezzanine.com\"><img loading=\"lazy\" decoding=\"async\" width=\"1024\" height=\"854\" src=\"https:\/\/galeriebecot.com\/wp-content\/uploads\/2021\/10\/Atelier-Mezzanine-1024x854.jpeg\" alt=\"\" class=\"wp-image-21248\" srcset=\"https:\/\/galeriebecot.com\/wp-content\/uploads\/2021\/10\/Atelier-Mezzanine-1024x854.jpeg 1024w, https:\/\/galeriebecot.com\/wp-content\/uploads\/2021\/10\/Atelier-Mezzanine-300x250.jpeg 300w, https:\/\/galeriebecot.com\/wp-content\/uploads\/2021\/10\/Atelier-Mezzanine-768x640.jpeg 768w, https:\/\/galeriebecot.com\/wp-content\/uploads\/2021\/10\/Atelier-Mezzanine.jpeg 1268w\" sizes=\"auto, (max-width: 1024px) 100vw, 1024px\" \/><\/a><figcaption class=\"wp-element-caption\"><strong>L&rsquo;atelier de la mezzanine<\/strong> vous invite au vernissage de son exposition collective:<\/figcaption><\/figure>\n\n\n\n<p class=\"wp-block-paragraph\"><strong>Le jeudi 20 octobre 2022 de 17h \u00e0 19h<\/strong><\/p>\n\n\n\n<p class=\"wp-block-paragraph\">au studio <strong>Galerie B\u00e9cot<\/strong><\/p>\n\n\n\n<p class=\"wp-block-paragraph\">344 rue Sainte &#8211; H\u00e9l\u00e8ne , Qu\u00e9bec<\/p>\n\n\n\n<p class=\"wp-block-paragraph\"><em>418 559-6816<\/em><\/p>\n\n\n\n<p class=\"wp-block-paragraph\"><a href=\"https:\/\/www.facebook.com\/Atelier-de-la-Mezzanine-934521260000672\/\">Exposition collective des membres : 29-30 et 31 octobre 2021. Belle soir\u00e9e, beau vernissage&#8230;!  nous \u00e9tions heureux d&rsquo;\u00eatre pr\u00e9sents&#8230;. !<\/a> <em>Photo par Serge Philippe Tremblay<\/em>.<\/p>\n\n\n\n<figure class=\"wp-block-image size-large\"><img loading=\"lazy\" decoding=\"async\" width=\"1024\" height=\"869\" src=\"https:\/\/www.galeriebecot.com\/wp-content\/uploads\/2021\/10\/Mezanine-groupe-1024x869.jpg\" alt=\"\" class=\"wp-image-14913\" srcset=\"https:\/\/galeriebecot.com\/wp-content\/uploads\/2021\/10\/Mezanine-groupe-1024x869.jpg 1024w, https:\/\/galeriebecot.com\/wp-content\/uploads\/2021\/10\/Mezanine-groupe-300x255.jpg 300w, https:\/\/galeriebecot.com\/wp-content\/uploads\/2021\/10\/Mezanine-groupe-768x652.jpg 768w, https:\/\/galeriebecot.com\/wp-content\/uploads\/2021\/10\/Mezanine-groupe.jpg 1440w\" sizes=\"auto, (max-width: 1024px) 100vw, 1024px\" \/><\/figure>\n\n\n<p>Jeudi prochain, le 14 novembre 2013, de 17 \u00e0 19h (ne soyez pas en retard\u2026!), c&rsquo;est le 3e encan annuel de l\u2019Atelier de la Mezzanine sous le th\u00e8me \u00abEnsemble pour exister.\u00bb Je vous invite \u00e0 y assister si la cause de la lutte \u00e0 l&rsquo;exclusion sociale des personnes ayant des probl\u00e8mes de sant\u00e9 mentale vous touche. C&rsquo;est une magnifique initiative en arts visuels encore trop mal connu&#8230;e. Anim\u00e9 par des artistes de Qu\u00e9bec, la Mezzanine offre des ateliers en arts visuels dont les participants tirent des bienfaits concrets et vraiment beaux \u00e0 voir.&nbsp; Il y a aussi une ressource d&rsquo;aide pr\u00e9cieuse qui pourrait peut \u00eatre embellir la vie d&rsquo;une personne que vous connaissez. C&rsquo;est \u00e0 d\u00e9couvrir. \u2014 Au Studio d&rsquo;essai du complexe M\u00e9duse au 591 rue de Saint-Vallier Est Qu\u00e9bec. Vous pouvez utiliser le stationnement du Jardins St-Roch.<\/p>\n<p><a href=\"https:\/\/www.galeriebecot.com\/wp-content\/uploads\/2013\/11\/Atelier-Mezzanine.jpg\"><img loading=\"lazy\" decoding=\"async\" class=\"alignnone size-full wp-image-1311\" src=\"https:\/\/www.galeriebecot.com\/wp-content\/uploads\/2013\/11\/Atelier-Mezzanine.jpg\" alt=\"Atelier Mezzanine\" width=\"386\" height=\"720\"><\/a><\/p>\n<p>Le site de l&rsquo;atelier de la Mezzanine<br \/><a href=\"http:\/\/www.atelierdelamezzanine.com\/\" target=\"_blank\" rel=\"nofollow noopener noreferrer\">http:\/\/<wbr>www.atelierdelamezzanine.co<wbr>m\/<\/a><\/p>","protected":false},"excerpt":{"rendered":"<p>Ne pas manquer l&rsquo;exposition solo de l&rsquo;artiste H\u00e9l\u00e8ne Cloutier. Jusqu&rsquo;au 31 octobre 2025. O\u00f9 : Les cousins Caf\u00e9 Art &amp; festin 1029 avenue Cartier, Qu\u00e9bec H\u00e9l\u00e8ne Cloutier, extrait de l&rsquo;exposition&hellip; <\/p>\n","protected":false},"author":1,"featured_media":0,"comment_status":"open","ping_status":"open","sticky":false,"template":"","format":"standard","meta":{"_exactmetrics_skip_tracking":false,"_exactmetrics_sitenote_active":false,"_exactmetrics_sitenote_note":"","_exactmetrics_sitenote_category":0,"footnotes":""},"categories":[27,21],"tags":[1445,34,10,65,2196,67,66,2047,2207,4077,2201,275,4074,3695,2197,1443,33,58,2213,4075,1990,2205,4076,2203,45],"class_list":["post-1310","post","type-post","status-publish","format-standard","hentry","category-artistes","category-vente-aux-encheres-doeuvres-dart","tag-alain-leblond","tag-andre-becot","tag-artsites","tag-atelier-de-la-mezzanine","tag-celine-dupuis","tag-club-des-collectionneurs-en-arts-visuels-de-quebec-marc-bellemare","tag-club-des-collectionneurs-en-arts-visuels-de-quebec-studio-becot","tag-denis-belleau","tag-denyse-toussaint","tag-dominik-maltais","tag-dominique-mainguy","tag-don-darby","tag-isabelle-cyr","tag-jacques-magnan","tag-jean-claude-duval","tag-jerome-morissette","tag-marc-bellemare","tag-marc-bellemare-collectionneur","tag-marie-dominique-rouleau","tag-marie-josee-cyr","tag-martin-roy","tag-pier-frank","tag-raymond-gariepy","tag-sylvain-metivier","tag-visual-art"],"_links":{"self":[{"href":"https:\/\/galeriebecot.com\/index.php?rest_route=\/wp\/v2\/posts\/1310","targetHints":{"allow":["GET"]}}],"collection":[{"href":"https:\/\/galeriebecot.com\/index.php?rest_route=\/wp\/v2\/posts"}],"about":[{"href":"https:\/\/galeriebecot.com\/index.php?rest_route=\/wp\/v2\/types\/post"}],"author":[{"embeddable":true,"href":"https:\/\/galeriebecot.com\/index.php?rest_route=\/wp\/v2\/users\/1"}],"replies":[{"embeddable":true,"href":"https:\/\/galeriebecot.com\/index.php?rest_route=%2Fwp%2Fv2%2Fcomments&post=1310"}],"version-history":[{"count":13,"href":"https:\/\/galeriebecot.com\/index.php?rest_route=\/wp\/v2\/posts\/1310\/revisions"}],"predecessor-version":[{"id":21253,"href":"https:\/\/galeriebecot.com\/index.php?rest_route=\/wp\/v2\/posts\/1310\/revisions\/21253"}],"wp:attachment":[{"href":"https:\/\/galeriebecot.com\/index.php?rest_route=%2Fwp%2Fv2%2Fmedia&parent=1310"}],"wp:term":[{"taxonomy":"category","embeddable":true,"href":"https:\/\/galeriebecot.com\/index.php?rest_route=%2Fwp%2Fv2%2Fcategories&post=1310"},{"taxonomy":"post_tag","embeddable":true,"href":"https:\/\/galeriebecot.com\/index.php?rest_route=%2Fwp%2Fv2%2Ftags&post=1310"}],"curies":[{"name":"wp","href":"https:\/\/api.w.org\/{rel}","templated":true}]}}