{"id":13014,"date":"2025-07-14T08:09:00","date_gmt":"2025-07-14T12:09:00","guid":{"rendered":"http:\/\/www.clubdescollectionneursenartsvisuelsdequebec.com\/?p=13014"},"modified":"2025-07-15T10:46:21","modified_gmt":"2025-07-15T14:46:21","slug":"la-fleche-monumentale-de-marc-bellemare","status":"publish","type":"post","link":"https:\/\/galeriebecot.com\/?p=13014","title":{"rendered":"Projet de fl\u00e8che monumentale : La fl\u00e8che atterrit au Domaine Forget"},"content":{"rendered":"\n<figure class=\"wp-block-image size-large\"><a href=\"https:\/\/www.domaineforget.com\/jardin-de-sculptures\/\"><img loading=\"lazy\" decoding=\"async\" width=\"1024\" height=\"450\" src=\"https:\/\/www.galeriebecot.com\/wp-content\/uploads\/2025\/07\/Jardin-EWB-1024x450.jpg\" alt=\"\" class=\"wp-image-20877\" srcset=\"https:\/\/galeriebecot.com\/wp-content\/uploads\/2025\/07\/Jardin-EWB-1024x450.jpg 1024w, https:\/\/galeriebecot.com\/wp-content\/uploads\/2025\/07\/Jardin-EWB-300x132.jpg 300w, https:\/\/galeriebecot.com\/wp-content\/uploads\/2025\/07\/Jardin-EWB-768x337.jpg 768w, https:\/\/galeriebecot.com\/wp-content\/uploads\/2025\/07\/Jardin-EWB-1536x675.jpg 1536w, https:\/\/galeriebecot.com\/wp-content\/uploads\/2025\/07\/Jardin-EWB.jpg 1602w\" sizes=\"auto, (max-width: 1024px) 100vw, 1024px\" \/><\/a><\/figure>\n\n\n\n<figure class=\"wp-block-image size-large is-resized\"><a href=\"https:\/\/www.galeriebecot.com\/wp-content\/uploads\/2025\/07\/Sullivan-WEB.jpg\"><img loading=\"lazy\" decoding=\"async\" src=\"https:\/\/www.galeriebecot.com\/wp-content\/uploads\/2025\/07\/Sullivan-WEB-576x1024.jpg\" alt=\"\" class=\"wp-image-20882\" width=\"301\" height=\"535\" srcset=\"https:\/\/galeriebecot.com\/wp-content\/uploads\/2025\/07\/Sullivan-WEB-576x1024.jpg 576w, https:\/\/galeriebecot.com\/wp-content\/uploads\/2025\/07\/Sullivan-WEB-169x300.jpg 169w, https:\/\/galeriebecot.com\/wp-content\/uploads\/2025\/07\/Sullivan-WEB-768x1365.jpg 768w, https:\/\/galeriebecot.com\/wp-content\/uploads\/2025\/07\/Sullivan-WEB-864x1536.jpg 864w, https:\/\/galeriebecot.com\/wp-content\/uploads\/2025\/07\/Sullivan-WEB.jpg 936w\" sizes=\"auto, (max-width: 301px) 100vw, 301px\" \/><\/a><\/figure>\n\n\n\n<figure class=\"wp-block-image size-large is-resized\"><a href=\"https:\/\/www.galeriebecot.com\/wp-content\/uploads\/2025\/07\/Jardin-Renaud.jpg\"><img loading=\"lazy\" decoding=\"async\" src=\"https:\/\/www.galeriebecot.com\/wp-content\/uploads\/2025\/07\/Jardin-Renaud-1024x539.jpg\" alt=\"\" class=\"wp-image-20879\" width=\"839\" height=\"442\" srcset=\"https:\/\/galeriebecot.com\/wp-content\/uploads\/2025\/07\/Jardin-Renaud-1024x539.jpg 1024w, https:\/\/galeriebecot.com\/wp-content\/uploads\/2025\/07\/Jardin-Renaud-300x158.jpg 300w, https:\/\/galeriebecot.com\/wp-content\/uploads\/2025\/07\/Jardin-Renaud-768x404.jpg 768w, https:\/\/galeriebecot.com\/wp-content\/uploads\/2025\/07\/Jardin-Renaud.jpg 1396w\" sizes=\"auto, (max-width: 839px) 100vw, 839px\" \/><\/a><\/figure>\n\n\n\n<figure class=\"wp-block-image size-large is-resized\"><a href=\"https:\/\/www.galeriebecot.com\/wp-content\/uploads\/2023\/08\/La-fleche-plaques.jpg\"><img loading=\"lazy\" decoding=\"async\" src=\"https:\/\/www.galeriebecot.com\/wp-content\/uploads\/2023\/08\/La-fleche-plaques-965x1024.jpg\" alt=\"\" class=\"wp-image-17800\" width=\"640\" height=\"679\" srcset=\"https:\/\/galeriebecot.com\/wp-content\/uploads\/2023\/08\/La-fleche-plaques-965x1024.jpg 965w, https:\/\/galeriebecot.com\/wp-content\/uploads\/2023\/08\/La-fleche-plaques-283x300.jpg 283w, https:\/\/galeriebecot.com\/wp-content\/uploads\/2023\/08\/La-fleche-plaques-768x815.jpg 768w, https:\/\/galeriebecot.com\/wp-content\/uploads\/2023\/08\/La-fleche-plaques.jpg 1224w\" sizes=\"auto, (max-width: 640px) 100vw, 640px\" \/><\/a><figcaption><a href=\"https:\/\/moncharlevoix.net\/arts-culture\/un-peu-dhistoire-la-vie-de-sir-rodolphe-forget\"><br>Qui est Rodolphe Forget?<\/a><\/figcaption><\/figure>\n\n\n\n<figure class=\"wp-block-image size-large is-resized\"><a href=\"https:\/\/www.galeriebecot.com\/wp-content\/uploads\/2023\/08\/Raynaud-Bourassa.jpg\"><img loading=\"lazy\" decoding=\"async\" src=\"https:\/\/www.galeriebecot.com\/wp-content\/uploads\/2023\/08\/Raynaud-Bourassa-1024x1021.jpg\" alt=\"\" class=\"wp-image-17802\" width=\"643\" height=\"640\" srcset=\"https:\/\/galeriebecot.com\/wp-content\/uploads\/2023\/08\/Raynaud-Bourassa-1024x1021.jpg 1024w, https:\/\/galeriebecot.com\/wp-content\/uploads\/2023\/08\/Raynaud-Bourassa-300x300.jpg 300w, https:\/\/galeriebecot.com\/wp-content\/uploads\/2023\/08\/Raynaud-Bourassa-150x150.jpg 150w, https:\/\/galeriebecot.com\/wp-content\/uploads\/2023\/08\/Raynaud-Bourassa-768x766.jpg 768w, https:\/\/galeriebecot.com\/wp-content\/uploads\/2023\/08\/Raynaud-Bourassa.jpg 1395w\" sizes=\"auto, (max-width: 643px) 100vw, 643px\" \/><\/a><\/figure>\n\n\n\n<p class=\"wp-block-paragraph\">Kariane Bourassa ( <em>d\u00e9put\u00e9e de Charlevoix-C\u00f4te-de-Beaupr\u00e9<\/em>) et Jean-Pierre Raynaud<\/p>\n\n\n\n<figure class=\"wp-block-image size-large is-resized\"><a href=\"https:\/\/www.galeriebecot.com\/wp-content\/uploads\/2023\/08\/Au-pied-de-la-fleche.jpg\"><img loading=\"lazy\" decoding=\"async\" src=\"https:\/\/www.galeriebecot.com\/wp-content\/uploads\/2023\/08\/Au-pied-de-la-fleche-1024x689.jpg\" alt=\"\" class=\"wp-image-17805\" width=\"643\" height=\"432\" srcset=\"https:\/\/galeriebecot.com\/wp-content\/uploads\/2023\/08\/Au-pied-de-la-fleche-1024x689.jpg 1024w, https:\/\/galeriebecot.com\/wp-content\/uploads\/2023\/08\/Au-pied-de-la-fleche-300x202.jpg 300w, https:\/\/galeriebecot.com\/wp-content\/uploads\/2023\/08\/Au-pied-de-la-fleche-768x517.jpg 768w, https:\/\/galeriebecot.com\/wp-content\/uploads\/2023\/08\/Au-pied-de-la-fleche.jpg 1224w\" sizes=\"auto, (max-width: 643px) 100vw, 643px\" \/><\/a><figcaption>Au pied de la fl\u00e8che en ce dimanche 30 juillet 2023.<\/figcaption><\/figure>\n\n\n\n<figure class=\"wp-block-image size-large is-resized\"><a href=\"https:\/\/www.galeriebecot.com\/wp-content\/uploads\/2023\/08\/FLECHE-.jpg\"><img loading=\"lazy\" decoding=\"async\" src=\"https:\/\/www.galeriebecot.com\/wp-content\/uploads\/2023\/08\/FLECHE--761x1024.jpg\" alt=\"\" class=\"wp-image-17809\" width=\"647\" height=\"871\" srcset=\"https:\/\/galeriebecot.com\/wp-content\/uploads\/2023\/08\/FLECHE--761x1024.jpg 761w, https:\/\/galeriebecot.com\/wp-content\/uploads\/2023\/08\/FLECHE--223x300.jpg 223w, https:\/\/galeriebecot.com\/wp-content\/uploads\/2023\/08\/FLECHE--768x1033.jpg 768w, https:\/\/galeriebecot.com\/wp-content\/uploads\/2023\/08\/FLECHE--1142x1536.jpg 1142w, https:\/\/galeriebecot.com\/wp-content\/uploads\/2023\/08\/FLECHE-.jpg 1224w\" sizes=\"auto, (max-width: 647px) 100vw, 647px\" \/><\/a><\/figure>\n\n\n\n<figure class=\"wp-block-image size-large\"><a href=\"https:\/\/www.galeriebecot.com\/wp-content\/uploads\/2022\/11\/Fleche1.jpg\"><img loading=\"lazy\" decoding=\"async\" width=\"955\" height=\"1024\" src=\"https:\/\/www.galeriebecot.com\/wp-content\/uploads\/2022\/11\/Fleche1-955x1024.jpg\" alt=\"\" class=\"wp-image-16716\" srcset=\"https:\/\/galeriebecot.com\/wp-content\/uploads\/2022\/11\/Fleche1-955x1024.jpg 955w, https:\/\/galeriebecot.com\/wp-content\/uploads\/2022\/11\/Fleche1-280x300.jpg 280w, https:\/\/galeriebecot.com\/wp-content\/uploads\/2022\/11\/Fleche1-768x824.jpg 768w, https:\/\/galeriebecot.com\/wp-content\/uploads\/2022\/11\/Fleche1.jpg 1224w\" sizes=\"auto, (max-width: 955px) 100vw, 955px\" \/><\/a><figcaption><br>Dimanche 30 juillet 2023 17 h. &#8211; GRATUIT-<br>Autour de La Fl\u00e8che de Jean Pierre Raynaud<br>Au Domaine Forget de Charlevoix.<br>Profitez d&rsquo;un bel apr\u00e8s-midi d&rsquo;\u00e9t\u00e9 pour d\u00e9ambuler dans le Jardin harmonique de sculptures et assister au vernissage de six nouvelles sculptures monumentales, en pr\u00e9sence des artistes, lors d\u2019un parcours d\u00e9ambulatoire exceptionnel accompagn\u00e9 de performances artistiques !<br>SIX SCULPTURES \u00c0 L&rsquo;HONNEUR<br>Armand Vaillancourt<br>Hommage \u00e0 Michel Chartrand<br>et \u00e0 la force ouvri\u00e8re (2016)<br>Bill Vazan<br>Pr\u00e9dateur-syst\u00e8me lymbique<br>(1996)<br>Carole Baillargeon<br>Pollen en fugue (2020)<br>Gilles Mihalcean<br>Andro\u00efdes (2021)<br>Lewis Pag\u00e9<br>Going their way (1990)<br>Jean Pierre Raynaud<br>La Fl\u00e8che (2022)<br>HORAIRE DE LA JOURN\u00c9E<br>DIMANCHE 30 JUILLET<br>13 h &#8211; GRATUIT &#8211; Jardin harmonique de sculptures<br>Parcours d\u00e9ambulatoire<br>15 h &#8211; GRATUIT &#8211; Salle de concert<br>Musique pour la paix<br>Illia Ovcharenko, piano<br>17 h &#8211; GRATUIT &#8211; Autour de La Fl\u00e8che<br>Rencontres et musiques festives !<br>Inauguration du plus r\u00e9cent ajout au Jardin harmonique de sculptures, La Fl\u00e8che, une oeuvre monumentale de 27 m\u00e8tres de hauteur de l&rsquo;artiste Jean Pierre Raynaud.<\/figcaption><\/figure>\n\n\n\n<p class=\"wp-block-paragraph\">Apr\u00e8s trois ans de d\u00e9marches, la fl\u00e8che monumentale de l&rsquo;artiste Jean Pierre Raynaud, a finalement trouv\u00e9 son lieu d&rsquo;atterrissage au Domaine Forget, \u00e0 Saint-Ir\u00e9n\u00e9e&#8230;<\/p>\n\n\n\n<figure class=\"wp-block-image size-full\"><a href=\"https:\/\/www.galeriebecot.com\/wp-content\/uploads\/2023\/04\/Fleche1000.jpg\"><img loading=\"lazy\" decoding=\"async\" width=\"864\" height=\"243\" src=\"https:\/\/www.galeriebecot.com\/wp-content\/uploads\/2023\/04\/Fleche1000.jpg\" alt=\"\" class=\"wp-image-17413\" srcset=\"https:\/\/galeriebecot.com\/wp-content\/uploads\/2023\/04\/Fleche1000.jpg 864w, https:\/\/galeriebecot.com\/wp-content\/uploads\/2023\/04\/Fleche1000-300x84.jpg 300w, https:\/\/galeriebecot.com\/wp-content\/uploads\/2023\/04\/Fleche1000-768x216.jpg 768w\" sizes=\"auto, (max-width: 864px) 100vw, 864px\" \/><\/a><\/figure>\n\n\n\n<figure class=\"wp-block-image size-full\"><a href=\"https:\/\/www.galeriebecot.com\/wp-content\/uploads\/2023\/04\/Fleche-OKOKOK.jpg\"><img loading=\"lazy\" decoding=\"async\" width=\"864\" height=\"432\" src=\"https:\/\/www.galeriebecot.com\/wp-content\/uploads\/2023\/04\/Fleche-OKOKOK.jpg\" alt=\"\" class=\"wp-image-17419\" srcset=\"https:\/\/galeriebecot.com\/wp-content\/uploads\/2023\/04\/Fleche-OKOKOK.jpg 864w, https:\/\/galeriebecot.com\/wp-content\/uploads\/2023\/04\/Fleche-OKOKOK-300x150.jpg 300w, https:\/\/galeriebecot.com\/wp-content\/uploads\/2023\/04\/Fleche-OKOKOK-768x384.jpg 768w\" sizes=\"auto, (max-width: 864px) 100vw, 864px\" \/><\/a><\/figure>\n\n\n\n<figure class=\"wp-block-image size-large\"><a href=\"https:\/\/www.galeriebecot.com\/wp-content\/uploads\/2022\/11\/Fleche2.jpg\"><img loading=\"lazy\" decoding=\"async\" width=\"833\" height=\"1024\" src=\"https:\/\/www.galeriebecot.com\/wp-content\/uploads\/2022\/11\/Fleche2-833x1024.jpg\" alt=\"\" class=\"wp-image-16717\" srcset=\"https:\/\/galeriebecot.com\/wp-content\/uploads\/2022\/11\/Fleche2-833x1024.jpg 833w, https:\/\/galeriebecot.com\/wp-content\/uploads\/2022\/11\/Fleche2-244x300.jpg 244w, https:\/\/galeriebecot.com\/wp-content\/uploads\/2022\/11\/Fleche2-768x944.jpg 768w, https:\/\/galeriebecot.com\/wp-content\/uploads\/2022\/11\/Fleche2.jpg 1224w\" sizes=\"auto, (max-width: 833px) 100vw, 833px\" \/><\/a><\/figure>\n\n\n\n<figure class=\"wp-block-image size-large\"><a href=\"https:\/\/www.galeriebecot.com\/wp-content\/uploads\/2022\/11\/Fleche33.jpg\"><img loading=\"lazy\" decoding=\"async\" width=\"808\" height=\"1024\" src=\"https:\/\/www.galeriebecot.com\/wp-content\/uploads\/2022\/11\/Fleche33-808x1024.jpg\" alt=\"\" class=\"wp-image-16721\" srcset=\"https:\/\/galeriebecot.com\/wp-content\/uploads\/2022\/11\/Fleche33-808x1024.jpg 808w, https:\/\/galeriebecot.com\/wp-content\/uploads\/2022\/11\/Fleche33-237x300.jpg 237w, https:\/\/galeriebecot.com\/wp-content\/uploads\/2022\/11\/Fleche33-768x974.jpg 768w, https:\/\/galeriebecot.com\/wp-content\/uploads\/2022\/11\/Fleche33-1211x1536.jpg 1211w, https:\/\/galeriebecot.com\/wp-content\/uploads\/2022\/11\/Fleche33.jpg 1224w\" sizes=\"auto, (max-width: 808px) 100vw, 808px\" \/><\/a><\/figure>\n\n\n\n<figure class=\"wp-block-image size-large\"><a href=\"https:\/\/www.galeriebecot.com\/wp-content\/uploads\/2022\/11\/Fleche4.jpg\"><img loading=\"lazy\" decoding=\"async\" width=\"1024\" height=\"454\" src=\"https:\/\/www.galeriebecot.com\/wp-content\/uploads\/2022\/11\/Fleche4-1024x454.jpg\" alt=\"\" class=\"wp-image-16720\" srcset=\"https:\/\/galeriebecot.com\/wp-content\/uploads\/2022\/11\/Fleche4-1024x454.jpg 1024w, https:\/\/galeriebecot.com\/wp-content\/uploads\/2022\/11\/Fleche4-300x133.jpg 300w, https:\/\/galeriebecot.com\/wp-content\/uploads\/2022\/11\/Fleche4-768x341.jpg 768w, https:\/\/galeriebecot.com\/wp-content\/uploads\/2022\/11\/Fleche4.jpg 1224w\" sizes=\"auto, (max-width: 1024px) 100vw, 1024px\" \/><\/a><\/figure>\n\n\n\n<figure class=\"wp-block-image size-large\"><img loading=\"lazy\" decoding=\"async\" width=\"1024\" height=\"1024\" src=\"https:\/\/www.galeriebecot.com\/wp-content\/uploads\/2021\/01\/Fleche1-1024x1024.jpg\" alt=\"\" class=\"wp-image-14181\" srcset=\"https:\/\/galeriebecot.com\/wp-content\/uploads\/2021\/01\/Fleche1-1024x1024.jpg 1024w, https:\/\/galeriebecot.com\/wp-content\/uploads\/2021\/01\/Fleche1-300x300.jpg 300w, https:\/\/galeriebecot.com\/wp-content\/uploads\/2021\/01\/Fleche1-150x150.jpg 150w, https:\/\/galeriebecot.com\/wp-content\/uploads\/2021\/01\/Fleche1-768x767.jpg 768w, https:\/\/galeriebecot.com\/wp-content\/uploads\/2021\/01\/Fleche1-330x330.jpg 330w, https:\/\/galeriebecot.com\/wp-content\/uploads\/2021\/01\/Fleche1.jpg 1437w\" sizes=\"auto, (max-width: 1024px) 100vw, 1024px\" \/><\/figure>\n\n\n\n<figure class=\"wp-block-image size-large\"><img loading=\"lazy\" decoding=\"async\" width=\"978\" height=\"1024\" src=\"https:\/\/www.galeriebecot.com\/wp-content\/uploads\/2021\/01\/Fleche2-978x1024.jpg\" alt=\"\" class=\"wp-image-14182\" srcset=\"https:\/\/galeriebecot.com\/wp-content\/uploads\/2021\/01\/Fleche2-978x1024.jpg 978w, https:\/\/galeriebecot.com\/wp-content\/uploads\/2021\/01\/Fleche2-286x300.jpg 286w, https:\/\/galeriebecot.com\/wp-content\/uploads\/2021\/01\/Fleche2-768x804.jpg 768w, https:\/\/galeriebecot.com\/wp-content\/uploads\/2021\/01\/Fleche2.jpg 1368w\" sizes=\"auto, (max-width: 978px) 100vw, 978px\" \/><\/figure>\n\n\n\n<figure class=\"wp-block-image size-large\"><img loading=\"lazy\" decoding=\"async\" width=\"1024\" height=\"674\" src=\"https:\/\/www.galeriebecot.com\/wp-content\/uploads\/2021\/01\/Fleche3-1024x674.jpg\" alt=\"\" class=\"wp-image-14183\" srcset=\"https:\/\/galeriebecot.com\/wp-content\/uploads\/2021\/01\/Fleche3-1024x674.jpg 1024w, https:\/\/galeriebecot.com\/wp-content\/uploads\/2021\/01\/Fleche3-300x198.jpg 300w, https:\/\/galeriebecot.com\/wp-content\/uploads\/2021\/01\/Fleche3-768x506.jpg 768w, https:\/\/galeriebecot.com\/wp-content\/uploads\/2021\/01\/Fleche3.jpg 1440w\" sizes=\"auto, (max-width: 1024px) 100vw, 1024px\" \/><\/figure>\n\n\n\n<figure class=\"wp-block-image size-large\"><a href=\"https:\/\/www.lesoleil.com\/actualite\/la-capitale\/la-fleche-monumentale-de-marc-bellemare-c55d4203946586d9a78ffef3afd10a45\"><img loading=\"lazy\" decoding=\"async\" width=\"1024\" height=\"611\" src=\"https:\/\/www.galeriebecot.com\/wp-content\/uploads\/2020\/12\/Fleche1-1024x611.jpg\" alt=\"\" class=\"wp-image-13803\" srcset=\"https:\/\/galeriebecot.com\/wp-content\/uploads\/2020\/12\/Fleche1-1024x611.jpg 1024w, https:\/\/galeriebecot.com\/wp-content\/uploads\/2020\/12\/Fleche1-300x179.jpg 300w, https:\/\/galeriebecot.com\/wp-content\/uploads\/2020\/12\/Fleche1-768x458.jpg 768w, https:\/\/galeriebecot.com\/wp-content\/uploads\/2020\/12\/Fleche1.jpg 1152w\" sizes=\"auto, (max-width: 1024px) 100vw, 1024px\" \/><\/a><\/figure>\n\n\n\n<figure class=\"wp-block-image size-large\"><img loading=\"lazy\" decoding=\"async\" width=\"1000\" height=\"1024\" src=\"https:\/\/www.galeriebecot.com\/wp-content\/uploads\/2020\/09\/Raynaud-1000x1024.jpg\" alt=\"\" class=\"wp-image-13198\" srcset=\"https:\/\/galeriebecot.com\/wp-content\/uploads\/2020\/09\/Raynaud-1000x1024.jpg 1000w, https:\/\/galeriebecot.com\/wp-content\/uploads\/2020\/09\/Raynaud-293x300.jpg 293w, https:\/\/galeriebecot.com\/wp-content\/uploads\/2020\/09\/Raynaud-768x787.jpg 768w, https:\/\/galeriebecot.com\/wp-content\/uploads\/2020\/09\/Raynaud.jpg 1440w\" sizes=\"auto, (max-width: 1000px) 100vw, 1000px\" \/><\/figure>\n\n\n\n<figure class=\"wp-block-image size-large\"><img loading=\"lazy\" decoding=\"async\" width=\"852\" height=\"1024\" src=\"https:\/\/www.galeriebecot.com\/wp-content\/uploads\/2020\/09\/Raynaud2-852x1024.jpg\" alt=\"\" class=\"wp-image-13199\" srcset=\"https:\/\/galeriebecot.com\/wp-content\/uploads\/2020\/09\/Raynaud2-852x1024.jpg 852w, https:\/\/galeriebecot.com\/wp-content\/uploads\/2020\/09\/Raynaud2-250x300.jpg 250w, https:\/\/galeriebecot.com\/wp-content\/uploads\/2020\/09\/Raynaud2-768x923.jpg 768w, https:\/\/galeriebecot.com\/wp-content\/uploads\/2020\/09\/Raynaud2-1279x1536.jpg 1279w, https:\/\/galeriebecot.com\/wp-content\/uploads\/2020\/09\/Raynaud2.jpg 1440w\" sizes=\"auto, (max-width: 852px) 100vw, 852px\" \/><\/figure>\n\n\n\n<figure class=\"wp-block-image size-large\"><img loading=\"lazy\" decoding=\"async\" width=\"757\" height=\"1024\" src=\"https:\/\/www.galeriebecot.com\/wp-content\/uploads\/2020\/09\/Renaud3-757x1024.jpg\" alt=\"\" class=\"wp-image-13200\" srcset=\"https:\/\/galeriebecot.com\/wp-content\/uploads\/2020\/09\/Renaud3-757x1024.jpg 757w, https:\/\/galeriebecot.com\/wp-content\/uploads\/2020\/09\/Renaud3-222x300.jpg 222w, https:\/\/galeriebecot.com\/wp-content\/uploads\/2020\/09\/Renaud3-768x1038.jpg 768w, https:\/\/galeriebecot.com\/wp-content\/uploads\/2020\/09\/Renaud3-1136x1536.jpg 1136w, https:\/\/galeriebecot.com\/wp-content\/uploads\/2020\/09\/Renaud3.jpg 1440w\" sizes=\"auto, (max-width: 757px) 100vw, 757px\" \/><\/figure>\n\n\n\n<figure class=\"wp-block-image size-large\"><img loading=\"lazy\" decoding=\"async\" width=\"690\" height=\"1024\" src=\"https:\/\/www.galeriebecot.com\/wp-content\/uploads\/2020\/09\/Raynaud4-690x1024.jpg\" alt=\"\" class=\"wp-image-13201\" srcset=\"https:\/\/galeriebecot.com\/wp-content\/uploads\/2020\/09\/Raynaud4-690x1024.jpg 690w, https:\/\/galeriebecot.com\/wp-content\/uploads\/2020\/09\/Raynaud4-202x300.jpg 202w, https:\/\/galeriebecot.com\/wp-content\/uploads\/2020\/09\/Raynaud4-768x1139.jpg 768w, https:\/\/galeriebecot.com\/wp-content\/uploads\/2020\/09\/Raynaud4-1036x1536.jpg 1036w, https:\/\/galeriebecot.com\/wp-content\/uploads\/2020\/09\/Raynaud4-1381x2048.jpg 1381w, https:\/\/galeriebecot.com\/wp-content\/uploads\/2020\/09\/Raynaud4.jpg 1440w\" sizes=\"auto, (max-width: 690px) 100vw, 690px\" \/><\/figure>\n\n\n\n<p class=\"wp-block-paragraph\">Normand Provencher, LeSoleil.<\/p>\n\n\n\n<figure class=\"wp-block-embed is-type-video is-provider-youtube wp-block-embed-youtube wp-embed-aspect-16-9 wp-has-aspect-ratio\"><div class=\"wp-block-embed__wrapper\">\n<iframe loading=\"lazy\" title=\"\u00ab\u00a0C\u2019est comme \u00e7a que j\u2019ai d\u00e9couvert que j\u2019\u00e9tais un artiste\u2026\u00a0\u00bb Jean-Pierre RAYNAUD - Art Interview\" width=\"700\" height=\"394\" src=\"https:\/\/www.youtube.com\/embed\/_TDKwVRqTk4?start=1&#038;feature=oembed\" frameborder=\"0\" allow=\"accelerometer; autoplay; clipboard-write; encrypted-media; gyroscope; picture-in-picture; web-share\" referrerpolicy=\"strict-origin-when-cross-origin\" allowfullscreen><\/iframe>\n<\/div><\/figure>\n\n\n\n<p class=\"wp-block-paragraph\">et par Fanny Revault, Art Interview.<\/p>\n\n\n\n<p class=\"wp-block-paragraph\"><a href=\"https:\/\/www.artinterview.com\/interviews\/jean-pierre-raynaud\/\"><strong>Pouss\u00e9 par un besoin visc\u00e9ral de s\u2019exprimer, Jean-Pierre Raynaud accomplit un jour de 1962, un geste d\u00e9cisif en remplissant un pot de fleur avec du ciment. Libre, audacieux, transgressif, ce premier geste ne le quittera plus. D\u00e8s lors, l\u2019artiste d\u00e9veloppera un travail conceptuel autour de l\u2019objet ; pot de fleur, sens interdit, carreau de c\u00e9ramique deviendront ses th\u00e8mes de pr\u00e9dilection, qu\u2019il d\u00e9clinera en d\u2019innombrables variation<\/strong>s.<\/a><\/p>\n\n\n\n<p class=\"wp-block-paragraph\"><strong>La radicalit\u00e9 de son langage plastique, explorant un dialogue entre mental et r\u00e9el, le place parmi les grandes personnalit\u00e9s de la sc\u00e8ne artistique contemporaine. L\u2019artiste nous confie, avec humilit\u00e9 et int\u00e9grit\u00e9, ses joies, ses regrets, nous parle de son \u0153uvre comme un autoportrait et de sa qu\u00eate dont il recherche le prochain geste, le dernier ultime accomplissement.<\/strong><\/p>\n\n\n\n<p class=\"wp-block-paragraph\"><a href=\"https:\/\/www.myknokke-heist.be\/fr\/art-city\/la-fleche-jean-pierre-raynaud\">https:\/\/www.myknokke-heist.be\/fr\/art-city\/la-fleche-jean-pierre-raynaud<\/a>. <\/p>\n\n\n\n<p class=\"wp-block-paragraph\">La Fl\u00e8che est une \u0153uvre d\u2019art monumentale r\u00e9alis\u00e9e par l\u2019artiste Jean-Pierre Raynaud, reconnu sur la sc\u00e8ne internationale. Le mardi 27 novembre 2018, celle-ci a \u00e9t\u00e9 plac\u00e9e sur les terres arables \u00e0 l\u2019angle de la Kalvekeetdijk et de la Nati\u00ebnlaan<\/p>\n\n\n\n<p class=\"wp-block-paragraph\">Il s\u2019agit d\u2019une impressionnante fl\u00e8che noire en acier de 18 m\u00e8tres de haut, destin\u00e9e \u00e0 servir de rep\u00e8re artistique sur le futur site \u00e9v\u00e9nementiel et le parking p\u00e9riph\u00e9rique de Westkapelle. Il s\u2019agit d\u2019un don de l\u2019entrepreneur knokkois Joris Ide. Cette \u0153uvre colossale a \u00e9t\u00e9 transport\u00e9e de nuit de la r\u00e9gion bruxelloise \u00e0 Knokke-Heist, par convoi exceptionnel.<\/p>\n\n\n\n<p class=\"wp-block-paragraph\">Les th\u00e8mes de la vie et de la mort, du danger et du refuge, de l\u2019ouverture et de la fermeture constituent des obsessions fondamentales dans l\u2019\u0153uvre de Jean-Pierre Raynaud. \u00c0 partir de 1963, il cr\u00e9e Psycho-objets. Il s\u2019agit d\u2019assemblages d\u2019objets quotidiens comme des ciseaux, des tournevis, des hochets, des chaises pour enfants, des \u00e9chelles, des pots de fleurs et des cha\u00eenes, toujours recouverts d\u2019une couche de laque blanche ou rouge. Raynaud pr\u00e9sente des pots de fleurs comme sculptures monumentales en les agrandissant, en les empilant ou en en alignant quatre-mille. Avec des dalles blanches, il recouvre les murs, les sols, les plafonds, et r\u00e9alise des sculptures en forme de socle dans l\u2019espace public.<\/p>\n\n\n\n<figure class=\"wp-block-image size-large\"><img loading=\"lazy\" decoding=\"async\" width=\"857\" height=\"1024\" src=\"https:\/\/www.galeriebecot.com\/wp-content\/uploads\/2020\/06\/Bellemare-1-857x1024.jpg\" alt=\"\" class=\"wp-image-13016\" srcset=\"https:\/\/galeriebecot.com\/wp-content\/uploads\/2020\/06\/Bellemare-1-857x1024.jpg 857w, https:\/\/galeriebecot.com\/wp-content\/uploads\/2020\/06\/Bellemare-1-251x300.jpg 251w, https:\/\/galeriebecot.com\/wp-content\/uploads\/2020\/06\/Bellemare-1-768x918.jpg 768w, https:\/\/galeriebecot.com\/wp-content\/uploads\/2020\/06\/Bellemare-1-1285x1536.jpg 1285w, https:\/\/galeriebecot.com\/wp-content\/uploads\/2020\/06\/Bellemare-1.jpg 1440w\" sizes=\"auto, (max-width: 857px) 100vw, 857px\" \/><\/figure>\n\n\n\n<figure class=\"wp-block-image size-large\"><a href=\"https:\/\/www.galeriebecot.com\/?p=7135\"><img loading=\"lazy\" decoding=\"async\" width=\"631\" height=\"1024\" src=\"https:\/\/www.galeriebecot.com\/wp-content\/uploads\/2020\/06\/Bellemare2-631x1024.jpg\" alt=\"\" class=\"wp-image-13017\" srcset=\"https:\/\/galeriebecot.com\/wp-content\/uploads\/2020\/06\/Bellemare2-631x1024.jpg 631w, https:\/\/galeriebecot.com\/wp-content\/uploads\/2020\/06\/Bellemare2-185x300.jpg 185w, https:\/\/galeriebecot.com\/wp-content\/uploads\/2020\/06\/Bellemare2-768x1246.jpg 768w, https:\/\/galeriebecot.com\/wp-content\/uploads\/2020\/06\/Bellemare2-947x1536.jpg 947w, https:\/\/galeriebecot.com\/wp-content\/uploads\/2020\/06\/Bellemare2.jpg 1008w\" sizes=\"auto, (max-width: 631px) 100vw, 631px\" \/><\/a><\/figure>\n\n\n\n<figure class=\"wp-block-image size-large\"><img loading=\"lazy\" decoding=\"async\" width=\"603\" height=\"1024\" src=\"https:\/\/www.galeriebecot.com\/wp-content\/uploads\/2020\/06\/Bellemare3-603x1024.jpg\" alt=\"\" class=\"wp-image-13018\" srcset=\"https:\/\/galeriebecot.com\/wp-content\/uploads\/2020\/06\/Bellemare3-603x1024.jpg 603w, https:\/\/galeriebecot.com\/wp-content\/uploads\/2020\/06\/Bellemare3-177x300.jpg 177w, https:\/\/galeriebecot.com\/wp-content\/uploads\/2020\/06\/Bellemare3-768x1304.jpg 768w, https:\/\/galeriebecot.com\/wp-content\/uploads\/2020\/06\/Bellemare3-904x1536.jpg 904w, https:\/\/galeriebecot.com\/wp-content\/uploads\/2020\/06\/Bellemare3.jpg 1008w\" sizes=\"auto, (max-width: 603px) 100vw, 603px\" \/><\/figure>\n\n\n\n<figure class=\"wp-block-image size-large\"><img loading=\"lazy\" decoding=\"async\" width=\"938\" height=\"851\" src=\"https:\/\/www.galeriebecot.com\/wp-content\/uploads\/2020\/06\/Bellemare4.jpg\" alt=\"\" class=\"wp-image-13019\" srcset=\"https:\/\/galeriebecot.com\/wp-content\/uploads\/2020\/06\/Bellemare4.jpg 938w, https:\/\/galeriebecot.com\/wp-content\/uploads\/2020\/06\/Bellemare4-300x272.jpg 300w, https:\/\/galeriebecot.com\/wp-content\/uploads\/2020\/06\/Bellemare4-768x697.jpg 768w\" sizes=\"auto, (max-width: 938px) 100vw, 938px\" \/><\/figure>\n\n\n\n<figure class=\"wp-block-image size-large\"><a href=\"https:\/\/www.galeriebecot.com\/?p=7135\"><img loading=\"lazy\" decoding=\"async\" width=\"720\" height=\"487\" src=\"https:\/\/www.galeriebecot.com\/wp-content\/uploads\/2020\/06\/Autoportrait2.jpg\" alt=\"\" class=\"wp-image-13023\" srcset=\"https:\/\/galeriebecot.com\/wp-content\/uploads\/2020\/06\/Autoportrait2.jpg 720w, https:\/\/galeriebecot.com\/wp-content\/uploads\/2020\/06\/Autoportrait2-300x203.jpg 300w\" sizes=\"auto, (max-width: 720px) 100vw, 720px\" \/><\/a><figcaption>Historique de la sculpture Dialogue avec l&rsquo;Histoire.<\/figcaption><\/figure>\n\n\n\n<figure class=\"wp-block-embed-wordpress wp-block-embed is-type-wp-embed is-provider-club-des-collectionneurs-en-arts-visuels-de-quebec\"><div class=\"wp-block-embed__wrapper\">\n<blockquote class=\"wp-embedded-content\" data-secret=\"p3TJrKHeKc\"><a href=\"https:\/\/galeriebecot.com\/?p=7135\">La sculpture de Jean Pierre Raynaud de retour au parc de l&rsquo;Am\u00e9rique Fran\u00e7aise.<\/a><\/blockquote><iframe loading=\"lazy\" class=\"wp-embedded-content\" sandbox=\"allow-scripts\" security=\"restricted\" style=\"position: absolute; visibility: hidden;\" title=\"\u00ab\u00a0La sculpture de Jean Pierre Raynaud de retour au parc de l&rsquo;Am\u00e9rique Fran\u00e7aise.\u00a0\u00bb &#8212; Atelier Galerie Andr\u00e9 B\u00e9cot\" src=\"https:\/\/galeriebecot.com\/?p=7135&#038;embed=true#?secret=pgLt8IXnhU#?secret=p3TJrKHeKc\" data-secret=\"p3TJrKHeKc\" width=\"600\" height=\"338\" frameborder=\"0\" marginwidth=\"0\" marginheight=\"0\" scrolling=\"no\"><\/iframe>\n<\/div><\/figure>\n\n\n<p>[everwpvisitcounter] depuis le 14 janvier 2021.<\/p>","protected":false},"excerpt":{"rendered":"<p>Kariane Bourassa ( d\u00e9put\u00e9e de Charlevoix-C\u00f4te-de-Beaupr\u00e9) et Jean-Pierre Raynaud Apr\u00e8s trois ans de d\u00e9marches, la fl\u00e8che monumentale de l&rsquo;artiste Jean Pierre Raynaud, a finalement trouv\u00e9 son lieu d&rsquo;atterrissage au Domaine&hellip; <\/p>\n","protected":false},"author":1,"featured_media":0,"comment_status":"open","ping_status":"open","sticky":false,"template":"","format":"standard","meta":{"_exactmetrics_skip_tracking":false,"_exactmetrics_sitenote_active":false,"_exactmetrics_sitenote_note":"","_exactmetrics_sitenote_category":0,"footnotes":""},"categories":[20,27,18,30],"tags":[171,3843,4926,3844,775,3367,245,58,1320],"class_list":["post-13014","post","type-post","status-publish","format-standard","hentry","category-article-descriptif","category-artistes","category-evenement","category-le-soleil","tag-andre-becot-artiste","tag-baie-saint-paul","tag-francoise-sullivan-2","tag-jean-fortin","tag-jean-pierre-raynaud","tag-knokke-heist","tag-lesoleil","tag-marc-bellemare-collectionneur","tag-normand-provencher"],"_links":{"self":[{"href":"https:\/\/galeriebecot.com\/index.php?rest_route=\/wp\/v2\/posts\/13014","targetHints":{"allow":["GET"]}}],"collection":[{"href":"https:\/\/galeriebecot.com\/index.php?rest_route=\/wp\/v2\/posts"}],"about":[{"href":"https:\/\/galeriebecot.com\/index.php?rest_route=\/wp\/v2\/types\/post"}],"author":[{"embeddable":true,"href":"https:\/\/galeriebecot.com\/index.php?rest_route=\/wp\/v2\/users\/1"}],"replies":[{"embeddable":true,"href":"https:\/\/galeriebecot.com\/index.php?rest_route=%2Fwp%2Fv2%2Fcomments&post=13014"}],"version-history":[{"count":42,"href":"https:\/\/galeriebecot.com\/index.php?rest_route=\/wp\/v2\/posts\/13014\/revisions"}],"predecessor-version":[{"id":20885,"href":"https:\/\/galeriebecot.com\/index.php?rest_route=\/wp\/v2\/posts\/13014\/revisions\/20885"}],"wp:attachment":[{"href":"https:\/\/galeriebecot.com\/index.php?rest_route=%2Fwp%2Fv2%2Fmedia&parent=13014"}],"wp:term":[{"taxonomy":"category","embeddable":true,"href":"https:\/\/galeriebecot.com\/index.php?rest_route=%2Fwp%2Fv2%2Fcategories&post=13014"},{"taxonomy":"post_tag","embeddable":true,"href":"https:\/\/galeriebecot.com\/index.php?rest_route=%2Fwp%2Fv2%2Ftags&post=13014"}],"curies":[{"name":"wp","href":"https:\/\/api.w.org\/{rel}","templated":true}]}}