{"id":1301,"date":"2019-11-27T10:15:24","date_gmt":"2019-11-27T15:15:24","guid":{"rendered":"http:\/\/www.clubdescollectionneursenartsvisuelsdequebec.com\/?p=1301"},"modified":"2019-11-28T15:40:54","modified_gmt":"2019-11-28T20:40:54","slug":"marcel-barbeau","status":"publish","type":"post","link":"https:\/\/galeriebecot.com\/?p=1301","title":{"rendered":"Fran\u00e7oise Sullivan expose \u00e0 la Galerie Simon Blais&#8230;."},"content":{"rendered":"<p><a href=\"https:\/\/www.galeriebecot.com\/wp-content\/uploads\/2017\/10\/Sullivan11.jpg\"><img loading=\"lazy\" decoding=\"async\" class=\"alignnone size-full wp-image-12046\" src=\"https:\/\/www.galeriebecot.com\/wp-content\/uploads\/2017\/10\/Sullivan11.jpg\" alt=\"\" width=\"720\" height=\"679\" srcset=\"https:\/\/galeriebecot.com\/wp-content\/uploads\/2017\/10\/Sullivan11.jpg 720w, https:\/\/galeriebecot.com\/wp-content\/uploads\/2017\/10\/Sullivan11-300x283.jpg 300w\" sizes=\"auto, (max-width: 720px) 100vw, 720px\" \/><\/a><\/p>\n<p><a href=\"https:\/\/www.galeriebecot.com\/wp-content\/uploads\/2019\/11\/Sullivan22.jpg\"><img loading=\"lazy\" decoding=\"async\" class=\"alignnone size-full wp-image-12049\" src=\"https:\/\/www.galeriebecot.com\/wp-content\/uploads\/2019\/11\/Sullivan22.jpg\" alt=\"\" width=\"701\" height=\"842\" srcset=\"https:\/\/galeriebecot.com\/wp-content\/uploads\/2019\/11\/Sullivan22.jpg 701w, https:\/\/galeriebecot.com\/wp-content\/uploads\/2019\/11\/Sullivan22-250x300.jpg 250w\" sizes=\"auto, (max-width: 701px) 100vw, 701px\" \/><\/a><\/p>\n<p><a href=\"https:\/\/www.galeriebecot.com\/wp-content\/uploads\/2017\/10\/Sullivan3.jpg\"><img loading=\"lazy\" decoding=\"async\" class=\"alignnone size-full wp-image-12041\" src=\"https:\/\/www.galeriebecot.com\/wp-content\/uploads\/2017\/10\/Sullivan3.jpg\" alt=\"\" width=\"752\" height=\"1001\" srcset=\"https:\/\/galeriebecot.com\/wp-content\/uploads\/2017\/10\/Sullivan3.jpg 752w, https:\/\/galeriebecot.com\/wp-content\/uploads\/2017\/10\/Sullivan3-225x300.jpg 225w\" sizes=\"auto, (max-width: 752px) 100vw, 752px\" \/><\/a><\/p>\n<p><a href=\"https:\/\/www.galeriebecot.com\/wp-content\/uploads\/2017\/10\/Sullivan-4.jpg\"><img loading=\"lazy\" decoding=\"async\" class=\"alignnone size-full wp-image-12042\" src=\"https:\/\/www.galeriebecot.com\/wp-content\/uploads\/2017\/10\/Sullivan-4.jpg\" alt=\"\" width=\"737\" height=\"957\" srcset=\"https:\/\/galeriebecot.com\/wp-content\/uploads\/2017\/10\/Sullivan-4.jpg 737w, https:\/\/galeriebecot.com\/wp-content\/uploads\/2017\/10\/Sullivan-4-231x300.jpg 231w\" sizes=\"auto, (max-width: 737px) 100vw, 737px\" \/><\/a><\/p>\n<p><a href=\"https:\/\/www.galeriebecot.com\/wp-content\/uploads\/2017\/10\/Sullivan5.jpg\"><img loading=\"lazy\" decoding=\"async\" class=\"alignnone size-full wp-image-12043\" src=\"https:\/\/www.galeriebecot.com\/wp-content\/uploads\/2017\/10\/Sullivan5.jpg\" alt=\"\" width=\"689\" height=\"814\" srcset=\"https:\/\/galeriebecot.com\/wp-content\/uploads\/2017\/10\/Sullivan5.jpg 689w, https:\/\/galeriebecot.com\/wp-content\/uploads\/2017\/10\/Sullivan5-254x300.jpg 254w\" sizes=\"auto, (max-width: 689px) 100vw, 689px\" \/><\/a><\/p>\n<p><a href=\"https:\/\/www.galeriebecot.com\/wp-content\/uploads\/2017\/10\/Sullivan6.jpg\"><img loading=\"lazy\" decoding=\"async\" class=\"alignnone size-full wp-image-12044\" src=\"https:\/\/www.galeriebecot.com\/wp-content\/uploads\/2017\/10\/Sullivan6.jpg\" alt=\"\" width=\"699\" height=\"986\" srcset=\"https:\/\/galeriebecot.com\/wp-content\/uploads\/2017\/10\/Sullivan6.jpg 699w, https:\/\/galeriebecot.com\/wp-content\/uploads\/2017\/10\/Sullivan6-213x300.jpg 213w\" sizes=\"auto, (max-width: 699px) 100vw, 699px\" \/><\/a><\/p>\n<p><a href=\"https:\/\/www.galeriebecot.com\/wp-content\/uploads\/2017\/10\/Sullivan-7.jpg\"><img loading=\"lazy\" decoding=\"async\" class=\"alignnone size-full wp-image-12045\" src=\"https:\/\/www.galeriebecot.com\/wp-content\/uploads\/2017\/10\/Sullivan-7.jpg\" alt=\"\" width=\"665\" height=\"440\" srcset=\"https:\/\/galeriebecot.com\/wp-content\/uploads\/2017\/10\/Sullivan-7.jpg 665w, https:\/\/galeriebecot.com\/wp-content\/uploads\/2017\/10\/Sullivan-7-300x198.jpg 300w\" sizes=\"auto, (max-width: 665px) 100vw, 665px\" \/><\/a><\/p>\n<p><a href=\"http:\/\/ville.montreal.qc.ca\/anous\/articles\/une-artiste-dans-la-ville?utm_source=facebook&amp;utm_medium=lickstats&amp;utm_campaign=artisteville&amp;utm_term=&amp;clickthrough_id=59e4cdeebf207b67e55817d6\"><img loading=\"lazy\" decoding=\"async\" class=\"alignnone size-large wp-image-7719\" src=\"https:\/\/www.galeriebecot.com\/wp-content\/uploads\/2013\/11\/Sullivan-1024x467.jpg\" alt=\"\" width=\"700\" height=\"319\" srcset=\"https:\/\/galeriebecot.com\/wp-content\/uploads\/2013\/11\/Sullivan-1024x467.jpg 1024w, https:\/\/galeriebecot.com\/wp-content\/uploads\/2013\/11\/Sullivan-300x137.jpg 300w, https:\/\/galeriebecot.com\/wp-content\/uploads\/2013\/11\/Sullivan-768x350.jpg 768w, https:\/\/galeriebecot.com\/wp-content\/uploads\/2013\/11\/Sullivan.jpg 1127w\" sizes=\"auto, (max-width: 700px) 100vw, 700px\" \/><\/a><\/p>\n<div class=\"field field-name-field-teaser field-type-text-long field-label-hidden field-wrapper\">\n<div class=\"field-items\">\n<div class=\"field-item odd\"><a href=\"http:\/\/ville.montreal.qc.ca\/anous\/articles\/une-artiste-dans-la-ville?utm_source=facebook&amp;utm_medium=lickstats&amp;utm_campaign=artisteville&amp;utm_term=&amp;clickthrough_id=59e4cdeebf207b67e55817d6\">Depuis son atelier dans Pointe-Saint-Charles, l\u2019artiste multidisciplinaire et signataire du Refus global Fran\u00e7oise Sullivan nous parle de sa ville.<\/a><\/div>\n<\/div>\n<\/div>\n<div class=\"field field-name-field-content field-type-text-long field-label-hidden field-wrapper\">\n<div class=\"field-items\">\n<div class=\"field-item odd\">\n<p>Le petit \u00e9difice de brique centenaire se cache derri\u00e8re un \u00e9rable touffu, au fond d&rsquo;une rue tranquille. Comme \u00e0 son habitude, Fran\u00e7oise Sullivan s&rsquo;y est rendue au volant de sa voiture pour travailler \u00e0 l&rsquo;un des tableaux accroch\u00e9s aux murs blancs qui abritent son atelier depuis 1987.<\/p>\n<p>Attabl\u00e9e entre les toiles et les pots de peinture bien rang\u00e9s, l&rsquo;artiste de 92 ans parle avec tendresse du Montr\u00e9al o\u00f9 elle a grandi.<\/p>\n<h2><strong><a href=\"https:\/\/www.galeriebecot.com\/?page_id=407\">Borduas<\/a>\u00a0<a href=\"https:\/\/www.galeriebecot.com\/?page_id=407\">3 Conf\u00e9rences<\/a><\/strong><\/h2>\n<p><a href=\"https:\/\/www.galeriebecot.com\/wp-content\/uploads\/2017\/10\/Jerome1.jpg\"><img loading=\"lazy\" decoding=\"async\" class=\"alignnone size-full wp-image-7729\" src=\"https:\/\/www.galeriebecot.com\/wp-content\/uploads\/2017\/10\/Jerome1.jpg\" alt=\"\" width=\"288\" height=\"216\" \/><\/a><\/p>\n<p>J\u00e9r\u00f4me Morissette et Fran\u00e7oise Sullivan<\/p>\n<\/div>\n<\/div>\n<\/div>\n<p><a href=\"https:\/\/www.galeriebecot.com\/wp-content\/uploads\/2013\/11\/Marcel-Barbeau1.jpg\"><img loading=\"lazy\" decoding=\"async\" class=\"alignnone size-large wp-image-1302\" src=\"https:\/\/www.galeriebecot.com\/wp-content\/uploads\/2013\/11\/Marcel-Barbeau1-1024x605.jpg\" alt=\"Marcel Barbeau1\" width=\"700\" height=\"413\" srcset=\"https:\/\/galeriebecot.com\/wp-content\/uploads\/2013\/11\/Marcel-Barbeau1-1024x605.jpg 1024w, https:\/\/galeriebecot.com\/wp-content\/uploads\/2013\/11\/Marcel-Barbeau1-300x177.jpg 300w, https:\/\/galeriebecot.com\/wp-content\/uploads\/2013\/11\/Marcel-Barbeau1.jpg 1594w\" sizes=\"auto, (max-width: 700px) 100vw, 700px\" \/><\/a><\/p>\n<p>&nbsp;<\/p>\n<p>\u00c0 88 ans,Marcel Barbeau recevra mardi le 37e prix Paul-\u00c9mile Borduas<\/p>\n<p><a href=\"https:\/\/www.galeriebecot.com\/wp-content\/uploads\/2013\/11\/Marcel-Barbeau-OK.jpg\"><img loading=\"lazy\" decoding=\"async\" class=\"alignnone size-large wp-image-1303\" src=\"https:\/\/www.galeriebecot.com\/wp-content\/uploads\/2013\/11\/Marcel-Barbeau-OK-1024x778.jpg\" alt=\"Marcel Barbeau OK\" width=\"700\" height=\"531\" srcset=\"https:\/\/galeriebecot.com\/wp-content\/uploads\/2013\/11\/Marcel-Barbeau-OK-1024x778.jpg 1024w, https:\/\/galeriebecot.com\/wp-content\/uploads\/2013\/11\/Marcel-Barbeau-OK-300x228.jpg 300w, https:\/\/galeriebecot.com\/wp-content\/uploads\/2013\/11\/Marcel-Barbeau-OK.jpg 1578w\" sizes=\"auto, (max-width: 700px) 100vw, 700px\" \/><\/a><\/p>\n","protected":false},"excerpt":{"rendered":"<p>Depuis son atelier dans Pointe-Saint-Charles, l\u2019artiste multidisciplinaire et signataire du Refus global Fran\u00e7oise Sullivan nous parle de sa ville. Le petit \u00e9difice de brique centenaire se cache derri\u00e8re un \u00e9rable&hellip; <\/p>\n","protected":false},"author":1,"featured_media":0,"comment_status":"open","ping_status":"open","sticky":false,"template":"","format":"standard","meta":{"_exactmetrics_skip_tracking":false,"_exactmetrics_sitenote_active":false,"_exactmetrics_sitenote_note":"","_exactmetrics_sitenote_category":0,"footnotes":""},"categories":[29,30,36,23],"tags":[1819,43,3013,6,1818,871,3014,58,62,63,81,37,40],"class_list":["post-1301","post","type-post","status-publish","format-standard","hentry","category-journaux","category-le-soleil","category-prixreconnaissance","category-saviez-vous-que","tag-a-nous-montreal","tag-arts-visuels","tag-catherine-richer","tag-club-des-collectionneurs-en-arts-visuels-de-quebec","tag-francoise-sullivan","tag-galerie-simon-blais","tag-guy-lheureux","tag-marc-bellemare-collectionneur","tag-marcel-barbeau","tag-prix-paul-emile-borduas","tag-radio-canada","tag-studio-becot","tag-visuals-arts"],"_links":{"self":[{"href":"https:\/\/galeriebecot.com\/index.php?rest_route=\/wp\/v2\/posts\/1301","targetHints":{"allow":["GET"]}}],"collection":[{"href":"https:\/\/galeriebecot.com\/index.php?rest_route=\/wp\/v2\/posts"}],"about":[{"href":"https:\/\/galeriebecot.com\/index.php?rest_route=\/wp\/v2\/types\/post"}],"author":[{"embeddable":true,"href":"https:\/\/galeriebecot.com\/index.php?rest_route=\/wp\/v2\/users\/1"}],"replies":[{"embeddable":true,"href":"https:\/\/galeriebecot.com\/index.php?rest_route=%2Fwp%2Fv2%2Fcomments&post=1301"}],"version-history":[{"count":10,"href":"https:\/\/galeriebecot.com\/index.php?rest_route=\/wp\/v2\/posts\/1301\/revisions"}],"predecessor-version":[{"id":12050,"href":"https:\/\/galeriebecot.com\/index.php?rest_route=\/wp\/v2\/posts\/1301\/revisions\/12050"}],"wp:attachment":[{"href":"https:\/\/galeriebecot.com\/index.php?rest_route=%2Fwp%2Fv2%2Fmedia&parent=1301"}],"wp:term":[{"taxonomy":"category","embeddable":true,"href":"https:\/\/galeriebecot.com\/index.php?rest_route=%2Fwp%2Fv2%2Fcategories&post=1301"},{"taxonomy":"post_tag","embeddable":true,"href":"https:\/\/galeriebecot.com\/index.php?rest_route=%2Fwp%2Fv2%2Ftags&post=1301"}],"curies":[{"name":"wp","href":"https:\/\/api.w.org\/{rel}","templated":true}]}}