{"id":12987,"date":"2020-06-21T11:54:00","date_gmt":"2020-06-21T15:54:00","guid":{"rendered":"http:\/\/www.clubdescollectionneursenartsvisuelsdequebec.com\/?p=12987"},"modified":"2020-07-08T22:23:06","modified_gmt":"2020-07-09T02:23:06","slug":"les-galeries-de-quebec-rouvrent-grand-leurs-portes","status":"publish","type":"post","link":"https:\/\/galeriebecot.com\/?p=12987","title":{"rendered":"Les galeries de Qu\u00e9bec rouvrent grand leurs portes"},"content":{"rendered":"\n<figure class=\"wp-block-image size-large is-style-default\"><img loading=\"lazy\" decoding=\"async\" width=\"864\" height=\"231\" src=\"https:\/\/www.galeriebecot.com\/wp-content\/uploads\/2020\/06\/Le-soleil1.jpg\" alt=\"\" class=\"wp-image-12988\" srcset=\"https:\/\/galeriebecot.com\/wp-content\/uploads\/2020\/06\/Le-soleil1.jpg 864w, https:\/\/galeriebecot.com\/wp-content\/uploads\/2020\/06\/Le-soleil1-300x80.jpg 300w, https:\/\/galeriebecot.com\/wp-content\/uploads\/2020\/06\/Le-soleil1-768x205.jpg 768w\" sizes=\"auto, (max-width: 864px) 100vw, 864px\" \/><figcaption>Josianne Desloges Le Soleil et <em>rajout par Andr\u00e9 B\u00e9cot<\/em>.<\/figcaption><\/figure>\n\n\n\n<p class=\"wp-block-paragraph\">L&rsquo;atelier Galerie B\u00e9cot f\u00eatera sa 45i\u00e8me ann\u00e9e de fonctionnement en septembre 2020. La section galerie reprendra ses activit\u00e9s lorsque la COVID 19 sera sous contr\u00f4le. Par contre il est possible de visiter sur rendez-vous, Pour ce faire contactez le 418.559.6816.<\/p>\n\n\n\n<figure class=\"wp-block-image size-large\"><a href=\"https:\/\/www.galeriebecot.com\/?p=12208\"><img loading=\"lazy\" decoding=\"async\" width=\"799\" height=\"1024\" src=\"https:\/\/www.galeriebecot.com\/wp-content\/uploads\/2020\/06\/Le-soleil-Becot1-799x1024.jpg\" alt=\"\" class=\"wp-image-12996\" srcset=\"https:\/\/galeriebecot.com\/wp-content\/uploads\/2020\/06\/Le-soleil-Becot1-799x1024.jpg 799w, https:\/\/galeriebecot.com\/wp-content\/uploads\/2020\/06\/Le-soleil-Becot1-234x300.jpg 234w, https:\/\/galeriebecot.com\/wp-content\/uploads\/2020\/06\/Le-soleil-Becot1-768x984.jpg 768w, https:\/\/galeriebecot.com\/wp-content\/uploads\/2020\/06\/Le-soleil-Becot1.jpg 864w\" sizes=\"auto, (max-width: 799px) 100vw, 799px\" \/><\/a><\/figure>\n\n\n\n<figure class=\"wp-block-image size-large\"><img loading=\"lazy\" decoding=\"async\" width=\"720\" height=\"366\" src=\"https:\/\/www.galeriebecot.com\/wp-content\/uploads\/2020\/06\/Arts-visuels.jpg\" alt=\"\" class=\"wp-image-13035\" srcset=\"https:\/\/galeriebecot.com\/wp-content\/uploads\/2020\/06\/Arts-visuels.jpg 720w, https:\/\/galeriebecot.com\/wp-content\/uploads\/2020\/06\/Arts-visuels-300x153.jpg 300w\" sizes=\"auto, (max-width: 720px) 100vw, 720px\" \/><figcaption>Seolane Pissilier, Jean-Philip Audet(artiste exposant), Emmanuel Morin, Charles Boyer Caselais, Vincent Th\u00e9riault (\u00e9tudiants en Arts Visuels)<\/figcaption><\/figure>\n\n\n\n<figure class=\"wp-block-image size-large\"><img loading=\"lazy\" decoding=\"async\" width=\"720\" height=\"328\" src=\"https:\/\/www.galeriebecot.com\/wp-content\/uploads\/2020\/06\/vernissage-1.jpg\" alt=\"\" class=\"wp-image-13038\" srcset=\"https:\/\/galeriebecot.com\/wp-content\/uploads\/2020\/06\/vernissage-1.jpg 720w, https:\/\/galeriebecot.com\/wp-content\/uploads\/2020\/06\/vernissage-1-300x137.jpg 300w\" sizes=\"auto, (max-width: 720px) 100vw, 720px\" \/><figcaption>Vernissage du 14 f\u00e9vrier 2020; Martin Bouchard ,Carol Poulin ,Gilbert S\u00e9vigny<br><em>Cr\u00e9dit photo ; Serge Philippe Tremblay<\/em><\/figcaption><\/figure>\n\n\n\n<figure class=\"wp-block-image size-large\"><a href=\"http:\/\/www.lagalerie3.com\"><img loading=\"lazy\" decoding=\"async\" width=\"642\" height=\"1024\" src=\"https:\/\/www.galeriebecot.com\/wp-content\/uploads\/2020\/06\/Le-soleil-2-642x1024.jpg\" alt=\"\" class=\"wp-image-12991\" srcset=\"https:\/\/galeriebecot.com\/wp-content\/uploads\/2020\/06\/Le-soleil-2-642x1024.jpg 642w, https:\/\/galeriebecot.com\/wp-content\/uploads\/2020\/06\/Le-soleil-2-188x300.jpg 188w, https:\/\/galeriebecot.com\/wp-content\/uploads\/2020\/06\/Le-soleil-2-768x1226.jpg 768w, https:\/\/galeriebecot.com\/wp-content\/uploads\/2020\/06\/Le-soleil-2.jpg 893w\" sizes=\"auto, (max-width: 642px) 100vw, 642px\" \/><\/a><\/figure>\n\n\n\n<figure class=\"wp-block-image size-large\"><a href=\"http:\/\/www.galeriea.ca\"><img loading=\"lazy\" decoding=\"async\" width=\"663\" height=\"1024\" src=\"https:\/\/www.galeriebecot.com\/wp-content\/uploads\/2020\/06\/Le-Soleil3-663x1024.jpg\" alt=\"\" class=\"wp-image-12992\" srcset=\"https:\/\/galeriebecot.com\/wp-content\/uploads\/2020\/06\/Le-Soleil3-663x1024.jpg 663w, https:\/\/galeriebecot.com\/wp-content\/uploads\/2020\/06\/Le-Soleil3-194x300.jpg 194w, https:\/\/galeriebecot.com\/wp-content\/uploads\/2020\/06\/Le-Soleil3-768x1187.jpg 768w, https:\/\/galeriebecot.com\/wp-content\/uploads\/2020\/06\/Le-Soleil3.jpg 864w\" sizes=\"auto, (max-width: 663px) 100vw, 663px\" \/><\/a><\/figure>\n\n\n\n<figure class=\"wp-block-image size-large\"><a href=\"http:\/\/www.galeriemichelguimont.com\"><img loading=\"lazy\" decoding=\"async\" width=\"640\" height=\"1024\" src=\"https:\/\/www.galeriebecot.com\/wp-content\/uploads\/2020\/06\/le-soleil4-640x1024.jpg\" alt=\"\" class=\"wp-image-12993\" srcset=\"https:\/\/galeriebecot.com\/wp-content\/uploads\/2020\/06\/le-soleil4-640x1024.jpg 640w, https:\/\/galeriebecot.com\/wp-content\/uploads\/2020\/06\/le-soleil4-187x300.jpg 187w, https:\/\/galeriebecot.com\/wp-content\/uploads\/2020\/06\/le-soleil4-768x1229.jpg 768w, https:\/\/galeriebecot.com\/wp-content\/uploads\/2020\/06\/le-soleil4.jpg 864w\" sizes=\"auto, (max-width: 640px) 100vw, 640px\" \/><\/a><\/figure>\n\n\n\n<figure class=\"wp-block-image size-large\"><a href=\"http:\/\/www.galerieamf.com\"><img loading=\"lazy\" decoding=\"async\" width=\"548\" height=\"1024\" src=\"https:\/\/www.galeriebecot.com\/wp-content\/uploads\/2020\/06\/Le-soleil5-548x1024.jpg\" alt=\"\" class=\"wp-image-12994\" srcset=\"https:\/\/galeriebecot.com\/wp-content\/uploads\/2020\/06\/Le-soleil5-548x1024.jpg 548w, https:\/\/galeriebecot.com\/wp-content\/uploads\/2020\/06\/Le-soleil5-160x300.jpg 160w, https:\/\/galeriebecot.com\/wp-content\/uploads\/2020\/06\/Le-soleil5-768x1436.jpg 768w, https:\/\/galeriebecot.com\/wp-content\/uploads\/2020\/06\/Le-soleil5-822x1536.jpg 822w, https:\/\/galeriebecot.com\/wp-content\/uploads\/2020\/06\/Le-soleil5.jpg 864w\" sizes=\"auto, (max-width: 548px) 100vw, 548px\" \/><\/a><\/figure>\n","protected":false},"excerpt":{"rendered":"<p>L&rsquo;atelier Galerie B\u00e9cot f\u00eatera sa 45i\u00e8me ann\u00e9e de fonctionnement en septembre 2020. La section galerie reprendra ses activit\u00e9s lorsque la COVID 19 sera sous contr\u00f4le. Par contre il est possible&hellip; <\/p>\n","protected":false},"author":1,"featured_media":0,"comment_status":"open","ping_status":"open","sticky":false,"template":"","format":"standard","meta":{"_exactmetrics_skip_tracking":false,"_exactmetrics_sitenote_active":false,"_exactmetrics_sitenote_note":"","_exactmetrics_sitenote_category":0,"footnotes":""},"categories":[179,20,27,17,29,30],"tags":[1867,737,1487,171,539,559,2063,3366,38,276,745,1207,3363,3365,665,58,146,3361,3362],"class_list":["post-12987","post","type-post","status-publish","format-standard","hentry","category-agac","category-article-descriptif","category-artistes","category-conference","category-journaux","category-le-soleil","tag-abdelilah-chiguer","tag-agac","tag-alexandre-motulsky-falardeau","tag-andre-becot-artiste","tag-andre-philippe-cote","tag-antoine-lortie","tag-foire-papier","tag-galerie-amf","tag-galerie-becot","tag-galerie-lacerte","tag-galerie-michel-guimont","tag-galerie3","tag-galeriea","tag-gare-du-palais","tag-josee-landry-sirois","tag-marc-bellemare-collectionneur","tag-michel-guimont","tag-norbert-lamglois","tag-sodeq"],"_links":{"self":[{"href":"https:\/\/galeriebecot.com\/index.php?rest_route=\/wp\/v2\/posts\/12987","targetHints":{"allow":["GET"]}}],"collection":[{"href":"https:\/\/galeriebecot.com\/index.php?rest_route=\/wp\/v2\/posts"}],"about":[{"href":"https:\/\/galeriebecot.com\/index.php?rest_route=\/wp\/v2\/types\/post"}],"author":[{"embeddable":true,"href":"https:\/\/galeriebecot.com\/index.php?rest_route=\/wp\/v2\/users\/1"}],"replies":[{"embeddable":true,"href":"https:\/\/galeriebecot.com\/index.php?rest_route=%2Fwp%2Fv2%2Fcomments&post=12987"}],"version-history":[{"count":17,"href":"https:\/\/galeriebecot.com\/index.php?rest_route=\/wp\/v2\/posts\/12987\/revisions"}],"predecessor-version":[{"id":13151,"href":"https:\/\/galeriebecot.com\/index.php?rest_route=\/wp\/v2\/posts\/12987\/revisions\/13151"}],"wp:attachment":[{"href":"https:\/\/galeriebecot.com\/index.php?rest_route=%2Fwp%2Fv2%2Fmedia&parent=12987"}],"wp:term":[{"taxonomy":"category","embeddable":true,"href":"https:\/\/galeriebecot.com\/index.php?rest_route=%2Fwp%2Fv2%2Fcategories&post=12987"},{"taxonomy":"post_tag","embeddable":true,"href":"https:\/\/galeriebecot.com\/index.php?rest_route=%2Fwp%2Fv2%2Ftags&post=12987"}],"curies":[{"name":"wp","href":"https:\/\/api.w.org\/{rel}","templated":true}]}}