{"id":12953,"date":"2020-05-27T10:28:30","date_gmt":"2020-05-27T14:28:30","guid":{"rendered":"http:\/\/www.clubdescollectionneursenartsvisuelsdequebec.com\/?p=12953"},"modified":"2020-05-27T11:10:56","modified_gmt":"2020-05-27T15:10:56","slug":"retour-sur-jean-mcewen-peintre","status":"publish","type":"post","link":"https:\/\/galeriebecot.com\/?p=12953","title":{"rendered":"Retour sur Jean McEwen, Peintre."},"content":{"rendered":"<p><a href=\"https:\/\/www.galeriebecot.com\/wp-content\/uploads\/2020\/05\/McEwenFB1.jpg\"><img loading=\"lazy\" decoding=\"async\" class=\"alignnone size-full wp-image-12962\" src=\"https:\/\/www.galeriebecot.com\/wp-content\/uploads\/2020\/05\/McEwenFB1.jpg\" alt=\"\" width=\"546\" height=\"740\" srcset=\"https:\/\/galeriebecot.com\/wp-content\/uploads\/2020\/05\/McEwenFB1.jpg 546w, https:\/\/galeriebecot.com\/wp-content\/uploads\/2020\/05\/McEwenFB1-221x300.jpg 221w\" sizes=\"auto, (max-width: 546px) 100vw, 546px\" \/><\/a><\/p>\n<p>Qui est l&rsquo;artiste dont ce tableau\u00a0\u00a0est expos\u00e9 \u00a0dans le bureau du Premier Ministre\u00a0Fran\u00e7ois Legault ?<\/p>\n<p><em>R\u00e9ponse par Gino Molinari \u00a0(27 mai 2020 sur FaceBook) : Effectivement c&rsquo;est bien un McEwen, si je me souviens bien notre sympathique Ad\u00e9lard Guillemette alors sous ministre au MAC dans les ann\u00e9es 90 avait ce tableau accroch\u00e9 dans son bureau du 225, \u00e0 l&rsquo;\u00e9poque ce tableau faisait partie de la Collection pr\u00eat d&rsquo;oeuvre d&rsquo;art du MNBAQ.<\/em><\/p>\n<h2><a href=\"https:\/\/www.galeriebecot.com\/?page_id=374\">Indra McEwen<\/a><\/h2>\n<p><a href=\"https:\/\/www.galeriebecot.com\/wp-content\/uploads\/2020\/05\/McEwen1.jpg\"><img loading=\"lazy\" decoding=\"async\" class=\"alignnone size-large wp-image-12955\" src=\"https:\/\/www.galeriebecot.com\/wp-content\/uploads\/2020\/05\/McEwen1-853x1024.jpg\" alt=\"\" width=\"700\" height=\"840\" srcset=\"https:\/\/galeriebecot.com\/wp-content\/uploads\/2020\/05\/McEwen1-853x1024.jpg 853w, https:\/\/galeriebecot.com\/wp-content\/uploads\/2020\/05\/McEwen1-250x300.jpg 250w, https:\/\/galeriebecot.com\/wp-content\/uploads\/2020\/05\/McEwen1-768x922.jpg 768w, https:\/\/galeriebecot.com\/wp-content\/uploads\/2020\/05\/McEwen1.jpg 1500w\" sizes=\"auto, (max-width: 700px) 100vw, 700px\" \/><\/a><\/p>\n<p><a href=\"https:\/\/www.galeriebecot.com\/wp-content\/uploads\/2020\/05\/McEwen2.jpg\"><img loading=\"lazy\" decoding=\"async\" class=\"alignnone size-large wp-image-12956\" src=\"https:\/\/www.galeriebecot.com\/wp-content\/uploads\/2020\/05\/McEwen2-853x1024.jpg\" alt=\"\" width=\"700\" height=\"840\" srcset=\"https:\/\/galeriebecot.com\/wp-content\/uploads\/2020\/05\/McEwen2-853x1024.jpg 853w, https:\/\/galeriebecot.com\/wp-content\/uploads\/2020\/05\/McEwen2-250x300.jpg 250w, https:\/\/galeriebecot.com\/wp-content\/uploads\/2020\/05\/McEwen2-768x922.jpg 768w, https:\/\/galeriebecot.com\/wp-content\/uploads\/2020\/05\/McEwen2.jpg 1500w\" sizes=\"auto, (max-width: 700px) 100vw, 700px\" \/><\/a><\/p>\n<p><a href=\"https:\/\/www.galeriebecot.com\/wp-content\/uploads\/2020\/05\/McEwen3.jpg\"><img loading=\"lazy\" decoding=\"async\" class=\"alignnone size-large wp-image-12957\" src=\"https:\/\/www.galeriebecot.com\/wp-content\/uploads\/2020\/05\/McEwen3-853x1024.jpg\" alt=\"\" width=\"700\" height=\"840\" srcset=\"https:\/\/galeriebecot.com\/wp-content\/uploads\/2020\/05\/McEwen3-853x1024.jpg 853w, https:\/\/galeriebecot.com\/wp-content\/uploads\/2020\/05\/McEwen3-250x300.jpg 250w, https:\/\/galeriebecot.com\/wp-content\/uploads\/2020\/05\/McEwen3-768x922.jpg 768w, https:\/\/galeriebecot.com\/wp-content\/uploads\/2020\/05\/McEwen3.jpg 1500w\" sizes=\"auto, (max-width: 700px) 100vw, 700px\" \/><\/a><\/p>\n<p><a href=\"https:\/\/www.galeriebecot.com\/wp-content\/uploads\/2020\/05\/McEwen4.jpg\"><img loading=\"lazy\" decoding=\"async\" class=\"alignnone size-large wp-image-12958\" src=\"https:\/\/www.galeriebecot.com\/wp-content\/uploads\/2020\/05\/McEwen4-853x1024.jpg\" alt=\"\" width=\"700\" height=\"840\" srcset=\"https:\/\/galeriebecot.com\/wp-content\/uploads\/2020\/05\/McEwen4-853x1024.jpg 853w, https:\/\/galeriebecot.com\/wp-content\/uploads\/2020\/05\/McEwen4-250x300.jpg 250w, https:\/\/galeriebecot.com\/wp-content\/uploads\/2020\/05\/McEwen4-768x922.jpg 768w, https:\/\/galeriebecot.com\/wp-content\/uploads\/2020\/05\/McEwen4.jpg 1500w\" sizes=\"auto, (max-width: 700px) 100vw, 700px\" \/><\/a><\/p>\n<p><a href=\"https:\/\/www.galeriebecot.com\/wp-content\/uploads\/2020\/05\/McEwen5.jpg\"><img loading=\"lazy\" decoding=\"async\" class=\"alignnone size-large wp-image-12959\" src=\"https:\/\/www.galeriebecot.com\/wp-content\/uploads\/2020\/05\/McEwen5-853x1024.jpg\" alt=\"\" width=\"700\" height=\"840\" srcset=\"https:\/\/galeriebecot.com\/wp-content\/uploads\/2020\/05\/McEwen5-853x1024.jpg 853w, https:\/\/galeriebecot.com\/wp-content\/uploads\/2020\/05\/McEwen5-250x300.jpg 250w, https:\/\/galeriebecot.com\/wp-content\/uploads\/2020\/05\/McEwen5-768x922.jpg 768w, https:\/\/galeriebecot.com\/wp-content\/uploads\/2020\/05\/McEwen5.jpg 1500w\" sizes=\"auto, (max-width: 700px) 100vw, 700px\" \/><\/a><\/p>\n<p><a href=\"https:\/\/www.galeriebecot.com\/wp-content\/uploads\/2020\/05\/McEwen6.jpg\"><img loading=\"lazy\" decoding=\"async\" class=\"alignnone size-large wp-image-12960\" src=\"https:\/\/www.galeriebecot.com\/wp-content\/uploads\/2020\/05\/McEwen6-853x1024.jpg\" alt=\"\" width=\"700\" height=\"840\" srcset=\"https:\/\/galeriebecot.com\/wp-content\/uploads\/2020\/05\/McEwen6-853x1024.jpg 853w, https:\/\/galeriebecot.com\/wp-content\/uploads\/2020\/05\/McEwen6-250x300.jpg 250w, https:\/\/galeriebecot.com\/wp-content\/uploads\/2020\/05\/McEwen6-768x922.jpg 768w, https:\/\/galeriebecot.com\/wp-content\/uploads\/2020\/05\/McEwen6.jpg 1500w\" sizes=\"auto, (max-width: 700px) 100vw, 700px\" \/><\/a><\/p>\n<p><a href=\"https:\/\/www.galeriebecot.com\/wp-content\/uploads\/2020\/05\/McEwen7.jpg\"><img loading=\"lazy\" decoding=\"async\" class=\"alignnone size-large wp-image-12961\" src=\"https:\/\/www.galeriebecot.com\/wp-content\/uploads\/2020\/05\/McEwen7-1024x664.jpg\" alt=\"\" width=\"700\" height=\"454\" srcset=\"https:\/\/galeriebecot.com\/wp-content\/uploads\/2020\/05\/McEwen7-1024x664.jpg 1024w, https:\/\/galeriebecot.com\/wp-content\/uploads\/2020\/05\/McEwen7-300x194.jpg 300w, https:\/\/galeriebecot.com\/wp-content\/uploads\/2020\/05\/McEwen7-768x498.jpg 768w, https:\/\/galeriebecot.com\/wp-content\/uploads\/2020\/05\/McEwen7.jpg 1500w\" sizes=\"auto, (max-width: 700px) 100vw, 700px\" \/><\/a><\/p>\n","protected":false},"excerpt":{"rendered":"<p>Qui est l&rsquo;artiste dont ce tableau\u00a0\u00a0est expos\u00e9 \u00a0dans le bureau du Premier Ministre\u00a0Fran\u00e7ois Legault ? R\u00e9ponse par Gino Molinari \u00a0(27 mai 2020 sur FaceBook) : Effectivement c&rsquo;est bien un McEwen,&hellip; <\/p>\n","protected":false},"author":1,"featured_media":0,"comment_status":"open","ping_status":"open","sticky":false,"template":"","format":"standard","meta":{"_exactmetrics_skip_tracking":false,"_exactmetrics_sitenote_active":false,"_exactmetrics_sitenote_note":"","_exactmetrics_sitenote_category":0,"footnotes":""},"categories":[27,29],"tags":[34,735,67,3354,871,3355,3356,3353,688,3352,2133,58,3040,455,81,37,40],"class_list":["post-12953","post","type-post","status-publish","format-standard","hentry","category-artistes","category-journaux","tag-andre-becot","tag-artistes","tag-club-des-collectionneurs-en-arts-visuels-de-quebec-marc-bellemare","tag-francois-legault","tag-galerie-simon-blais","tag-ghislain-papillon","tag-gino-molinari","tag-hugo-sebastien-aubert","tag-jean-mcewen","tag-jeremie-mcewen","tag-la-presse","tag-marc-bellemare-collectionneur","tag-mbam","tag-pierre-leblanc","tag-radio-canada","tag-studio-becot","tag-visuals-arts"],"_links":{"self":[{"href":"https:\/\/galeriebecot.com\/index.php?rest_route=\/wp\/v2\/posts\/12953","targetHints":{"allow":["GET"]}}],"collection":[{"href":"https:\/\/galeriebecot.com\/index.php?rest_route=\/wp\/v2\/posts"}],"about":[{"href":"https:\/\/galeriebecot.com\/index.php?rest_route=\/wp\/v2\/types\/post"}],"author":[{"embeddable":true,"href":"https:\/\/galeriebecot.com\/index.php?rest_route=\/wp\/v2\/users\/1"}],"replies":[{"embeddable":true,"href":"https:\/\/galeriebecot.com\/index.php?rest_route=%2Fwp%2Fv2%2Fcomments&post=12953"}],"version-history":[{"count":6,"href":"https:\/\/galeriebecot.com\/index.php?rest_route=\/wp\/v2\/posts\/12953\/revisions"}],"predecessor-version":[{"id":12968,"href":"https:\/\/galeriebecot.com\/index.php?rest_route=\/wp\/v2\/posts\/12953\/revisions\/12968"}],"wp:attachment":[{"href":"https:\/\/galeriebecot.com\/index.php?rest_route=%2Fwp%2Fv2%2Fmedia&parent=12953"}],"wp:term":[{"taxonomy":"category","embeddable":true,"href":"https:\/\/galeriebecot.com\/index.php?rest_route=%2Fwp%2Fv2%2Fcategories&post=12953"},{"taxonomy":"post_tag","embeddable":true,"href":"https:\/\/galeriebecot.com\/index.php?rest_route=%2Fwp%2Fv2%2Ftags&post=12953"}],"curies":[{"name":"wp","href":"https:\/\/api.w.org\/{rel}","templated":true}]}}