{"id":12865,"date":"2020-11-11T16:30:58","date_gmt":"2020-11-11T21:30:58","guid":{"rendered":"http:\/\/www.clubdescollectionneursenartsvisuelsdequebec.com\/?p=12865"},"modified":"2020-11-14T12:25:42","modified_gmt":"2020-11-14T17:25:42","slug":"lancement-du-livre-dhuguette-vachon-a-saint-hilaire-et-a-quebec","status":"publish","type":"post","link":"https:\/\/galeriebecot.com\/?p=12865","title":{"rendered":"Huguette Vachon _ Jean-Paul Fen\u00eatres intimes _ au salon du livre de Montr\u00e9al  et \u00e0 Qu\u00e9bec en 2021."},"content":{"rendered":"\n<figure class=\"wp-block-image size-large\"><a href=\"https:\/\/salondulivredemontreal.com\/auteurs\/huguette-vachon\"><img loading=\"lazy\" decoding=\"async\" width=\"821\" height=\"983\" src=\"https:\/\/www.galeriebecot.com\/wp-content\/uploads\/2020\/11\/Salon-du-livre.jpg\" alt=\"\" class=\"wp-image-13654\" srcset=\"https:\/\/galeriebecot.com\/wp-content\/uploads\/2020\/11\/Salon-du-livre.jpg 821w, https:\/\/galeriebecot.com\/wp-content\/uploads\/2020\/11\/Salon-du-livre-251x300.jpg 251w, https:\/\/galeriebecot.com\/wp-content\/uploads\/2020\/11\/Salon-du-livre-768x920.jpg 768w\" sizes=\"auto, (max-width: 821px) 100vw, 821px\" \/><\/a><\/figure>\n\n\n<p><a href=\"https:\/\/www.galeriebecot.com\/wp-content\/uploads\/2020\/03\/VachonBellemareBernier.jpg\"><img loading=\"lazy\" decoding=\"async\" class=\"alignnone size-full wp-image-12866\" src=\"https:\/\/www.galeriebecot.com\/wp-content\/uploads\/2020\/03\/VachonBellemareBernier.jpg\" alt=\"\" width=\"576\" height=\"781\" srcset=\"https:\/\/galeriebecot.com\/wp-content\/uploads\/2020\/03\/VachonBellemareBernier.jpg 576w, https:\/\/galeriebecot.com\/wp-content\/uploads\/2020\/03\/VachonBellemareBernier-221x300.jpg 221w\" sizes=\"auto, (max-width: 576px) 100vw, 576px\" \/><\/a><\/p>\n<p>Lancement du livre d&rsquo;Huguette Vachon \u00e0 la<a href=\"https:\/\/www.maisonamerindienne.com\/\"> maison Am\u00e9rindienne de Saint-Hilaire<\/a> le Dimanche 8&nbsp;mars 2020&#8230;<\/p>\n<p>1)&nbsp;Huguette Vachon &nbsp;2) Marc Bellemare &nbsp;3) &nbsp;Robert Bernier ( <em><a href=\"https:\/\/revue-parcours.com\/\">\u00e9diteur et r\u00e9dacteur en chef de la revue <\/a><strong>Parcours&nbsp;<\/strong><\/em>)<\/p>\n<p><a href=\"https:\/\/www.galeriebecot.com\/?p=12846\"><img loading=\"lazy\" decoding=\"async\" class=\"alignnone size-full wp-image-12874\" src=\"https:\/\/www.galeriebecot.com\/wp-content\/uploads\/2020\/03\/Jean-Paul-Lien.jpg\" alt=\"\" width=\"576\" height=\"307\" srcset=\"https:\/\/galeriebecot.com\/wp-content\/uploads\/2020\/03\/Jean-Paul-Lien.jpg 576w, https:\/\/galeriebecot.com\/wp-content\/uploads\/2020\/03\/Jean-Paul-Lien-300x160.jpg 300w\" sizes=\"auto, (max-width: 576px) 100vw, 576px\" \/><\/a><\/p>\n<p><a href=\"https:\/\/www.galeriebecot.com\/wp-content\/uploads\/2020\/03\/Presentateurs.jpg\"><img loading=\"lazy\" decoding=\"async\" class=\"alignnone size-full wp-image-12867\" src=\"https:\/\/www.galeriebecot.com\/wp-content\/uploads\/2020\/03\/Presentateurs.jpg\" alt=\"\" width=\"576\" height=\"536\" srcset=\"https:\/\/galeriebecot.com\/wp-content\/uploads\/2020\/03\/Presentateurs.jpg 576w, https:\/\/galeriebecot.com\/wp-content\/uploads\/2020\/03\/Presentateurs-300x279.jpg 300w\" sizes=\"auto, (max-width: 576px) 100vw, 576px\" \/><\/a><\/p>\n<p><a href=\"https:\/\/www.galeriebecot.com\/wp-content\/uploads\/2020\/03\/Ensemble.jpg\"><img loading=\"lazy\" decoding=\"async\" class=\"alignnone size-full wp-image-12870\" src=\"https:\/\/www.galeriebecot.com\/wp-content\/uploads\/2020\/03\/Ensemble.jpg\" alt=\"\" width=\"576\" height=\"432\" srcset=\"https:\/\/galeriebecot.com\/wp-content\/uploads\/2020\/03\/Ensemble.jpg 576w, https:\/\/galeriebecot.com\/wp-content\/uploads\/2020\/03\/Ensemble-300x225.jpg 300w\" sizes=\"auto, (max-width: 576px) 100vw, 576px\" \/><\/a><\/p>\n<p><a href=\"https:\/\/www.galeriebecot.com\/wp-content\/uploads\/2020\/03\/Signature.jpg\"><img loading=\"lazy\" decoding=\"async\" class=\"alignnone size-full wp-image-12868\" src=\"https:\/\/www.galeriebecot.com\/wp-content\/uploads\/2020\/03\/Signature.jpg\" alt=\"\" width=\"576\" height=\"1015\" srcset=\"https:\/\/galeriebecot.com\/wp-content\/uploads\/2020\/03\/Signature.jpg 576w, https:\/\/galeriebecot.com\/wp-content\/uploads\/2020\/03\/Signature-170x300.jpg 170w\" sizes=\"auto, (max-width: 576px) 100vw, 576px\" \/><\/a><\/p>\n<p>S\u00e9ance de signatures par Huguette Vachon<\/p>\n<p><a href=\"https:\/\/www.galeriebecot.com\/wp-content\/uploads\/2020\/03\/Livre-signe.jpg\"><img loading=\"lazy\" decoding=\"async\" class=\"alignnone size-large wp-image-12869\" src=\"https:\/\/www.galeriebecot.com\/wp-content\/uploads\/2020\/03\/Livre-signe-436x1024.jpg\" alt=\"\" width=\"436\" height=\"1024\" srcset=\"https:\/\/galeriebecot.com\/wp-content\/uploads\/2020\/03\/Livre-signe-436x1024.jpg 436w, https:\/\/galeriebecot.com\/wp-content\/uploads\/2020\/03\/Livre-signe-128x300.jpg 128w, https:\/\/galeriebecot.com\/wp-content\/uploads\/2020\/03\/Livre-signe.jpg 576w\" sizes=\"auto, (max-width: 436px) 100vw, 436px\" \/><\/a><\/p>\n<p><a href=\"https:\/\/www.galeriebecot.com\/wp-content\/uploads\/2020\/03\/Gang.jpg\"><img loading=\"lazy\" decoding=\"async\" class=\"alignnone size-full wp-image-12871\" src=\"https:\/\/www.galeriebecot.com\/wp-content\/uploads\/2020\/03\/Gang.jpg\" alt=\"\" width=\"576\" height=\"274\" srcset=\"https:\/\/galeriebecot.com\/wp-content\/uploads\/2020\/03\/Gang.jpg 576w, https:\/\/galeriebecot.com\/wp-content\/uploads\/2020\/03\/Gang-300x143.jpg 300w\" sizes=\"auto, (max-width: 576px) 100vw, 576px\" \/><\/a><\/p>\n\n","protected":false},"excerpt":{"rendered":"<p>Lancement du livre d&rsquo;Huguette Vachon \u00e0 la maison Am\u00e9rindienne de Saint-Hilaire le Dimanche 8&nbsp;mars 2020&#8230; 1)&nbsp;Huguette Vachon &nbsp;2) Marc Bellemare &nbsp;3) &nbsp;Robert Bernier ( \u00e9diteur et r\u00e9dacteur en chef de&hellip; <\/p>\n","protected":false},"author":1,"featured_media":0,"comment_status":"open","ping_status":"open","sticky":false,"template":"","format":"standard","meta":{"_exactmetrics_skip_tracking":false,"_exactmetrics_sitenote_active":false,"_exactmetrics_sitenote_note":"","_exactmetrics_sitenote_category":0,"footnotes":""},"categories":[27,17,18],"tags":[34,735,1372,687,58,642,3598,37,40],"class_list":["post-12865","post","type-post","status-publish","format-standard","hentry","category-artistes","category-conference","category-evenement","tag-andre-becot","tag-artistes","tag-huguette-vachon","tag-jean-paul-riopelle","tag-marc-bellemare-collectionneur","tag-robert-bernier","tag-salon-du-livre-de-montreal","tag-studio-becot","tag-visuals-arts"],"_links":{"self":[{"href":"https:\/\/galeriebecot.com\/index.php?rest_route=\/wp\/v2\/posts\/12865","targetHints":{"allow":["GET"]}}],"collection":[{"href":"https:\/\/galeriebecot.com\/index.php?rest_route=\/wp\/v2\/posts"}],"about":[{"href":"https:\/\/galeriebecot.com\/index.php?rest_route=\/wp\/v2\/types\/post"}],"author":[{"embeddable":true,"href":"https:\/\/galeriebecot.com\/index.php?rest_route=\/wp\/v2\/users\/1"}],"replies":[{"embeddable":true,"href":"https:\/\/galeriebecot.com\/index.php?rest_route=%2Fwp%2Fv2%2Fcomments&post=12865"}],"version-history":[{"count":15,"href":"https:\/\/galeriebecot.com\/index.php?rest_route=\/wp\/v2\/posts\/12865\/revisions"}],"predecessor-version":[{"id":13656,"href":"https:\/\/galeriebecot.com\/index.php?rest_route=\/wp\/v2\/posts\/12865\/revisions\/13656"}],"wp:attachment":[{"href":"https:\/\/galeriebecot.com\/index.php?rest_route=%2Fwp%2Fv2%2Fmedia&parent=12865"}],"wp:term":[{"taxonomy":"category","embeddable":true,"href":"https:\/\/galeriebecot.com\/index.php?rest_route=%2Fwp%2Fv2%2Fcategories&post=12865"},{"taxonomy":"post_tag","embeddable":true,"href":"https:\/\/galeriebecot.com\/index.php?rest_route=%2Fwp%2Fv2%2Ftags&post=12865"}],"curies":[{"name":"wp","href":"https:\/\/api.w.org\/{rel}","templated":true}]}}