{"id":12805,"date":"2020-02-11T15:13:55","date_gmt":"2020-02-11T20:13:55","guid":{"rendered":"http:\/\/www.clubdescollectionneursenartsvisuelsdequebec.com\/?p=12805"},"modified":"2020-03-12T15:18:20","modified_gmt":"2020-03-12T19:18:20","slug":"margot-bujold-artiste-extrait-de-la-bibliotheque-poetique-du-cafe-krieghoff","status":"publish","type":"post","link":"https:\/\/galeriebecot.com\/?p=12805","title":{"rendered":"Margot Bujold, Artiste ( extrait de la biblioth\u00e8que po\u00e9tique du caf\u00e9 Krieghoff)"},"content":{"rendered":"<p><a href=\"https:\/\/www.galeriebecot.com\/?p=5132\"><img loading=\"lazy\" decoding=\"async\" class=\"alignnone size-large wp-image-12806\" src=\"https:\/\/www.galeriebecot.com\/wp-content\/uploads\/2020\/03\/Bujold-A-Margot-736x1024.jpg\" alt=\"\" width=\"700\" height=\"974\" srcset=\"https:\/\/galeriebecot.com\/wp-content\/uploads\/2020\/03\/Bujold-A-Margot-736x1024.jpg 736w, https:\/\/galeriebecot.com\/wp-content\/uploads\/2020\/03\/Bujold-A-Margot-216x300.jpg 216w, https:\/\/galeriebecot.com\/wp-content\/uploads\/2020\/03\/Bujold-A-Margot.jpg 768w\" sizes=\"auto, (max-width: 700px) 100vw, 700px\" \/><\/a><\/p>\n<p><a href=\"https:\/\/www.galeriebecot.com\/wp-content\/uploads\/2020\/03\/Bujold-B-Margot.jpg\"><img loading=\"lazy\" decoding=\"async\" class=\"alignnone size-full wp-image-12807\" src=\"https:\/\/www.galeriebecot.com\/wp-content\/uploads\/2020\/03\/Bujold-B-Margot.jpg\" alt=\"\" width=\"773\" height=\"662\" srcset=\"https:\/\/galeriebecot.com\/wp-content\/uploads\/2020\/03\/Bujold-B-Margot.jpg 773w, https:\/\/galeriebecot.com\/wp-content\/uploads\/2020\/03\/Bujold-B-Margot-300x257.jpg 300w, https:\/\/galeriebecot.com\/wp-content\/uploads\/2020\/03\/Bujold-B-Margot-768x658.jpg 768w\" sizes=\"auto, (max-width: 773px) 100vw, 773px\" \/><\/a><\/p>\n","protected":false},"excerpt":{"rendered":"","protected":false},"author":1,"featured_media":0,"comment_status":"open","ping_status":"open","sticky":false,"template":"","format":"standard","meta":{"_exactmetrics_skip_tracking":false,"_exactmetrics_sitenote_active":false,"_exactmetrics_sitenote_note":"","_exactmetrics_sitenote_category":0,"footnotes":""},"categories":[27],"tags":[34,735,67,58,2768,37,40],"class_list":["post-12805","post","type-post","status-publish","format-standard","hentry","category-artistes","tag-andre-becot","tag-artistes","tag-club-des-collectionneurs-en-arts-visuels-de-quebec-marc-bellemare","tag-marc-bellemare-collectionneur","tag-margot-bujold","tag-studio-becot","tag-visuals-arts"],"_links":{"self":[{"href":"https:\/\/galeriebecot.com\/index.php?rest_route=\/wp\/v2\/posts\/12805","targetHints":{"allow":["GET"]}}],"collection":[{"href":"https:\/\/galeriebecot.com\/index.php?rest_route=\/wp\/v2\/posts"}],"about":[{"href":"https:\/\/galeriebecot.com\/index.php?rest_route=\/wp\/v2\/types\/post"}],"author":[{"embeddable":true,"href":"https:\/\/galeriebecot.com\/index.php?rest_route=\/wp\/v2\/users\/1"}],"replies":[{"embeddable":true,"href":"https:\/\/galeriebecot.com\/index.php?rest_route=%2Fwp%2Fv2%2Fcomments&post=12805"}],"version-history":[{"count":2,"href":"https:\/\/galeriebecot.com\/index.php?rest_route=\/wp\/v2\/posts\/12805\/revisions"}],"predecessor-version":[{"id":12810,"href":"https:\/\/galeriebecot.com\/index.php?rest_route=\/wp\/v2\/posts\/12805\/revisions\/12810"}],"wp:attachment":[{"href":"https:\/\/galeriebecot.com\/index.php?rest_route=%2Fwp%2Fv2%2Fmedia&parent=12805"}],"wp:term":[{"taxonomy":"category","embeddable":true,"href":"https:\/\/galeriebecot.com\/index.php?rest_route=%2Fwp%2Fv2%2Fcategories&post=12805"},{"taxonomy":"post_tag","embeddable":true,"href":"https:\/\/galeriebecot.com\/index.php?rest_route=%2Fwp%2Fv2%2Ftags&post=12805"}],"curies":[{"name":"wp","href":"https:\/\/api.w.org\/{rel}","templated":true}]}}