{"id":1266,"date":"2025-11-10T11:22:00","date_gmt":"2025-11-10T16:22:00","guid":{"rendered":"http:\/\/www.clubdescollectionneursenartsvisuelsdequebec.com\/?p=1266"},"modified":"2025-11-11T10:45:11","modified_gmt":"2025-11-11T15:45:11","slug":"encan-doeuvres-dart-au-profit-de-la-clarte-dieu","status":"publish","type":"post","link":"https:\/\/galeriebecot.com\/?p=1266","title":{"rendered":"Encan d&rsquo;oeuvres d&rsquo;art au profit de la Clart\u00e9 Dieu"},"content":{"rendered":"\n<p class=\"wp-block-paragraph\"><a href=\"https:\/\/www.laclartedieu.org\/tes-mots-se-glissent-dans-les-replis-de-mon-ame\/\"><strong>Exposition \u00e9volutiv<\/strong>e _ interactive _ po\u00e9tique<\/a><\/p>\n\n\n\n<p class=\"wp-block-paragraph\"><a href=\"https:\/\/www.laclartedieu.org\/tes-mots-se-glissent-dans-les-replis-de-mon-ame\/\">Galerie <strong>Clart\u00e9-Dieu<\/strong><\/a>, du 8 novembre au 23 d\u00e9cembre 2025<\/p>\n\n\n\n<p class=\"wp-block-paragraph\"><strong>1605, rue Sheppard,<\/strong> Qu\u00e9bec <\/p>\n\n\n\n<p class=\"wp-block-paragraph\">du<strong> jeudi au dimanche<\/strong> de 13:00 \u00e0 17:00 h<\/p>\n\n\n\n<figure class=\"wp-block-image size-large\"><a href=\"https:\/\/galeriebecot.com\/wp-content\/uploads\/2013\/11\/Mots.jpg\"><img loading=\"lazy\" decoding=\"async\" width=\"1024\" height=\"362\" src=\"https:\/\/galeriebecot.com\/wp-content\/uploads\/2013\/11\/Mots-1024x362.jpg\" alt=\"\" class=\"wp-image-21420\" srcset=\"https:\/\/galeriebecot.com\/wp-content\/uploads\/2013\/11\/Mots-1024x362.jpg 1024w, https:\/\/galeriebecot.com\/wp-content\/uploads\/2013\/11\/Mots-300x106.jpg 300w, https:\/\/galeriebecot.com\/wp-content\/uploads\/2013\/11\/Mots-768x271.jpg 768w, https:\/\/galeriebecot.com\/wp-content\/uploads\/2013\/11\/Mots.jpg 1259w\" sizes=\"auto, (max-width: 1024px) 100vw, 1024px\" \/><\/a><\/figure>\n\n\n\n<figure class=\"wp-block-image size-large is-resized\"><a href=\"https:\/\/www.laclartedieu.org\/tes-mots-se-glissent-dans-les-replis-de-mon-ame\/\"><img loading=\"lazy\" decoding=\"async\" width=\"1024\" height=\"597\" src=\"https:\/\/galeriebecot.com\/wp-content\/uploads\/2013\/11\/Clart-Dieu-1024x597.jpg\" alt=\"\" class=\"wp-image-21416\" style=\"width:799px;height:auto\" srcset=\"https:\/\/galeriebecot.com\/wp-content\/uploads\/2013\/11\/Clart-Dieu-1024x597.jpg 1024w, https:\/\/galeriebecot.com\/wp-content\/uploads\/2013\/11\/Clart-Dieu-300x175.jpg 300w, https:\/\/galeriebecot.com\/wp-content\/uploads\/2013\/11\/Clart-Dieu-768x448.jpg 768w, https:\/\/galeriebecot.com\/wp-content\/uploads\/2013\/11\/Clart-Dieu-1536x896.jpg 1536w, https:\/\/galeriebecot.com\/wp-content\/uploads\/2013\/11\/Clart-Dieu.jpg 1581w\" sizes=\"auto, (max-width: 1024px) 100vw, 1024px\" \/><\/a><\/figure>\n\n\n<p><a href=\"https:\/\/www.galeriebecot.com\/wp-content\/uploads\/2013\/11\/clart\u00e9-dieu.jpg\"><img loading=\"lazy\" decoding=\"async\" class=\"alignnone size-large wp-image-1267\" src=\"https:\/\/www.galeriebecot.com\/wp-content\/uploads\/2013\/11\/clart\u00e9-dieu-1024x621.jpg\" alt=\"clart\u00e9 dieu\" width=\"700\" height=\"424\" srcset=\"https:\/\/galeriebecot.com\/wp-content\/uploads\/2013\/11\/clart\u00e9-dieu-1024x621.jpg 1024w, https:\/\/galeriebecot.com\/wp-content\/uploads\/2013\/11\/clart\u00e9-dieu-300x182.jpg 300w\" sizes=\"auto, (max-width: 700px) 100vw, 700px\" \/><\/a><\/p>","protected":false},"excerpt":{"rendered":"<p>Exposition \u00e9volutive _ interactive _ po\u00e9tique Galerie Clart\u00e9-Dieu, du 8 novembre au 23 d\u00e9cembre 2025 1605, rue Sheppard, Qu\u00e9bec du jeudi au dimanche de 13:00 \u00e0 17:00 h<\/p>\n","protected":false},"author":1,"featured_media":0,"comment_status":"open","ping_status":"open","sticky":false,"template":"","format":"standard","meta":{"_exactmetrics_skip_tracking":false,"_exactmetrics_sitenote_active":false,"_exactmetrics_sitenote_note":"","_exactmetrics_sitenote_category":0,"footnotes":""},"categories":[21],"tags":[34,6,33,37],"class_list":["post-1266","post","type-post","status-publish","format-standard","hentry","category-vente-aux-encheres-doeuvres-dart","tag-andre-becot","tag-club-des-collectionneurs-en-arts-visuels-de-quebec","tag-marc-bellemare","tag-studio-becot"],"_links":{"self":[{"href":"https:\/\/galeriebecot.com\/index.php?rest_route=\/wp\/v2\/posts\/1266","targetHints":{"allow":["GET"]}}],"collection":[{"href":"https:\/\/galeriebecot.com\/index.php?rest_route=\/wp\/v2\/posts"}],"about":[{"href":"https:\/\/galeriebecot.com\/index.php?rest_route=\/wp\/v2\/types\/post"}],"author":[{"embeddable":true,"href":"https:\/\/galeriebecot.com\/index.php?rest_route=\/wp\/v2\/users\/1"}],"replies":[{"embeddable":true,"href":"https:\/\/galeriebecot.com\/index.php?rest_route=%2Fwp%2Fv2%2Fcomments&post=1266"}],"version-history":[{"count":7,"href":"https:\/\/galeriebecot.com\/index.php?rest_route=\/wp\/v2\/posts\/1266\/revisions"}],"predecessor-version":[{"id":21426,"href":"https:\/\/galeriebecot.com\/index.php?rest_route=\/wp\/v2\/posts\/1266\/revisions\/21426"}],"wp:attachment":[{"href":"https:\/\/galeriebecot.com\/index.php?rest_route=%2Fwp%2Fv2%2Fmedia&parent=1266"}],"wp:term":[{"taxonomy":"category","embeddable":true,"href":"https:\/\/galeriebecot.com\/index.php?rest_route=%2Fwp%2Fv2%2Fcategories&post=1266"},{"taxonomy":"post_tag","embeddable":true,"href":"https:\/\/galeriebecot.com\/index.php?rest_route=%2Fwp%2Fv2%2Ftags&post=1266"}],"curies":[{"name":"wp","href":"https:\/\/api.w.org\/{rel}","templated":true}]}}