{"id":1234,"date":"2013-10-23T10:01:25","date_gmt":"2013-10-23T14:01:25","guid":{"rendered":"http:\/\/www.clubdescollectionneursenartsvisuelsdequebec.com\/?p=1234"},"modified":"2013-10-23T10:10:39","modified_gmt":"2013-10-23T14:10:39","slug":"jocelyn-gasseretrospective","status":"publish","type":"post","link":"https:\/\/galeriebecot.com\/?p=1234","title":{"rendered":"Jocelyn Gasse,r\u00e9trospective"},"content":{"rendered":"<p><a href=\"https:\/\/www.galeriebecot.com\/wp-content\/uploads\/2013\/10\/Gasse.jpg\"><img loading=\"lazy\" decoding=\"async\" class=\"alignnone size-large wp-image-1235\" alt=\"Gasse\" src=\"https:\/\/www.galeriebecot.com\/wp-content\/uploads\/2013\/10\/Gasse-755x1024.jpg\" width=\"700\" height=\"949\" srcset=\"https:\/\/galeriebecot.com\/wp-content\/uploads\/2013\/10\/Gasse-755x1024.jpg 755w, https:\/\/galeriebecot.com\/wp-content\/uploads\/2013\/10\/Gasse-221x300.jpg 221w, https:\/\/galeriebecot.com\/wp-content\/uploads\/2013\/10\/Gasse.jpg 900w\" sizes=\"auto, (max-width: 700px) 100vw, 700px\" \/><\/a><\/p>\n<p>&nbsp;<\/p>\n<p>&nbsp;<\/p>\n<p style=\"text-align: left;\">\u00a0<a title=\"Jocelyn Gasse\" href=\"http:\/\/www.foireartactuel.com\/artiste.php?artiste=9\">L\u2019Arrondissement de Sainte-Foy\u2014Sillery\u2014Cap-Rouge a le plaisir de vous inviter au vernissage de l&rsquo;exposition<\/a><\/p>\n<p style=\"text-align: left;\"><a title=\"Jocelyn Gasse\" href=\"http:\/\/www.foireartactuel.com\/artiste.php?artiste=9\">Jocelyn Gasse, r\u00e9trospective<\/a><\/p>\n<p style=\"text-align: left;\"><a title=\"Jocelyn Gasse\" href=\"http:\/\/www.foireartactuel.com\/artiste.php?artiste=9\">lequel aura lieu le mardi 29 octobre 2013 \u00e0 17 h 30<\/a><\/p>\n<p style=\"text-align: left;\"><a title=\"Jocelyn Gasse\" href=\"http:\/\/www.foireartactuel.com\/artiste.php?artiste=9\">\u00e0 la maison Hamel-Bruneau, situ\u00e9e au 2608, chemin Saint-Louis, Qu\u00e9bec<\/a><\/p>\n<p style=\"text-align: left;\"><a title=\"Jocelyn Gasse\" href=\"http:\/\/www.foireartactuel.com\/artiste.php?artiste=9\">en pr\u00e9sence de madame Francine Lortie, pr\u00e9sidente de l&rsquo;arrondissement, de monsieur Dany Quine, commissaire de l&rsquo;exposition, et de monsieur Jocelyn Gasse, artiste.<\/a><\/p>\n<h2><a title=\"Jocelyn Gasse\" href=\"http:\/\/www.foireartactuel.com\/artiste.php?artiste=9\">Bio<\/a><\/h2>\n<p><a title=\"Jocelyn Gasse\" href=\"http:\/\/www.foireartactuel.com\/artiste.php?artiste=9\">Jocelyn Gasse vit \u00e0 Qu\u00e9bec. Il a \u00e9tudi\u00e9 \u00e0 l\u2019\u00e9cole des Beaux Arts de Qu\u00e9bec de 1969 \u00e0 1970 et \u00e0 l\u2019\u00e9cole des Arts Visuels de l\u2019Universit\u00e9 Laval de 1971 \u00e0 1973. Il a commenc\u00e9 ses activit\u00e9s artistiques par la performance en 1972 et ce, jusqu\u2019en 1975. Par la suite, il a r\u00e9alis\u00e9 des \u0153uvres formalistes en deux et en trois dimensions de 1976 jusqu\u2019au d\u00e9but des ann\u00e9es 80. Depuis le milieu des ann\u00e9es 80, le paysage romantique et urbain a \u00e9t\u00e9 le principal sujet de recherche de ses \u0153uvres. Celles-ci ont \u00e9t\u00e9 expos\u00e9es au Qu\u00e9bec, au Canada et en Europe et font partie d\u2019un nombre important de collections publiques et priv\u00e9es. Derni\u00e8rement, depuis 2011, il travaille \u00e0 Qu\u00e9bec et \u00e0 New York.<\/a><\/p>\n","protected":false},"excerpt":{"rendered":"<p>&nbsp; &nbsp; \u00a0L\u2019Arrondissement de Sainte-Foy\u2014Sillery\u2014Cap-Rouge a le plaisir de vous inviter au vernissage de l&rsquo;exposition Jocelyn Gasse, r\u00e9trospective lequel aura lieu le mardi 29 octobre 2013 \u00e0 17 h 30&hellip; <\/p>\n","protected":false},"author":1,"featured_media":0,"comment_status":"open","ping_status":"open","sticky":false,"template":"","format":"standard","meta":{"_exactmetrics_skip_tracking":false,"_exactmetrics_sitenote_active":false,"_exactmetrics_sitenote_note":"","_exactmetrics_sitenote_category":0,"footnotes":""},"categories":[18,19],"tags":[735,43,6,41,42,37,40],"class_list":["post-1234","post","type-post","status-publish","format-standard","hentry","category-evenement","category-vernissage","tag-artistes","tag-arts-visuels","tag-club-des-collectionneurs-en-arts-visuels-de-quebec","tag-jocelyn-gasse-retrospective","tag-marc-bellemarre","tag-studio-becot","tag-visuals-arts"],"_links":{"self":[{"href":"https:\/\/galeriebecot.com\/index.php?rest_route=\/wp\/v2\/posts\/1234","targetHints":{"allow":["GET"]}}],"collection":[{"href":"https:\/\/galeriebecot.com\/index.php?rest_route=\/wp\/v2\/posts"}],"about":[{"href":"https:\/\/galeriebecot.com\/index.php?rest_route=\/wp\/v2\/types\/post"}],"author":[{"embeddable":true,"href":"https:\/\/galeriebecot.com\/index.php?rest_route=\/wp\/v2\/users\/1"}],"replies":[{"embeddable":true,"href":"https:\/\/galeriebecot.com\/index.php?rest_route=%2Fwp%2Fv2%2Fcomments&post=1234"}],"version-history":[{"count":4,"href":"https:\/\/galeriebecot.com\/index.php?rest_route=\/wp\/v2\/posts\/1234\/revisions"}],"predecessor-version":[{"id":1239,"href":"https:\/\/galeriebecot.com\/index.php?rest_route=\/wp\/v2\/posts\/1234\/revisions\/1239"}],"wp:attachment":[{"href":"https:\/\/galeriebecot.com\/index.php?rest_route=%2Fwp%2Fv2%2Fmedia&parent=1234"}],"wp:term":[{"taxonomy":"category","embeddable":true,"href":"https:\/\/galeriebecot.com\/index.php?rest_route=%2Fwp%2Fv2%2Fcategories&post=1234"},{"taxonomy":"post_tag","embeddable":true,"href":"https:\/\/galeriebecot.com\/index.php?rest_route=%2Fwp%2Fv2%2Ftags&post=1234"}],"curies":[{"name":"wp","href":"https:\/\/api.w.org\/{rel}","templated":true}]}}