{"id":12145,"date":"2020-12-17T15:45:00","date_gmt":"2020-12-17T20:45:00","guid":{"rendered":"http:\/\/www.clubdescollectionneursenartsvisuelsdequebec.com\/?p=12145"},"modified":"2021-02-02T13:09:24","modified_gmt":"2021-02-02T18:09:24","slug":"retour-vers-le-futur-1973","status":"publish","type":"post","link":"https:\/\/galeriebecot.com\/?p=12145","title":{"rendered":"D\u00e9jeuner, Artistes de Qu\u00e9bec."},"content":{"rendered":"\n<figure class=\"wp-block-image size-large\"><a href=\"https:\/\/www.galeriebecot.com\/?p=5132\"><img loading=\"lazy\" decoding=\"async\" width=\"576\" height=\"350\" src=\"https:\/\/www.galeriebecot.com\/wp-content\/uploads\/2021\/02\/Biblio-retour1.jpg\" alt=\"\" class=\"wp-image-14195\" srcset=\"https:\/\/galeriebecot.com\/wp-content\/uploads\/2021\/02\/Biblio-retour1.jpg 576w, https:\/\/galeriebecot.com\/wp-content\/uploads\/2021\/02\/Biblio-retour1-300x182.jpg 300w\" sizes=\"auto, (max-width: 576px) 100vw, 576px\" \/><\/a><\/figure>\n\n\n<p>D\u00e9jeuner de No\u00ebl au Krieghoff , le mardi 17 d\u00e9cembre 2019.<\/p>\n<p>Que la <b>F\u00eate<\/b> de No\u00ebl t&rsquo;apporte tout ce que tu veux: Bien du plaisir et des surprises . . . . . . . . . .<\/p>\n<p>Cr\u00e9dit Photo; <em>Serge Philippe Tremblay. Kl\u00f6dy Tremblay.<\/em><\/p>\n<p><a href=\"https:\/\/www.galeriebecot.com\/wp-content\/uploads\/2019\/12\/Noel100-numero-11.jpg\"><img loading=\"lazy\" decoding=\"async\" class=\"alignnone size-large wp-image-12196\" src=\"https:\/\/www.galeriebecot.com\/wp-content\/uploads\/2019\/12\/Noel100-numero-11-429x1024.jpg\" alt=\"\" width=\"429\" height=\"1024\" srcset=\"https:\/\/galeriebecot.com\/wp-content\/uploads\/2019\/12\/Noel100-numero-11.jpg 429w, https:\/\/galeriebecot.com\/wp-content\/uploads\/2019\/12\/Noel100-numero-11-126x300.jpg 126w\" sizes=\"auto, (max-width: 429px) 100vw, 429px\" \/><\/a><\/p>\n<p>1 \u00a0Andr\u00e9 B\u00e9cot \u00a02 \u00a0Jacques Magnan \u00a03 \u00a0Carole Turgeon<\/p>\n<p>4 \u00a0H\u00e9l\u00e8ne Auger \u00a05 \u00a0Gilles Diamond \u00a06 \u00a0Nicole Lacroix Thibault<\/p>\n<p>7 \u00a0Michel Marin \u00a08 \u00a0Annick Francoeur \u00a09 \u00a0Patissier Krieghoff<\/p>\n<p>10 Aristide Gagnon \u00a011 \u00a0Carole Turgeon \u00a012 \u00a0Don Darby<\/p>\n<p>13 \u00a0Jacqueline Denis \u00a014 \u00a0Michel Boulianne \u00a015 \u00a0H\u00e9l\u00e8ne Auger<\/p>\n<p>16 J\u00e9r\u00f4me Morissette \u00a0\u00a017 \u00a0Doroth\u00e9e Couture \u00a018 \u00a0Kirkov<\/p>\n<p>19 \u00a0Fran\u00e7ois \u00a020 Renald Brisebois \u00a0\u00a021 Monique Brisebois<\/p>\n<p>22 \u00a0Roger Fournier \u00a023 \u00a0Pauline Taschereau<\/p>\n<p>24 \u00a0C\u00e9line Lapointe G. \u00a025 \u00a0&#8230; \u00a026 Jacques Sylvain<\/p>\n<p><a href=\"https:\/\/www.galeriebecot.com\/wp-content\/uploads\/2019\/12\/Noel200.jpg\"><img loading=\"lazy\" decoding=\"async\" class=\"alignnone size-full wp-image-12186\" src=\"https:\/\/www.galeriebecot.com\/wp-content\/uploads\/2019\/12\/Noel200.jpg\" alt=\"\" width=\"429\" height=\"632\" srcset=\"https:\/\/galeriebecot.com\/wp-content\/uploads\/2019\/12\/Noel200.jpg 429w, https:\/\/galeriebecot.com\/wp-content\/uploads\/2019\/12\/Noel200-204x300.jpg 204w\" sizes=\"auto, (max-width: 429px) 100vw, 429px\" \/><\/a><\/p>\n<p>1 Gilles B\u00e9rub\u00e9 \u00a02 \u00a0Andr\u00e9 B\u00e9cot \u00a03 \u00a0Don Darby<\/p>\n<p>4 \u00a0Kl\u00f6dy Tremblay \u00a05 \u00a0Katy\u00a0 Rioux \u00a06 \u00a0Odette Malouin<\/p>\n<p>7\u00a0 Murielle Magnan \u00a08 Serge Philippe Tremblay \u00a09 Marie Claude Lehoux<\/p>\n<p>10 Renald Brisebois \u00a011 H\u00e9l\u00e8ne Cloutier 12 Serge Philippe Tremblay<\/p>\n<p><a href=\"https:\/\/www.galeriebecot.com\/?p=11086\"><img loading=\"lazy\" decoding=\"async\" class=\"alignnone wp-image-12080\" src=\"https:\/\/www.galeriebecot.com\/wp-content\/uploads\/2019\/11\/Lumier1000-688x1024.jpg\" alt=\"\" width=\"316\" height=\"537\" \/><\/a><\/p>\n<p><a href=\"https:\/\/www.galeriebecot.com\/wp-content\/uploads\/2019\/12\/souhait.jpg\"><img loading=\"lazy\" decoding=\"async\" class=\"alignnone wp-image-12150\" src=\"https:\/\/www.galeriebecot.com\/wp-content\/uploads\/2019\/12\/souhait.jpg\" alt=\"\" width=\"316\" height=\"314\" \/><\/a><\/p>\n<p>\u00c0 l&rsquo;aube du Nouvel An, acceptez de tout coeur les <b>voeux<\/b> les plus chaleureux <b>pour<\/b> une ann\u00e9e exceptionnelle! <b>Meilleurs Voeux<\/b>! Que la paix et la joie de cette <b>F\u00eate<\/b> soient avec vous tous les jours de l&rsquo;Ann\u00e9e nouvelle!<\/p>\n<p><a href=\"https:\/\/www.galeriebecot.com\/wp-content\/uploads\/2019\/12\/Noel-vers-le-futur-OKOK1973.jpg\"><img loading=\"lazy\" decoding=\"async\" class=\"alignnone size-full wp-image-12166\" src=\"https:\/\/www.galeriebecot.com\/wp-content\/uploads\/2019\/12\/Noel-vers-le-futur-OKOK1973.jpg\" alt=\"\" width=\"698\" height=\"770\" srcset=\"https:\/\/galeriebecot.com\/wp-content\/uploads\/2019\/12\/Noel-vers-le-futur-OKOK1973.jpg 698w, https:\/\/galeriebecot.com\/wp-content\/uploads\/2019\/12\/Noel-vers-le-futur-OKOK1973-272x300.jpg 272w\" sizes=\"auto, (max-width: 698px) 100vw, 698px\" \/><\/a><\/p>\n<p>Je crois que cela restera l&rsquo;un de mes plus beaux souvenirs du C\u00e9gep Sainte Foy. J&rsquo;avais 25 ans, une \u00e9quipe fantastique et des millions de projets en t\u00eate. ( <em>Andr\u00e9 B\u00e9cot<\/em>)<\/p>\n<p>Cr\u00e9dit photo : <em>Claude Bureau<\/em><\/p>\n<p><a href=\"https:\/\/www.galeriebecot.com\/wp-content\/uploads\/2019\/12\/Cegep.jpg\"><img loading=\"lazy\" decoding=\"async\" class=\"alignnone size-full wp-image-12916\" src=\"https:\/\/www.galeriebecot.com\/wp-content\/uploads\/2019\/12\/Cegep.jpg\" alt=\"\" width=\"675\" height=\"462\" srcset=\"https:\/\/galeriebecot.com\/wp-content\/uploads\/2019\/12\/Cegep.jpg 675w, https:\/\/galeriebecot.com\/wp-content\/uploads\/2019\/12\/Cegep-300x205.jpg 300w\" sizes=\"auto, (max-width: 675px) 100vw, 675px\" \/><\/a><\/p>\n<p style=\"text-align: center;\"><em>Professeur : Andr\u00e9 B\u00e9cot : C\u00e9gep de Sainte-Foy \u00a0en 1986-87 (Arts Visuels)<\/em><\/p>\n\n\n<figure class=\"wp-block-image size-large\"><img loading=\"lazy\" decoding=\"async\" width=\"1024\" height=\"856\" src=\"https:\/\/www.galeriebecot.com\/wp-content\/uploads\/2021\/02\/Suzanne-et-son-groupe--1024x856.jpg\" alt=\"\" class=\"wp-image-14185\" srcset=\"https:\/\/galeriebecot.com\/wp-content\/uploads\/2021\/02\/Suzanne-et-son-groupe--1024x856.jpg 1024w, https:\/\/galeriebecot.com\/wp-content\/uploads\/2021\/02\/Suzanne-et-son-groupe--300x251.jpg 300w, https:\/\/galeriebecot.com\/wp-content\/uploads\/2021\/02\/Suzanne-et-son-groupe--768x642.jpg 768w, https:\/\/galeriebecot.com\/wp-content\/uploads\/2021\/02\/Suzanne-et-son-groupe--1536x1284.jpg 1536w, https:\/\/galeriebecot.com\/wp-content\/uploads\/2021\/02\/Suzanne-et-son-groupe-.jpg 1877w\" sizes=\"auto, (max-width: 1024px) 100vw, 1024px\" \/><\/figure>\n\n\n\n<p class=\"wp-block-paragraph\"><\/p>\n","protected":false},"excerpt":{"rendered":"<p>D\u00e9jeuner de No\u00ebl au Krieghoff , le mardi 17 d\u00e9cembre 2019. Que la F\u00eate de No\u00ebl t&rsquo;apporte tout ce que tu veux: Bien du plaisir et des surprises . .&hellip; <\/p>\n","protected":false},"author":1,"featured_media":0,"comment_status":"open","ping_status":"open","sticky":false,"template":"","format":"standard","meta":{"_exactmetrics_skip_tracking":false,"_exactmetrics_sitenote_active":false,"_exactmetrics_sitenote_note":"","_exactmetrics_sitenote_category":0,"footnotes":""},"categories":[27],"tags":[3055,3043,34,701,3044,3052,3042,67,3056,3057,1857,3041,3047,3046,58,3051,3054,3050,3045,3053,3048,37,3049,40],"class_list":["post-12145","post","type-post","status-publish","format-standard","hentry","category-artistes","tag-adrienne-bouchard","tag-alain-richard","tag-andre-becot","tag-andre-becotte","tag-bernard-lamy","tag-claude-bureau","tag-claude-poulin","tag-club-des-collectionneurs-en-arts-visuels-de-quebec-marc-bellemare","tag-daniel-caplain","tag-daniel-thibeault","tag-elise-dumais","tag-gilles-bouchard","tag-helene-bedard","tag-jacques-harvey","tag-marc-bellemare-collectionneur","tag-maurice-assier","tag-maurice-poulin","tag-michel-cloutier","tag-monsieur-daigle","tag-pierre-filteau","tag-robert-muckle","tag-studio-becot","tag-suzanne-martel","tag-visuals-arts"],"_links":{"self":[{"href":"https:\/\/galeriebecot.com\/index.php?rest_route=\/wp\/v2\/posts\/12145","targetHints":{"allow":["GET"]}}],"collection":[{"href":"https:\/\/galeriebecot.com\/index.php?rest_route=\/wp\/v2\/posts"}],"about":[{"href":"https:\/\/galeriebecot.com\/index.php?rest_route=\/wp\/v2\/types\/post"}],"author":[{"embeddable":true,"href":"https:\/\/galeriebecot.com\/index.php?rest_route=\/wp\/v2\/users\/1"}],"replies":[{"embeddable":true,"href":"https:\/\/galeriebecot.com\/index.php?rest_route=%2Fwp%2Fv2%2Fcomments&post=12145"}],"version-history":[{"count":42,"href":"https:\/\/galeriebecot.com\/index.php?rest_route=\/wp\/v2\/posts\/12145\/revisions"}],"predecessor-version":[{"id":14196,"href":"https:\/\/galeriebecot.com\/index.php?rest_route=\/wp\/v2\/posts\/12145\/revisions\/14196"}],"wp:attachment":[{"href":"https:\/\/galeriebecot.com\/index.php?rest_route=%2Fwp%2Fv2%2Fmedia&parent=12145"}],"wp:term":[{"taxonomy":"category","embeddable":true,"href":"https:\/\/galeriebecot.com\/index.php?rest_route=%2Fwp%2Fv2%2Fcategories&post=12145"},{"taxonomy":"post_tag","embeddable":true,"href":"https:\/\/galeriebecot.com\/index.php?rest_route=%2Fwp%2Fv2%2Ftags&post=12145"}],"curies":[{"name":"wp","href":"https:\/\/api.w.org\/{rel}","templated":true}]}}