{"id":12007,"date":"2019-11-23T10:00:46","date_gmt":"2019-11-23T15:00:46","guid":{"rendered":"http:\/\/www.clubdescollectionneursenartsvisuelsdequebec.com\/?p=12007"},"modified":"2019-11-27T10:15:06","modified_gmt":"2019-11-27T15:15:06","slug":"12007","status":"publish","type":"post","link":"https:\/\/galeriebecot.com\/?p=12007","title":{"rendered":"Expo-vente \u00e0 l&rsquo;atelier Circulaire &#8230;.!"},"content":{"rendered":"<p><a href=\"https:\/\/ateliercirculaire.org\/project\/pret-a-emporter_2019\/\"><img loading=\"lazy\" decoding=\"async\" class=\"alignnone size-full wp-image-12009\" src=\"https:\/\/www.galeriebecot.com\/wp-content\/uploads\/2019\/11\/Circulaire.jpg\" alt=\"\" width=\"432\" height=\"243\" srcset=\"https:\/\/galeriebecot.com\/wp-content\/uploads\/2019\/11\/Circulaire.jpg 432w, https:\/\/galeriebecot.com\/wp-content\/uploads\/2019\/11\/Circulaire-300x169.jpg 300w\" sizes=\"auto, (max-width: 432px) 100vw, 432px\" \/><\/a><\/p>\n<p><a href=\"https:\/\/ateliercirculaire.org\/project\/pret-a-emporter_2019\/\">L\u2019Atelier Circulaire est heureux d\u2019annoncer la prochaine \u00e9dition de Pr\u00eat-\u00e0-emporter, une activit\u00e9 b\u00e9n\u00e9fice ouverte \u00e0 tous et festive. La soir\u00e9e d&rsquo;ouverture aura lieu le\u00a0jeudi 28 novembre 2019, \u00e0 partir de 17h.<\/a><\/p>\n<p>Ce rendez-vous annuel incontournable de l\u2019art imprim\u00e9 est l\u2019occasion d\u2019acqu\u00e9rir des \u0153uvres tout en appuyant l\u2019Atelier Circulaire dans son action en faveur des artistes.<\/p>\n<p>Le principe de Pr\u00eat-\u00e0-emporter est simple : venez comme vous \u00eates et emportez directement l&rsquo;\u0153uvre que vous venez d&rsquo;acheter ! Le premier arriv\u00e9 est le premier servi !<\/p>\n<p>Que vous soyez amateur d&rsquo;art ou collectionneur chevronn\u00e9, vous trouverez forc\u00e9ment la perle rare dans\u00a0un choix extraordinaire d\u2019\u0153uvres\u00a0de toutes techniques d&rsquo;art imprim\u00e9, cr\u00e9\u00e9es par des artistes aux profils vari\u00e9s et \u00e0 des prix abordables (minimum de 50$).<\/p>\n<p>Cette ann\u00e9e, la\u00a0formule est renouvel\u00e9e\u00a0par un focus sur une s\u00e9lection d\u2019\u0153uvres d&rsquo;artistes-membres et d&rsquo;invit\u00e9s prestigieux ainsi qu&rsquo;une nouvelle sc\u00e9nographie&#8230;&#8230;&#8230;&#8230;.<\/p>\n<div><strong>Liste des artistes participants :<\/strong><\/div>\n<div>Hannah\u00a0Alpha, Maude\u00a0Arsenault, S\u00e9bastien\u00a0Aubin, Jo-Anne\u00a0Balcaen, Chlo\u00e9\u00a0Beaulac, St\u00e9phanie\u00a0B\u00e9liveau, Naomi\u00a0Bellos, Mich\u00e8le\u00a0B\u00e9rard, Caroline Ariane\u00a0Bergeron, Marie-France\u00a0Bertrand, Catherine\u00a0Bodmer,\u00a0Bosny, Louis-Pierre\u00a0Bougie, Ann Karine\u00a0Bourdeau Leduc, Sylvain\u00a0Bouthillette, Solange J.\u00a0Brodeur, Zahra\u00a0Buali, Jason\u00a0Cantoro, Wah Wing\u00a0Chan, Jos\u00e9e\u00a0Charbonneau, Xavier\u00a0Charbonneau Gravel, Marianne\u00a0Chevalier, Jonathan\u00a0Chomko, Jean Michel\u00a0Cropsal, Ren\u00e9\u00a0Derouin, Isabelle\u00a0Desjardins, Ren\u00e9\u00a0Donais, Pierre\u00a0Durette, \u00c9lisabeth\u00a0Eudes-Pascal, Catherine\u00a0Farish, Charlotte\u00a0Fauteux, Francesca\u00a0Fiaschi, Alexandre\u00a0Fortin, Marc\u00a0Garneau, Ren\u00e9e\u00a0G\u00e9linas, Roberto\u00a0Godoy, Trevor\u00a0Gould, Christian\u00a0Gravel, Talleen\u00a0Hacikyan, Dil\u00a0Hilderbrand, Astrid\u00a0Ho, Marcel\u00a0Huguet, Reid\u00a0Jenkins, Diane\u00a0Jutras, Judith\u00a0Klugerman, Andr\u00e9e\u00a0Lebel, Madeleine\u00a0Leduc, Fran\u00e7oise\u00a0Legris, No\u00e9mie\u00a0Lesquins, Marie-Anne\u00a0Letarte, Jean\u00a0Mailloux, Paule\u00a0Mainguy, Denis\u00a0Malo, Myriam\u00a0Maltais, Ann\u00a0McCall, Francine\u00a0Metth\u00e9, Luce\u00a0Meunier,\u00a0Guido\u00a0Molinari, Fran\u00e7ois\u00a0Morelli, Maurice\u00a0Murphy, Xavier\u00a0Orssaud, Mich\u00e8le\u00a0Ouellet, Gloria\u00a0Palacio, Emma\u00a0Pallay, Rolande\u00a0Pelletier, Jonathan\u00a0Plante, Jean-Beno\u00eet\u00a0Pouliot, Laurence\u00a0Pr\u00e9vost, Michael\u00a0Reinhart, Nathalie\u00a0Reis, H\u00e9l\u00e8ne\u00a0Routhier, Amery\u00a0Sandford, Sayeh\u00a0Sarfaraz, Yamina\u00a0Sekhri, Tobie\u00a0Steinhouse, Daniel\u00a0Sylvestre, Bahar\u00a0Taheri, Zdravka\u00a0Tchakaloff, Jacinthe\u00a0T\u00e9trault, Serge\u00a0Tousignant, Susie\u00a0Veroff, Fran\u00e7ois\u00a0VincentExpo-vente<\/div>\n","protected":false},"excerpt":{"rendered":"<p>L\u2019Atelier Circulaire est heureux d\u2019annoncer la prochaine \u00e9dition de Pr\u00eat-\u00e0-emporter, une activit\u00e9 b\u00e9n\u00e9fice ouverte \u00e0 tous et festive. La soir\u00e9e d&rsquo;ouverture aura lieu le\u00a0jeudi 28 novembre 2019, \u00e0 partir de&hellip; <\/p>\n","protected":false},"author":1,"featured_media":0,"comment_status":"open","ping_status":"open","sticky":false,"template":"","format":"standard","meta":{"_exactmetrics_skip_tracking":false,"_exactmetrics_sitenote_active":false,"_exactmetrics_sitenote_note":"","_exactmetrics_sitenote_category":0,"footnotes":""},"categories":[1],"tags":[2949,2981,34,2959,2931,2968,2954,2984,2930,2927,2929,2946,2947,2923,1260,6,2983,2966,2957,2953,2945,2974,2948,2969,996,1263,2961,2973,547,2919,2980,2942,2986,2935,2964,2941,2976,2922,2940,2975,2937,2958,2977,632,692,2960,58,1259,2955,2939,2963,2928,2920,2970,2978,2926,2972,2967,2925,2979,2962,2965,2944,2956,1399,2943,2058,2950,267,481,2921,2987,2933,2924,37,2988,2932,2952,1784,2951,40,2936,2938,2971,2982,2934,2985],"class_list":["post-12007","post","type-post","status-publish","format-standard","hentry","category-non-classe","tag-alexandre-fortin","tag-amery-sandford","tag-andre-becot","tag-andree-lebel","tag-ann-karine-bourdeau-leduc","tag-ann-mccall","tag-astrid-ho","tag-bahar-taheri","tag-bosny","tag-caroline-ariane-bergeron","tag-catherine-bodmer","tag-catherine-farish","tag-charlotte-fauteux","tag-chloe-beaulac","tag-christian-gravel","tag-club-des-collectionneurs-en-arts-visuels-de-quebec","tag-daniel-sylvestre","tag-denis-malo","tag-diane-jutras","tag-dil-hilderbrand","tag-elisabeth-eudes-pascal","tag-emma-pallay","tag-francesca-fiaschi","tag-francine-metthe","tag-francois-morelli","tag-francois-vincent","tag-francoise-legris","tag-gloria-palacio","tag-guido-molinari","tag-hannah-alpha","tag-helene-routhier","tag-isabelle-desjardins","tag-jacinthe-tetrault","tag-jason-cantoro","tag-jean-mailloux","tag-jean-michel-cropsal","tag-jean-benoit-pouliot","tag-jo-anne-balcaen","tag-jonathan-chomko","tag-jonathan-plante","tag-josee-charbonneau","tag-judith-klugerman","tag-laurence-prevost","tag-louis-pierre-bougie","tag-luce-meunier","tag-madeleine-leduc","tag-marc-bellemare-collectionneur","tag-marc-garneau","tag-marcel-huguet","tag-marianne-chevalier","tag-marie-anne-letarte","tag-marie-france-bertrand","tag-maude-arsenault","tag-maurice-murphy","tag-michael-reinhart","tag-michele-berard","tag-michele-ouellet","tag-myriam-maltais","tag-naomi-bellos","tag-nathalie-reis","tag-noemie-lesquins","tag-paule-mainguy","tag-pierre-durette","tag-reid-jenkins","tag-rene-derouin","tag-rene-donais","tag-renee-gelinas","tag-roberto-godoy","tag-rolande-pelletier","tag-sayeh-sarfaraz","tag-sebastien-aubin","tag-serge-tousignant","tag-solange-j-brodeur","tag-stephanie-beliveau","tag-studio-becot","tag-susie-veroff","tag-sylvain-bouthillette","tag-talleen-hacikyan","tag-tobie-steinhouse","tag-trevor-gould","tag-visuals-arts","tag-wah-wing-chan","tag-xavier-charbonneau-gravel","tag-xavier-orssaud","tag-yamina-sekhri","tag-zahra-buali","tag-zdravka-tchakaloff"],"_links":{"self":[{"href":"https:\/\/galeriebecot.com\/index.php?rest_route=\/wp\/v2\/posts\/12007","targetHints":{"allow":["GET"]}}],"collection":[{"href":"https:\/\/galeriebecot.com\/index.php?rest_route=\/wp\/v2\/posts"}],"about":[{"href":"https:\/\/galeriebecot.com\/index.php?rest_route=\/wp\/v2\/types\/post"}],"author":[{"embeddable":true,"href":"https:\/\/galeriebecot.com\/index.php?rest_route=\/wp\/v2\/users\/1"}],"replies":[{"embeddable":true,"href":"https:\/\/galeriebecot.com\/index.php?rest_route=%2Fwp%2Fv2%2Fcomments&post=12007"}],"version-history":[{"count":7,"href":"https:\/\/galeriebecot.com\/index.php?rest_route=\/wp\/v2\/posts\/12007\/revisions"}],"predecessor-version":[{"id":12016,"href":"https:\/\/galeriebecot.com\/index.php?rest_route=\/wp\/v2\/posts\/12007\/revisions\/12016"}],"wp:attachment":[{"href":"https:\/\/galeriebecot.com\/index.php?rest_route=%2Fwp%2Fv2%2Fmedia&parent=12007"}],"wp:term":[{"taxonomy":"category","embeddable":true,"href":"https:\/\/galeriebecot.com\/index.php?rest_route=%2Fwp%2Fv2%2Fcategories&post=12007"},{"taxonomy":"post_tag","embeddable":true,"href":"https:\/\/galeriebecot.com\/index.php?rest_route=%2Fwp%2Fv2%2Ftags&post=12007"}],"curies":[{"name":"wp","href":"https:\/\/api.w.org\/{rel}","templated":true}]}}