{"id":11966,"date":"2019-11-21T22:19:14","date_gmt":"2019-11-22T03:19:14","guid":{"rendered":"http:\/\/www.clubdescollectionneursenartsvisuelsdequebec.com\/?p=11966"},"modified":"2019-11-26T12:57:14","modified_gmt":"2019-11-26T17:57:14","slug":"pierre-soulages","status":"publish","type":"post","link":"https:\/\/galeriebecot.com\/?p=11966","title":{"rendered":"Pierre Soulages"},"content":{"rendered":"<header>\n<p class=\"author\" style=\"text-align: left;\"><span class=\"name\">JEAN-LOUIS DE LA VAISSIERE<\/span><br \/>\n<span class=\"organization\">AGENCE FRANCE-PRESSE<\/span><\/p>\n<\/header>\n<div class=\"articleBody\">\n<p class=\"lead\">\u00c0 99 ans, dans sa villa perch\u00e9e au dessus de S\u00e8te, Pierre Soulages continue de travailler sans \u00e9couter ses maux et se pr\u00e9pare \u00e0 une r\u00e9trospective au Louvre, couronnement de son oeuvre en d\u00e9cembre, mois de son centenaire.<\/p>\n<p class=\"paragraph\">Il avance \u00e0 pas lents mais continue \u00e0 peindre chaque fois qu&rsquo;il en a la force dans son atelier situ\u00e9 sous sa villa. Pierre Soulages peut compter sur le soutien attentif de Colette, sa femme, de quelques mois plus jeune, l&rsquo;oeil p\u00e9tillant de sollicitude et d&rsquo;intelligence, apr\u00e8s 77 ans de mariage.<\/p>\n<p class=\"paragraph\">\u00c0 la question s&rsquo;il \u00abtravaille encore\u00bb, le cr\u00e9ateur de l&rsquo;Outrenoir r\u00e9torque un brin piqu\u00e9: \u00abMais je travaille toujours\u202f!\u00bb.<\/p>\n<p class=\"paragraph\">Ils sont tous deux v\u00eatus de noir, mais ne semblent pas du tout en deuil. \u00c0 travers les baies de sa v\u00e9randa rectangulaire, la M\u00e9diterran\u00e9e \u00e9tincelle et apporte un sentiment de paix.<\/p>\n<p class=\"paragraph\">\u00abIl y a deux mois, confie-t-il \u00e0 l&rsquo;AFP, je ne pouvais me lever, \u00e0 cause de mon dos. Je compte retourner dans mon atelier \u00e0 Paris quand je le pourrai\u00bb.<\/p>\n<p class=\"paragraph\">\u00abLe Louvre m&rsquo;a propos\u00e9 une exposition et j&rsquo;ai accept\u00e9. Ils d\u00e9crochent la totalit\u00e9 du Salon carr\u00e9 pour moi\u00bb, dit cet homme g\u00e9ant et massif, avec fiert\u00e9. Jean-Luc Martinez, le directeur du Louvre, est venu \u00e0 S\u00e8te. Des pr\u00eats des plus grands mus\u00e9es seront au rendez-vous.<\/p>\n<div id=\"div_telaria_outstream\" class=\"slimcut\"><\/div>\n<p class=\"paragraph\">\u00abPierre travaille sur le projet d&rsquo;une grande toile. Il y pense la nuit. Une toile \u00e0 accrocher dans un espace rest\u00e9 libre de l&rsquo;exposition\u00bb, confie son \u00e9pouse.<\/p>\n<p class=\"paragraph\">\u00abL&rsquo;extraordinaire, ce n&rsquo;est pas tant qu&rsquo;il peigne, c&rsquo;est qu&rsquo;il continue \u00e0 chercher, \u00e0 r\u00e9fl\u00e9chir. Il voit des choses qu&rsquo;on ne voit pas\u00bb, constate un ami de passage.<\/p>\n<p class=\"paragraph\">Pour Soulages qui a eu d\u00e8s les ann\u00e9es 50 une notori\u00e9t\u00e9 aux \u00c9tats-Unis, il y a aussi un projet d&rsquo;exposition du galeriste Emmanuel Perrotin dans un nouvel espace \u00e0 New York. Mais \u00abje crois qu&rsquo;il n&rsquo;y arrivera pas\u00bb, l\u00e2che-t-il dubitatif<\/p>\n<p><a href=\"https:\/\/www.lemonde.fr\/culture\/article\/2019\/11\/24\/pierre-soulages-dans-ma-centieme-annee-j-ai-toujours-du-plaisir-a-peindre_6020305_3246.html?fbclid=IwAR3fEka0sHBdvM-1nzYkAHAl9MngM-b40TgkzYcWSblYrPlAGg399vCE0kE\"><img loading=\"lazy\" decoding=\"async\" class=\"alignnone size-full wp-image-12005\" src=\"https:\/\/www.galeriebecot.com\/wp-content\/uploads\/2019\/11\/Soulages-11.jpg\" alt=\"\" width=\"698\" height=\"627\" srcset=\"https:\/\/galeriebecot.com\/wp-content\/uploads\/2019\/11\/Soulages-11.jpg 698w, https:\/\/galeriebecot.com\/wp-content\/uploads\/2019\/11\/Soulages-11-300x269.jpg 300w\" sizes=\"auto, (max-width: 698px) 100vw, 698px\" \/><\/a><\/p>\n<\/div>\n<p><iframe loading=\"lazy\" width=\"700\" height=\"394\" src=\"https:\/\/www.youtube.com\/embed\/Ol9kfl5eX7k?feature=oembed\" frameborder=\"0\" allow=\"accelerometer; autoplay; encrypted-media; gyroscope; picture-in-picture\" allowfullscreen><\/iframe><\/p>\n","protected":false},"excerpt":{"rendered":"<p>JEAN-LOUIS DE LA VAISSIERE AGENCE FRANCE-PRESSE \u00c0 99 ans, dans sa villa perch\u00e9e au dessus de S\u00e8te, Pierre Soulages continue de travailler sans \u00e9couter ses maux et se pr\u00e9pare \u00e0&hellip; <\/p>\n","protected":false},"author":1,"featured_media":0,"comment_status":"open","ping_status":"open","sticky":false,"template":"","format":"standard","meta":{"_exactmetrics_skip_tracking":false,"_exactmetrics_sitenote_active":false,"_exactmetrics_sitenote_note":"","_exactmetrics_sitenote_category":0,"footnotes":""},"categories":[20,27],"tags":[34,67,66,35,2918,37,40],"class_list":["post-11966","post","type-post","status-publish","format-standard","hentry","category-article-descriptif","category-artistes","tag-andre-becot","tag-club-des-collectionneurs-en-arts-visuels-de-quebec-marc-bellemare","tag-club-des-collectionneurs-en-arts-visuels-de-quebec-studio-becot","tag-foire-en-arts-actuel","tag-le-monde","tag-studio-becot","tag-visuals-arts"],"_links":{"self":[{"href":"https:\/\/galeriebecot.com\/index.php?rest_route=\/wp\/v2\/posts\/11966","targetHints":{"allow":["GET"]}}],"collection":[{"href":"https:\/\/galeriebecot.com\/index.php?rest_route=\/wp\/v2\/posts"}],"about":[{"href":"https:\/\/galeriebecot.com\/index.php?rest_route=\/wp\/v2\/types\/post"}],"author":[{"embeddable":true,"href":"https:\/\/galeriebecot.com\/index.php?rest_route=\/wp\/v2\/users\/1"}],"replies":[{"embeddable":true,"href":"https:\/\/galeriebecot.com\/index.php?rest_route=%2Fwp%2Fv2%2Fcomments&post=11966"}],"version-history":[{"count":6,"href":"https:\/\/galeriebecot.com\/index.php?rest_route=\/wp\/v2\/posts\/11966\/revisions"}],"predecessor-version":[{"id":12006,"href":"https:\/\/galeriebecot.com\/index.php?rest_route=\/wp\/v2\/posts\/11966\/revisions\/12006"}],"wp:attachment":[{"href":"https:\/\/galeriebecot.com\/index.php?rest_route=%2Fwp%2Fv2%2Fmedia&parent=11966"}],"wp:term":[{"taxonomy":"category","embeddable":true,"href":"https:\/\/galeriebecot.com\/index.php?rest_route=%2Fwp%2Fv2%2Fcategories&post=11966"},{"taxonomy":"post_tag","embeddable":true,"href":"https:\/\/galeriebecot.com\/index.php?rest_route=%2Fwp%2Fv2%2Ftags&post=11966"}],"curies":[{"name":"wp","href":"https:\/\/api.w.org\/{rel}","templated":true}]}}