{"id":11866,"date":"2019-11-13T13:52:16","date_gmt":"2019-11-13T18:52:16","guid":{"rendered":"http:\/\/www.clubdescollectionneursenartsvisuelsdequebec.com\/?p=11866"},"modified":"2019-11-16T11:29:50","modified_gmt":"2019-11-16T16:29:50","slug":"date-importante-ce-vendredi-15-novembre-2019-pour-le-marche-de-lart","status":"publish","type":"post","link":"https:\/\/galeriebecot.com\/?p=11866","title":{"rendered":"Date importante ce vendredi 15 novembre 2019, pour le march\u00e9 de l&rsquo;art."},"content":{"rendered":"<p><a href=\"https:\/\/www.galeriebecot.com\/wp-content\/uploads\/2019\/11\/Oeuvre-1.jpg\"><img loading=\"lazy\" decoding=\"async\" class=\"alignnone size-large wp-image-11867\" src=\"https:\/\/www.galeriebecot.com\/wp-content\/uploads\/2019\/11\/Oeuvre-1-1024x906.jpg\" alt=\"\" width=\"700\" height=\"619\" srcset=\"https:\/\/galeriebecot.com\/wp-content\/uploads\/2019\/11\/Oeuvre-1-1024x906.jpg 1024w, https:\/\/galeriebecot.com\/wp-content\/uploads\/2019\/11\/Oeuvre-1-300x265.jpg 300w, https:\/\/galeriebecot.com\/wp-content\/uploads\/2019\/11\/Oeuvre-1-768x679.jpg 768w, https:\/\/galeriebecot.com\/wp-content\/uploads\/2019\/11\/Oeuvre-1.jpg 1091w\" sizes=\"auto, (max-width: 700px) 100vw, 700px\" \/><\/a><\/p>\n<p>Deux tableaux r\u00e9alis\u00e9s avec des<strong> techniques de l&rsquo;intelligence artificielle<\/strong> seront mis en vente aux ench\u00e8res le 15 novembre 2019 chez <strong>Sotheby&rsquo;s.<\/strong><\/p>\n<p><a href=\"https:\/\/www.galeriebecot.com\/wp-content\/uploads\/2019\/11\/Oeuvre2.jpg\"><img loading=\"lazy\" decoding=\"async\" class=\"alignnone size-full wp-image-11868\" src=\"https:\/\/www.galeriebecot.com\/wp-content\/uploads\/2019\/11\/Oeuvre2.jpg\" alt=\"\" width=\"742\" height=\"493\" srcset=\"https:\/\/galeriebecot.com\/wp-content\/uploads\/2019\/11\/Oeuvre2.jpg 742w, https:\/\/galeriebecot.com\/wp-content\/uploads\/2019\/11\/Oeuvre2-300x199.jpg 300w\" sizes=\"auto, (max-width: 742px) 100vw, 742px\" \/><\/a><\/p>\n<h3><a href=\"https:\/\/www.galeriebecot.com\/?p=11086\">Vernissage chez B\u00e9cot ce soir le 15 novembre 2019 \u00a0Formule 5@7 &#8230;Bienvenue \u00e0 tous !<\/a><\/h3>\n","protected":false},"excerpt":{"rendered":"<p>Deux tableaux r\u00e9alis\u00e9s avec des techniques de l&rsquo;intelligence artificielle seront mis en vente aux ench\u00e8res le 15 novembre 2019 chez Sotheby&rsquo;s. Vernissage chez B\u00e9cot ce soir le 15 novembre 2019&hellip; <\/p>\n","protected":false},"author":1,"featured_media":0,"comment_status":"open","ping_status":"open","sticky":false,"template":"","format":"standard","meta":{"_exactmetrics_skip_tracking":false,"_exactmetrics_sitenote_active":false,"_exactmetrics_sitenote_note":"","_exactmetrics_sitenote_category":0,"footnotes":""},"categories":[27,18],"tags":[34,735,6,2875,2874,58,1463,37,40],"class_list":["post-11866","post","type-post","status-publish","format-standard","hentry","category-artistes","category-evenement","tag-andre-becot","tag-artistes","tag-club-des-collectionneurs-en-arts-visuels-de-quebec","tag-ia","tag-intelligence-artificielle","tag-marc-bellemare-collectionneur","tag-sothebys","tag-studio-becot","tag-visuals-arts"],"_links":{"self":[{"href":"https:\/\/galeriebecot.com\/index.php?rest_route=\/wp\/v2\/posts\/11866","targetHints":{"allow":["GET"]}}],"collection":[{"href":"https:\/\/galeriebecot.com\/index.php?rest_route=\/wp\/v2\/posts"}],"about":[{"href":"https:\/\/galeriebecot.com\/index.php?rest_route=\/wp\/v2\/types\/post"}],"author":[{"embeddable":true,"href":"https:\/\/galeriebecot.com\/index.php?rest_route=\/wp\/v2\/users\/1"}],"replies":[{"embeddable":true,"href":"https:\/\/galeriebecot.com\/index.php?rest_route=%2Fwp%2Fv2%2Fcomments&post=11866"}],"version-history":[{"count":4,"href":"https:\/\/galeriebecot.com\/index.php?rest_route=\/wp\/v2\/posts\/11866\/revisions"}],"predecessor-version":[{"id":11872,"href":"https:\/\/galeriebecot.com\/index.php?rest_route=\/wp\/v2\/posts\/11866\/revisions\/11872"}],"wp:attachment":[{"href":"https:\/\/galeriebecot.com\/index.php?rest_route=%2Fwp%2Fv2%2Fmedia&parent=11866"}],"wp:term":[{"taxonomy":"category","embeddable":true,"href":"https:\/\/galeriebecot.com\/index.php?rest_route=%2Fwp%2Fv2%2Fcategories&post=11866"},{"taxonomy":"post_tag","embeddable":true,"href":"https:\/\/galeriebecot.com\/index.php?rest_route=%2Fwp%2Fv2%2Ftags&post=11866"}],"curies":[{"name":"wp","href":"https:\/\/api.w.org\/{rel}","templated":true}]}}