{"id":11742,"date":"2019-10-31T14:40:16","date_gmt":"2019-10-31T18:40:16","guid":{"rendered":"http:\/\/www.clubdescollectionneursenartsvisuelsdequebec.com\/?p=11742"},"modified":"2019-11-05T14:57:43","modified_gmt":"2019-11-05T19:57:43","slug":"exposition-amitie-japon-quebec","status":"publish","type":"post","link":"https:\/\/galeriebecot.com\/?p=11742","title":{"rendered":"Exposition amiti\u00e9 Japon Qu\u00e9bec"},"content":{"rendered":"<p><a href=\"https:\/\/www.galeriebecot.com\/wp-content\/uploads\/2019\/10\/Canada-Japon2.jpg\"><img loading=\"lazy\" decoding=\"async\" class=\"alignnone size-large wp-image-11743\" src=\"https:\/\/www.galeriebecot.com\/wp-content\/uploads\/2019\/10\/Canada-Japon2-786x1024.jpg\" alt=\"\" width=\"700\" height=\"912\" srcset=\"https:\/\/galeriebecot.com\/wp-content\/uploads\/2019\/10\/Canada-Japon2-786x1024.jpg 786w, https:\/\/galeriebecot.com\/wp-content\/uploads\/2019\/10\/Canada-Japon2-230x300.jpg 230w, https:\/\/galeriebecot.com\/wp-content\/uploads\/2019\/10\/Canada-Japon2-768x1000.jpg 768w, https:\/\/galeriebecot.com\/wp-content\/uploads\/2019\/10\/Canada-Japon2.jpg 1500w\" sizes=\"auto, (max-width: 700px) 100vw, 700px\" \/><\/a><\/p>\n<p>Exposition amiti\u00e9 Japon Qu\u00e9bec<\/p>\n<p>Domaine Maizerets, Qu\u00e9bec<\/p>\n<p>Vernissage : le samedi 9 novembre , de 16h \u00e0 18h.<\/p>\n<p>Sylvie Grondin,Francine Vernac, Gabriel Lalonde, Jean-Jacques Hudon, G\u00e9rald Gallant et Sylvie Durand<\/p>\n<p>&nbsp;<\/p>\n<p><a href=\"https:\/\/www.galeriebecot.com\/wp-content\/uploads\/2019\/10\/Canada-Japon1.jpg\"><img loading=\"lazy\" decoding=\"async\" class=\"alignnone size-full wp-image-11744\" src=\"https:\/\/www.galeriebecot.com\/wp-content\/uploads\/2019\/10\/Canada-Japon1.jpg\" alt=\"\" width=\"774\" height=\"973\" srcset=\"https:\/\/galeriebecot.com\/wp-content\/uploads\/2019\/10\/Canada-Japon1.jpg 774w, https:\/\/galeriebecot.com\/wp-content\/uploads\/2019\/10\/Canada-Japon1-239x300.jpg 239w, https:\/\/galeriebecot.com\/wp-content\/uploads\/2019\/10\/Canada-Japon1-768x965.jpg 768w\" sizes=\"auto, (max-width: 774px) 100vw, 774px\" \/><\/a><\/p>\n","protected":false},"excerpt":{"rendered":"<p>Exposition amiti\u00e9 Japon Qu\u00e9bec Domaine Maizerets, Qu\u00e9bec Vernissage : le samedi 9 novembre , de 16h \u00e0 18h. Sylvie Grondin,Francine Vernac, Gabriel Lalonde, Jean-Jacques Hudon, G\u00e9rald Gallant et Sylvie Durand&hellip; <\/p>\n","protected":false},"author":1,"featured_media":0,"comment_status":"open","ping_status":"open","sticky":false,"template":"","format":"standard","meta":{"_exactmetrics_skip_tracking":false,"_exactmetrics_sitenote_active":false,"_exactmetrics_sitenote_note":"","_exactmetrics_sitenote_category":0,"footnotes":""},"categories":[27,18,19],"tags":[34,735,6,67,35,991,984,2420,982,58,37,2863,981,40],"class_list":["post-11742","post","type-post","status-publish","format-standard","hentry","category-artistes","category-evenement","category-vernissage","tag-andre-becot","tag-artistes","tag-club-des-collectionneurs-en-arts-visuels-de-quebec","tag-club-des-collectionneurs-en-arts-visuels-de-quebec-marc-bellemare","tag-foire-en-arts-actuel","tag-francine-vernac","tag-gabriel-lalonde","tag-gerald-gallant","tag-jean-jacques-hudon","tag-marc-bellemare-collectionneur","tag-studio-becot","tag-sylvie-durand","tag-sylvie-grondin","tag-visuals-arts"],"_links":{"self":[{"href":"https:\/\/galeriebecot.com\/index.php?rest_route=\/wp\/v2\/posts\/11742","targetHints":{"allow":["GET"]}}],"collection":[{"href":"https:\/\/galeriebecot.com\/index.php?rest_route=\/wp\/v2\/posts"}],"about":[{"href":"https:\/\/galeriebecot.com\/index.php?rest_route=\/wp\/v2\/types\/post"}],"author":[{"embeddable":true,"href":"https:\/\/galeriebecot.com\/index.php?rest_route=\/wp\/v2\/users\/1"}],"replies":[{"embeddable":true,"href":"https:\/\/galeriebecot.com\/index.php?rest_route=%2Fwp%2Fv2%2Fcomments&post=11742"}],"version-history":[{"count":2,"href":"https:\/\/galeriebecot.com\/index.php?rest_route=\/wp\/v2\/posts\/11742\/revisions"}],"predecessor-version":[{"id":11800,"href":"https:\/\/galeriebecot.com\/index.php?rest_route=\/wp\/v2\/posts\/11742\/revisions\/11800"}],"wp:attachment":[{"href":"https:\/\/galeriebecot.com\/index.php?rest_route=%2Fwp%2Fv2%2Fmedia&parent=11742"}],"wp:term":[{"taxonomy":"category","embeddable":true,"href":"https:\/\/galeriebecot.com\/index.php?rest_route=%2Fwp%2Fv2%2Fcategories&post=11742"},{"taxonomy":"post_tag","embeddable":true,"href":"https:\/\/galeriebecot.com\/index.php?rest_route=%2Fwp%2Fv2%2Ftags&post=11742"}],"curies":[{"name":"wp","href":"https:\/\/api.w.org\/{rel}","templated":true}]}}