{"id":11594,"date":"2019-08-24T10:37:00","date_gmt":"2019-08-24T14:37:00","guid":{"rendered":"http:\/\/www.clubdescollectionneursenartsvisuelsdequebec.com\/?p=11594"},"modified":"2019-09-12T09:28:31","modified_gmt":"2019-09-12T13:28:31","slug":"magnifique-exposition-de-roger-cote-photographe","status":"publish","type":"post","link":"https:\/\/galeriebecot.com\/?p=11594","title":{"rendered":"Magnifique exposition de Roger C\u00f4t\u00e9, photographe."},"content":{"rendered":"<p><a href=\"https:\/\/michelparent.com\/club\/index.php\"><img loading=\"lazy\" decoding=\"async\" class=\"alignnone size-large wp-image-11648\" src=\"https:\/\/www.galeriebecot.com\/wp-content\/uploads\/2019\/08\/Logo-inscription-1-1024x85.jpg\" alt=\"\" width=\"700\" height=\"58\" srcset=\"https:\/\/galeriebecot.com\/wp-content\/uploads\/2019\/08\/Logo-inscription-1-1024x85.jpg 1024w, https:\/\/galeriebecot.com\/wp-content\/uploads\/2019\/08\/Logo-inscription-1-300x25.jpg 300w, https:\/\/galeriebecot.com\/wp-content\/uploads\/2019\/08\/Logo-inscription-1-768x64.jpg 768w, https:\/\/galeriebecot.com\/wp-content\/uploads\/2019\/08\/Logo-inscription-1.jpg 1403w\" sizes=\"auto, (max-width: 700px) 100vw, 700px\" \/><\/a><\/p>\n<p><a href=\"https:\/\/www.galeriebecot.com\/wp-content\/uploads\/2019\/08\/Roger-Cote-expo1.jpg\"><img loading=\"lazy\" decoding=\"async\" class=\"alignnone size-full wp-image-11595\" src=\"https:\/\/www.galeriebecot.com\/wp-content\/uploads\/2019\/08\/Roger-Cote-expo1.jpg\" alt=\"\" width=\"720\" height=\"916\" srcset=\"https:\/\/galeriebecot.com\/wp-content\/uploads\/2019\/08\/Roger-Cote-expo1.jpg 720w, https:\/\/galeriebecot.com\/wp-content\/uploads\/2019\/08\/Roger-Cote-expo1-236x300.jpg 236w\" sizes=\"auto, (max-width: 720px) 100vw, 720px\" \/><\/a><\/p>\n<p>Le tr\u00e8s grand cycle de la vie&#8230;<\/p>\n<p>des <strong>GENS\u00a0EXTRA\u00a0&amp;\u00a0ORDINAIRES.<\/strong><\/p>\n<p>Portraits de la S\u00e9rie : LES GRANDS PASSIONN\u00c9S.<\/p>\n<p><span style=\"color: #000000;\"><strong>Par Roger C\u00f4t\u00e9.<\/strong><\/span><\/p>\n<p>Vernissage le 28 septembre, \u00e0\u00a017h. Bienvenue \u00e0 tous !<\/p>\n<p>L&rsquo;exposition, <strong>se terminera le 3 novembre\u00a02019.<\/strong><\/p>\n<p><a href=\"https:\/\/www.facebook.com\/pages\/category\/Pub\/Fou-Bar-258825374154247\/\"><strong>Au FOU-BAR.<\/strong><\/a><\/p>\n<p>525 rue Saint-Jean, Qu\u00e9bec, G1R 1P5.<\/p>\n<p>T\u00e9l\u00e9phone 418.522.1987<\/p>\n","protected":false},"excerpt":{"rendered":"<p>Le tr\u00e8s grand cycle de la vie&#8230; des GENS\u00a0EXTRA\u00a0&amp;\u00a0ORDINAIRES. Portraits de la S\u00e9rie : LES GRANDS PASSIONN\u00c9S. Par Roger C\u00f4t\u00e9. Vernissage le 28 septembre, \u00e0\u00a017h. Bienvenue \u00e0 tous ! L&rsquo;exposition,&hellip; <\/p>\n","protected":false},"author":1,"featured_media":0,"comment_status":"open","ping_status":"open","sticky":false,"template":"","format":"standard","meta":{"_exactmetrics_skip_tracking":false,"_exactmetrics_sitenote_active":false,"_exactmetrics_sitenote_note":"","_exactmetrics_sitenote_category":0,"footnotes":""},"categories":[27,18,19],"tags":[34,43,6,572,58,2839,2840,37,40],"class_list":["post-11594","post","type-post","status-publish","format-standard","hentry","category-artistes","category-evenement","category-vernissage","tag-andre-becot","tag-arts-visuels","tag-club-des-collectionneurs-en-arts-visuels-de-quebec","tag-fou-bar","tag-marc-bellemare-collectionneur","tag-roger-cote","tag-rue-saint-jean","tag-studio-becot","tag-visuals-arts"],"_links":{"self":[{"href":"https:\/\/galeriebecot.com\/index.php?rest_route=\/wp\/v2\/posts\/11594","targetHints":{"allow":["GET"]}}],"collection":[{"href":"https:\/\/galeriebecot.com\/index.php?rest_route=\/wp\/v2\/posts"}],"about":[{"href":"https:\/\/galeriebecot.com\/index.php?rest_route=\/wp\/v2\/types\/post"}],"author":[{"embeddable":true,"href":"https:\/\/galeriebecot.com\/index.php?rest_route=\/wp\/v2\/users\/1"}],"replies":[{"embeddable":true,"href":"https:\/\/galeriebecot.com\/index.php?rest_route=%2Fwp%2Fv2%2Fcomments&post=11594"}],"version-history":[{"count":6,"href":"https:\/\/galeriebecot.com\/index.php?rest_route=\/wp\/v2\/posts\/11594\/revisions"}],"predecessor-version":[{"id":11653,"href":"https:\/\/galeriebecot.com\/index.php?rest_route=\/wp\/v2\/posts\/11594\/revisions\/11653"}],"wp:attachment":[{"href":"https:\/\/galeriebecot.com\/index.php?rest_route=%2Fwp%2Fv2%2Fmedia&parent=11594"}],"wp:term":[{"taxonomy":"category","embeddable":true,"href":"https:\/\/galeriebecot.com\/index.php?rest_route=%2Fwp%2Fv2%2Fcategories&post=11594"},{"taxonomy":"post_tag","embeddable":true,"href":"https:\/\/galeriebecot.com\/index.php?rest_route=%2Fwp%2Fv2%2Ftags&post=11594"}],"curies":[{"name":"wp","href":"https:\/\/api.w.org\/{rel}","templated":true}]}}