{"id":11097,"date":"2019-09-16T11:52:00","date_gmt":"2019-09-16T15:52:00","guid":{"rendered":"http:\/\/www.clubdescollectionneursenartsvisuelsdequebec.com\/?p=11097"},"modified":"2019-09-17T16:46:21","modified_gmt":"2019-09-17T20:46:21","slug":"reflexions-sur-lart-public-et-conference-de-jean-pierre-raynaud","status":"publish","type":"post","link":"https:\/\/galeriebecot.com\/?p=11097","title":{"rendered":"Inauguration de l&rsquo;oeuvre AUTOPORTRAIT et r\u00e9flexions sur l&rsquo;art public."},"content":{"rendered":"<p><a href=\"https:\/\/michelparent.com\/club\/index.php\"><img loading=\"lazy\" decoding=\"async\" class=\"alignnone size-large wp-image-11648\" src=\"https:\/\/www.galeriebecot.com\/wp-content\/uploads\/2019\/08\/Logo-inscription-1-1024x85.jpg\" alt=\"\" width=\"700\" height=\"58\" srcset=\"https:\/\/galeriebecot.com\/wp-content\/uploads\/2019\/08\/Logo-inscription-1-1024x85.jpg 1024w, https:\/\/galeriebecot.com\/wp-content\/uploads\/2019\/08\/Logo-inscription-1-300x25.jpg 300w, https:\/\/galeriebecot.com\/wp-content\/uploads\/2019\/08\/Logo-inscription-1-768x64.jpg 768w, https:\/\/galeriebecot.com\/wp-content\/uploads\/2019\/08\/Logo-inscription-1.jpg 1403w\" sizes=\"auto, (max-width: 700px) 100vw, 700px\" \/><\/a><\/p>\n<p><a href=\"https:\/\/www.galeriebecot.com\/wp-content\/uploads\/2019\/04\/Club-partie1.jpg\"><img loading=\"lazy\" decoding=\"async\" class=\"alignnone size-large wp-image-11098\" src=\"https:\/\/www.galeriebecot.com\/wp-content\/uploads\/2019\/04\/Club-partie1-1024x654.jpg\" alt=\"\" width=\"700\" height=\"447\" srcset=\"https:\/\/galeriebecot.com\/wp-content\/uploads\/2019\/04\/Club-partie1-1024x654.jpg 1024w, https:\/\/galeriebecot.com\/wp-content\/uploads\/2019\/04\/Club-partie1-300x192.jpg 300w, https:\/\/galeriebecot.com\/wp-content\/uploads\/2019\/04\/Club-partie1-768x491.jpg 768w, https:\/\/galeriebecot.com\/wp-content\/uploads\/2019\/04\/Club-partie1.jpg 1177w\" sizes=\"auto, (max-width: 700px) 100vw, 700px\" \/><\/a><\/p>\n<p><a href=\"https:\/\/www.galeriebecot.com\/wp-content\/uploads\/2019\/05\/Date-conferenc.jpg\"><img loading=\"lazy\" decoding=\"async\" class=\"alignnone size-full wp-image-11294\" src=\"https:\/\/www.galeriebecot.com\/wp-content\/uploads\/2019\/05\/Date-conferenc.jpg\" alt=\"\" width=\"723\" height=\"191\" srcset=\"https:\/\/galeriebecot.com\/wp-content\/uploads\/2019\/05\/Date-conferenc.jpg 723w, https:\/\/galeriebecot.com\/wp-content\/uploads\/2019\/05\/Date-conferenc-300x79.jpg 300w\" sizes=\"auto, (max-width: 723px) 100vw, 723px\" \/><\/a><\/p>\n<p><a href=\"https:\/\/www.galeriebecot.com\/wp-content\/uploads\/2019\/04\/Samedi-Raynaud22.jpg\"><img loading=\"lazy\" decoding=\"async\" class=\"alignnone size-full wp-image-11242\" src=\"https:\/\/www.galeriebecot.com\/wp-content\/uploads\/2019\/04\/Samedi-Raynaud22.jpg\" alt=\"\" width=\"832\" height=\"690\" srcset=\"https:\/\/galeriebecot.com\/wp-content\/uploads\/2019\/04\/Samedi-Raynaud22.jpg 832w, https:\/\/galeriebecot.com\/wp-content\/uploads\/2019\/04\/Samedi-Raynaud22-300x249.jpg 300w, https:\/\/galeriebecot.com\/wp-content\/uploads\/2019\/04\/Samedi-Raynaud22-768x637.jpg 768w\" sizes=\"auto, (max-width: 832px) 100vw, 832px\" \/><\/a><\/p>\n<p><a href=\"https:\/\/www.galeriebecot.com\/wp-content\/uploads\/2019\/04\/Samedi-Raynaud3.jpg\"><img loading=\"lazy\" decoding=\"async\" class=\"alignnone size-full wp-image-11243\" src=\"https:\/\/www.galeriebecot.com\/wp-content\/uploads\/2019\/04\/Samedi-Raynaud3.jpg\" alt=\"\" width=\"767\" height=\"299\" srcset=\"https:\/\/galeriebecot.com\/wp-content\/uploads\/2019\/04\/Samedi-Raynaud3.jpg 767w, https:\/\/galeriebecot.com\/wp-content\/uploads\/2019\/04\/Samedi-Raynaud3-300x117.jpg 300w\" sizes=\"auto, (max-width: 767px) 100vw, 767px\" \/><\/a><\/p>\n<h3><a href=\"https:\/\/www.galeriebecot.com\/?p=7135\">Historique de l&rsquo;oeuvre <\/a><a href=\"https:\/\/www.galeriebecot.com\/?p=7135\">de <\/a><\/h3>\n<h3><a href=\"https:\/\/www.galeriebecot.com\/?p=7135\">Jean Pierre Raynaud \u00e0 Qu\u00e9bec.<\/a><\/h3>\n<p>&nbsp;<\/p>\n<p><iframe loading=\"lazy\" width=\"700\" height=\"394\" src=\"https:\/\/www.youtube.com\/embed\/lCk7S5FO57c?feature=oembed\" frameborder=\"0\" allow=\"accelerometer; autoplay; encrypted-media; gyroscope; picture-in-picture\" allowfullscreen><\/iframe><\/p>\n<p><a href=\"https:\/\/www.galeriebecot.com\/wp-content\/uploads\/2019\/05\/Raynaud-Soleil00.jpg\"><img loading=\"lazy\" decoding=\"async\" class=\"alignnone size-full wp-image-11323\" src=\"https:\/\/www.galeriebecot.com\/wp-content\/uploads\/2019\/05\/Raynaud-Soleil00.jpg\" alt=\"\" width=\"743\" height=\"961\" srcset=\"https:\/\/galeriebecot.com\/wp-content\/uploads\/2019\/05\/Raynaud-Soleil00.jpg 743w, https:\/\/galeriebecot.com\/wp-content\/uploads\/2019\/05\/Raynaud-Soleil00-232x300.jpg 232w\" sizes=\"auto, (max-width: 743px) 100vw, 743px\" \/><\/a><\/p>\n<p><a href=\"https:\/\/www.galeriebecot.com\/wp-content\/uploads\/2019\/05\/Utopia-Utopia.jpg\"><img loading=\"lazy\" decoding=\"async\" class=\"alignnone size-large wp-image-11358\" src=\"https:\/\/www.galeriebecot.com\/wp-content\/uploads\/2019\/05\/Utopia-Utopia-1024x535.jpg\" alt=\"\" width=\"700\" height=\"366\" srcset=\"https:\/\/galeriebecot.com\/wp-content\/uploads\/2019\/05\/Utopia-Utopia.jpg 1024w, https:\/\/galeriebecot.com\/wp-content\/uploads\/2019\/05\/Utopia-Utopia-300x157.jpg 300w, https:\/\/galeriebecot.com\/wp-content\/uploads\/2019\/05\/Utopia-Utopia-768x401.jpg 768w\" sizes=\"auto, (max-width: 700px) 100vw, 700px\" \/><\/a><\/p>\n<p>Inauguration samedi le 11 mai 2019.<\/p>\n<p><a href=\"https:\/\/www.galeriebecot.com\/wp-content\/uploads\/2019\/05\/Raynaud-Soleil2.jpg\"><img loading=\"lazy\" decoding=\"async\" class=\"alignnone size-large wp-image-11324\" src=\"https:\/\/www.galeriebecot.com\/wp-content\/uploads\/2019\/05\/Raynaud-Soleil2-627x1024.jpg\" alt=\"\" width=\"627\" height=\"1024\" srcset=\"https:\/\/galeriebecot.com\/wp-content\/uploads\/2019\/05\/Raynaud-Soleil2-627x1024.jpg 627w, https:\/\/galeriebecot.com\/wp-content\/uploads\/2019\/05\/Raynaud-Soleil2-184x300.jpg 184w, https:\/\/galeriebecot.com\/wp-content\/uploads\/2019\/05\/Raynaud-Soleil2-768x1255.jpg 768w, https:\/\/galeriebecot.com\/wp-content\/uploads\/2019\/05\/Raynaud-Soleil2.jpg 779w\" sizes=\"auto, (max-width: 627px) 100vw, 627px\" \/><\/a><\/p>\n<p><a href=\"https:\/\/www.galeriebecot.com\/wp-content\/uploads\/2019\/05\/Autoportrait.jpg\"><img loading=\"lazy\" decoding=\"async\" class=\"alignnone size-full wp-image-11378\" src=\"https:\/\/www.galeriebecot.com\/wp-content\/uploads\/2019\/05\/Autoportrait.jpg\" alt=\"\" width=\"363\" height=\"615\" srcset=\"https:\/\/galeriebecot.com\/wp-content\/uploads\/2019\/05\/Autoportrait.jpg 363w, https:\/\/galeriebecot.com\/wp-content\/uploads\/2019\/05\/Autoportrait-177x300.jpg 177w\" sizes=\"auto, (max-width: 363px) 100vw, 363px\" \/><\/a><\/p>\n<p>Autoportrait, prise de vue en contre -plong\u00e9e.<\/p>\n<p>Cr\u00e9dit photo\/<em>St\u00e9phane Leblanc.<\/em><\/p>\n<p><a href=\"https:\/\/www.galeriebecot.com\/wp-content\/uploads\/2019\/05\/Raynaud-soleil3.jpg\"><img loading=\"lazy\" decoding=\"async\" class=\"alignnone size-full wp-image-11325\" src=\"https:\/\/www.galeriebecot.com\/wp-content\/uploads\/2019\/05\/Raynaud-soleil3.jpg\" alt=\"\" width=\"677\" height=\"207\" srcset=\"https:\/\/galeriebecot.com\/wp-content\/uploads\/2019\/05\/Raynaud-soleil3.jpg 677w, https:\/\/galeriebecot.com\/wp-content\/uploads\/2019\/05\/Raynaud-soleil3-300x92.jpg 300w\" sizes=\"auto, (max-width: 677px) 100vw, 677px\" \/><\/a><\/p>\n<p><a href=\"https:\/\/www.galeriebecot.com\/wp-content\/uploads\/2019\/05\/Raynaud-Radio-canada222.jpg\"><img loading=\"lazy\" decoding=\"async\" class=\"alignnone size-full wp-image-11386\" src=\"https:\/\/www.galeriebecot.com\/wp-content\/uploads\/2019\/05\/Raynaud-Radio-canada222.jpg\" alt=\"\" width=\"744\" height=\"144\" srcset=\"https:\/\/galeriebecot.com\/wp-content\/uploads\/2019\/05\/Raynaud-Radio-canada222.jpg 744w, https:\/\/galeriebecot.com\/wp-content\/uploads\/2019\/05\/Raynaud-Radio-canada222-300x58.jpg 300w\" sizes=\"auto, (max-width: 744px) 100vw, 744px\" \/><\/a><\/p>\n<p><a href=\"https:\/\/www.galeriebecot.com\/wp-content\/uploads\/2019\/05\/Raynaud-Radio-canada33.jpg\"><img loading=\"lazy\" decoding=\"async\" class=\"alignnone size-full wp-image-11320\" src=\"https:\/\/www.galeriebecot.com\/wp-content\/uploads\/2019\/05\/Raynaud-Radio-canada33.jpg\" alt=\"\" width=\"836\" height=\"657\" srcset=\"https:\/\/galeriebecot.com\/wp-content\/uploads\/2019\/05\/Raynaud-Radio-canada33.jpg 836w, https:\/\/galeriebecot.com\/wp-content\/uploads\/2019\/05\/Raynaud-Radio-canada33-300x236.jpg 300w, https:\/\/galeriebecot.com\/wp-content\/uploads\/2019\/05\/Raynaud-Radio-canada33-768x604.jpg 768w\" sizes=\"auto, (max-width: 836px) 100vw, 836px\" \/><\/a><\/p>\n<p><a href=\"https:\/\/www.galeriebecot.com\/wp-content\/uploads\/2019\/05\/Raynaud-Bellemare.jpg\"><img loading=\"lazy\" decoding=\"async\" class=\"alignnone size-full wp-image-11338\" src=\"https:\/\/www.galeriebecot.com\/wp-content\/uploads\/2019\/05\/Raynaud-Bellemare.jpg\" alt=\"\" width=\"432\" height=\"361\" srcset=\"https:\/\/galeriebecot.com\/wp-content\/uploads\/2019\/05\/Raynaud-Bellemare.jpg 432w, https:\/\/galeriebecot.com\/wp-content\/uploads\/2019\/05\/Raynaud-Bellemare-300x251.jpg 300w\" sizes=\"auto, (max-width: 432px) 100vw, 432px\" \/><\/a><\/p>\n<p>Jean-Pierre Raynaud et Marc Bellemare (collectionneur)<\/p>\n<p><a href=\"https:\/\/www.galeriebecot.com\/wp-content\/uploads\/2019\/05\/Autoportrait1.jpg\"><img loading=\"lazy\" decoding=\"async\" class=\"alignnone size-full wp-image-11367\" src=\"https:\/\/www.galeriebecot.com\/wp-content\/uploads\/2019\/05\/Autoportrait1.jpg\" alt=\"\" width=\"682\" height=\"359\" srcset=\"https:\/\/galeriebecot.com\/wp-content\/uploads\/2019\/05\/Autoportrait1.jpg 682w, https:\/\/galeriebecot.com\/wp-content\/uploads\/2019\/05\/Autoportrait1-300x158.jpg 300w\" sizes=\"auto, (max-width: 682px) 100vw, 682px\" \/><\/a><\/p>\n<p><a href=\"https:\/\/www.galeriebecot.com\/wp-content\/uploads\/2019\/05\/Raynaud-Gagnon.jpg\"><img loading=\"lazy\" decoding=\"async\" class=\"alignnone size-full wp-image-11337\" src=\"https:\/\/www.galeriebecot.com\/wp-content\/uploads\/2019\/05\/Raynaud-Gagnon.jpg\" alt=\"\" width=\"432\" height=\"316\" srcset=\"https:\/\/galeriebecot.com\/wp-content\/uploads\/2019\/05\/Raynaud-Gagnon.jpg 432w, https:\/\/galeriebecot.com\/wp-content\/uploads\/2019\/05\/Raynaud-Gagnon-300x219.jpg 300w\" sizes=\"auto, (max-width: 432px) 100vw, 432px\" \/><\/a><\/p>\n<p>Jean-Pierre Raynaud et Aristide Gagnon. (peintre et sculpteur).<\/p>\n<p><em>En 1958, Aristide Gagnon remporte le 1er Prix du Concours artistique de la Province de Qu\u00e9bec, section peinture, ce qui est l\u2019\u00e9l\u00e9ment d\u00e9clencheur de sa carri\u00e8re. Depuis il expose en groupe ou en solo\u00a0 <a href=\"http:\/\/centreculturelbombardier.com\/\">(Le Centre culturel Yvonne L. Bombardier)<\/a> \u00e0 travers le Canada, les \u00c9tats-Unis et la France. Ce prix est l\u2019\u00e9quivalent de l\u2019actuel <a title=\"Paul \u00c9mile Borduas\" href=\"http:\/\/fr.wikipedia.org\/wiki\/Prix_Paul-%C3%89mile-Borduas\">Prix Paul \u00c9mile Borduas<\/a>.<\/em><\/p>\n<p><a href=\"https:\/\/www.galeriebecot.com\/wp-content\/uploads\/2019\/05\/Utopia-Utopia2.jpg\"><img loading=\"lazy\" decoding=\"async\" class=\"alignnone size-full wp-image-11359\" src=\"https:\/\/www.galeriebecot.com\/wp-content\/uploads\/2019\/05\/Utopia-Utopia2.jpg\" alt=\"\" width=\"432\" height=\"576\" srcset=\"https:\/\/galeriebecot.com\/wp-content\/uploads\/2019\/05\/Utopia-Utopia2.jpg 432w, https:\/\/galeriebecot.com\/wp-content\/uploads\/2019\/05\/Utopia-Utopia2-225x300.jpg 225w\" sizes=\"auto, (max-width: 432px) 100vw, 432px\" \/><\/a><\/p>\n<p>Lise Breton (photographe) \u00a0Utopia Utopia et Serge-Philippe Tremblay.<\/p>\n<p><a href=\"https:\/\/www.galeriebecot.com\/wp-content\/uploads\/2019\/05\/Club1.jpg\"><img loading=\"lazy\" decoding=\"async\" class=\"alignnone size-full wp-image-11342\" src=\"https:\/\/www.galeriebecot.com\/wp-content\/uploads\/2019\/05\/Club1.jpg\" alt=\"\" width=\"432\" height=\"318\" srcset=\"https:\/\/galeriebecot.com\/wp-content\/uploads\/2019\/05\/Club1.jpg 432w, https:\/\/galeriebecot.com\/wp-content\/uploads\/2019\/05\/Club1-300x221.jpg 300w\" sizes=\"auto, (max-width: 432px) 100vw, 432px\" \/><\/a><\/p>\n<p><a href=\"https:\/\/michelparent.com\/club\/\">Michel Parent \/ responsable des r\u00e9seaux sociaux pour le club.<\/a><\/p>\n<p><a href=\"https:\/\/www.galeriebecot.com\/wp-content\/uploads\/2019\/05\/Michel2.jpg\"><img loading=\"lazy\" decoding=\"async\" class=\"alignnone size-full wp-image-11344\" src=\"https:\/\/www.galeriebecot.com\/wp-content\/uploads\/2019\/05\/Michel2.jpg\" alt=\"\" width=\"432\" height=\"205\" srcset=\"https:\/\/galeriebecot.com\/wp-content\/uploads\/2019\/05\/Michel2.jpg 432w, https:\/\/galeriebecot.com\/wp-content\/uploads\/2019\/05\/Michel2-300x142.jpg 300w\" sizes=\"auto, (max-width: 432px) 100vw, 432px\" \/><\/a><\/p>\n<p>Fran\u00e7ois Leduc ( initiateur du projet ) Michel Guimont ( galeriste) Jean-Pierre Raynaud.<\/p>\n<p><a href=\"https:\/\/www.galeriebecot.com\/wp-content\/uploads\/2019\/05\/Becot-LeBlond-Royer1.jpg\"><img loading=\"lazy\" decoding=\"async\" class=\"alignnone size-full wp-image-11350\" src=\"https:\/\/www.galeriebecot.com\/wp-content\/uploads\/2019\/05\/Becot-LeBlond-Royer1.jpg\" alt=\"\" width=\"481\" height=\"187\" srcset=\"https:\/\/galeriebecot.com\/wp-content\/uploads\/2019\/05\/Becot-LeBlond-Royer1.jpg 481w, https:\/\/galeriebecot.com\/wp-content\/uploads\/2019\/05\/Becot-LeBlond-Royer1-300x117.jpg 300w\" sizes=\"auto, (max-width: 481px) 100vw, 481px\" \/><\/a><\/p>\n<p>Alain LeBlond, Guy Royer et Andr\u00e9 B\u00e9cot (artistes).<\/p>\n<p><a href=\"https:\/\/www.galeriebecot.com\/wp-content\/uploads\/2019\/05\/Jean.jpg\"><img loading=\"lazy\" decoding=\"async\" class=\"alignnone size-full wp-image-11371\" src=\"https:\/\/www.galeriebecot.com\/wp-content\/uploads\/2019\/05\/Jean.jpg\" alt=\"\" width=\"576\" height=\"186\" srcset=\"https:\/\/galeriebecot.com\/wp-content\/uploads\/2019\/05\/Jean.jpg 576w, https:\/\/galeriebecot.com\/wp-content\/uploads\/2019\/05\/Jean-300x97.jpg 300w\" sizes=\"auto, (max-width: 576px) 100vw, 576px\" \/><\/a><\/p>\n<p>Jean B\u00e9cotte, Guy Royer (artiste) \u00a0et Conrad Paradis (artiste \u00a0Pibo)<\/p>\n<p><a href=\"https:\/\/www.galeriebecot.com\/wp-content\/uploads\/2019\/05\/Chiguer.jpg\"><img loading=\"lazy\" decoding=\"async\" class=\"alignnone size-full wp-image-11352\" src=\"https:\/\/www.galeriebecot.com\/wp-content\/uploads\/2019\/05\/Chiguer.jpg\" alt=\"\" width=\"432\" height=\"267\" srcset=\"https:\/\/galeriebecot.com\/wp-content\/uploads\/2019\/05\/Chiguer.jpg 432w, https:\/\/galeriebecot.com\/wp-content\/uploads\/2019\/05\/Chiguer-300x185.jpg 300w\" sizes=\"auto, (max-width: 432px) 100vw, 432px\" \/><\/a><\/p>\n<p>Abdelilah Chiguer (Galerie3) \u00a0et Andr\u00e9 B\u00e9cot.<\/p>\n<p><a href=\"https:\/\/www.galeriebecot.com\/wp-content\/uploads\/2019\/05\/Serge-Philippe1.jpg\"><img loading=\"lazy\" decoding=\"async\" class=\"alignnone size-full wp-image-11356\" src=\"https:\/\/www.galeriebecot.com\/wp-content\/uploads\/2019\/05\/Serge-Philippe1.jpg\" alt=\"\" width=\"288\" height=\"361\" srcset=\"https:\/\/galeriebecot.com\/wp-content\/uploads\/2019\/05\/Serge-Philippe1.jpg 288w, https:\/\/galeriebecot.com\/wp-content\/uploads\/2019\/05\/Serge-Philippe1-239x300.jpg 239w\" sizes=\"auto, (max-width: 288px) 100vw, 288px\" \/><\/a><\/p>\n<p>Serge Philippe Tremblay ( photographe pour le club)<\/p>\n<p>Cr\u00e9dit Photo \/<em>Kl\u00f6dy<\/em><\/p>\n<p><a href=\"https:\/\/www.galeriebecot.com\/wp-content\/uploads\/2019\/05\/Suzanne-Guy.jpg\"><img loading=\"lazy\" decoding=\"async\" class=\"alignnone size-full wp-image-11335\" src=\"https:\/\/www.galeriebecot.com\/wp-content\/uploads\/2019\/05\/Suzanne-Guy.jpg\" alt=\"\" width=\"288\" height=\"340\" srcset=\"https:\/\/galeriebecot.com\/wp-content\/uploads\/2019\/05\/Suzanne-Guy.jpg 288w, https:\/\/galeriebecot.com\/wp-content\/uploads\/2019\/05\/Suzanne-Guy-254x300.jpg 254w\" sizes=\"auto, (max-width: 288px) 100vw, 288px\" \/><\/a><\/p>\n<p>Suzanne Guy, r\u00e9alisatrice et diffusion de son film <strong><em>Scrapper l&rsquo;art<\/em><\/strong> (FIFA 2011)<\/p>\n<p><a href=\"https:\/\/www.galeriebecot.com\/wp-content\/uploads\/2019\/05\/Reflexion1.jpg\"><img loading=\"lazy\" decoding=\"async\" class=\"alignnone wp-image-11328\" src=\"https:\/\/www.galeriebecot.com\/wp-content\/uploads\/2019\/05\/Reflexion1-1024x657.jpg\" alt=\"\" width=\"577\" height=\"376\" \/><\/a><\/p>\n<p>Reflexions sur l&rsquo;art public \/ Table ronde : Marc Bellemare, \u00a0Jean-Pierre Bourgault, Daniele April, Jean-Pierre Morin, \u00c8ric Lapointe, Jean-Robert Drouillard.<\/p>\n<p><a href=\"https:\/\/www.galeriebecot.com\/wp-content\/uploads\/2019\/05\/Robert-Bernier.jpg\"><img loading=\"lazy\" decoding=\"async\" class=\"alignnone wp-image-11330\" src=\"https:\/\/www.galeriebecot.com\/wp-content\/uploads\/2019\/05\/Robert-Bernier.jpg\" alt=\"\" width=\"310\" height=\"364\" \/><\/a><\/p>\n<p><a href=\"https:\/\/revue-parcours.com\/\">Robert Bernier \u00e9diteur de la revue Parcours.<\/a><\/p>\n<p><a href=\"https:\/\/www.galeriebecot.com\/wp-content\/uploads\/2019\/05\/Andr\u00e9-Louis-Pare.jpg\"><img loading=\"lazy\" decoding=\"async\" class=\"alignnone wp-image-11333\" src=\"https:\/\/www.galeriebecot.com\/wp-content\/uploads\/2019\/05\/Andr\u00e9-Louis-Pare.jpg\" alt=\"\" width=\"314\" height=\"307\" \/><\/a><\/p>\n<p><a href=\"https:\/\/espaceartactuel.com\/\">Andr\u00e9-Louis Par\u00e9 directeur\u00a0de la revue \/ Espace art actuel.<\/a><\/p>\n<p><em>Cr\u00e9dits Photos : Serge-Philippe Tremblay<\/em><\/p>\n<h3><a href=\"https:\/\/www.galeriebecot.com\/?p=7135\">Historique de l&rsquo;oeuvre <\/a><a href=\"https:\/\/www.galeriebecot.com\/?p=7135\">de<\/a><\/h3>\n<h3><a href=\"https:\/\/www.galeriebecot.com\/?p=7135\">Jean Pierre Raynaud \u00e0 Qu\u00e9bec.<\/a><\/h3>\n<p><a href=\"https:\/\/www.galeriebecot.com\/wp-content\/uploads\/2019\/04\/Le-Journal-de-Quebec-22-mai-2019.jpg\"><img loading=\"lazy\" decoding=\"async\" class=\"alignnone size-full wp-image-11264\" src=\"https:\/\/www.galeriebecot.com\/wp-content\/uploads\/2019\/04\/Le-Journal-de-Quebec-22-mai-2019.jpg\" alt=\"\" width=\"596\" height=\"678\" srcset=\"https:\/\/galeriebecot.com\/wp-content\/uploads\/2019\/04\/Le-Journal-de-Quebec-22-mai-2019.jpg 596w, https:\/\/galeriebecot.com\/wp-content\/uploads\/2019\/04\/Le-Journal-de-Quebec-22-mai-2019-264x300.jpg 264w\" sizes=\"auto, (max-width: 596px) 100vw, 596px\" \/><\/a><\/p>\n<p><a href=\"https:\/\/www.galeriebecot.com\/?p=7135\"><img loading=\"lazy\" decoding=\"async\" class=\"alignnone wp-image-11266\" src=\"https:\/\/www.galeriebecot.com\/wp-content\/uploads\/2019\/04\/Autoportrait2.jpg\" alt=\"\" width=\"574\" height=\"371\" \/><\/a><\/p>\n<p>L&rsquo;oeuvre <strong>Autoportrait<\/strong> reconstruite au parc de L&rsquo;Am\u00e9riques fran\u00e7aise.<\/p>\n<p><em>Cr\u00e9dit photo: Serge Philippe Tremblay<\/em><\/p>\n<p><a href=\"https:\/\/www.galeriebecot.com\/wp-content\/uploads\/2019\/04\/Raynaud11.jpg\"><img loading=\"lazy\" decoding=\"async\" class=\"alignnone size-full wp-image-11260\" src=\"https:\/\/www.galeriebecot.com\/wp-content\/uploads\/2019\/04\/Raynaud11.jpg\" alt=\"\" width=\"532\" height=\"589\" srcset=\"https:\/\/galeriebecot.com\/wp-content\/uploads\/2019\/04\/Raynaud11.jpg 532w, https:\/\/galeriebecot.com\/wp-content\/uploads\/2019\/04\/Raynaud11-271x300.jpg 271w\" sizes=\"auto, (max-width: 532px) 100vw, 532px\" \/><\/a><\/p>\n<p><a href=\"https:\/\/www.galeriebecot.com\/wp-content\/uploads\/2019\/04\/Raynaud222.jpg\"><img loading=\"lazy\" decoding=\"async\" class=\"alignnone size-full wp-image-11262\" src=\"https:\/\/www.galeriebecot.com\/wp-content\/uploads\/2019\/04\/Raynaud222.jpg\" alt=\"\" width=\"528\" height=\"827\" srcset=\"https:\/\/galeriebecot.com\/wp-content\/uploads\/2019\/04\/Raynaud222.jpg 528w, https:\/\/galeriebecot.com\/wp-content\/uploads\/2019\/04\/Raynaud222-192x300.jpg 192w\" sizes=\"auto, (max-width: 528px) 100vw, 528px\" \/><\/a><\/p>\n<h3><a href=\"https:\/\/www.galeriebecot.com\/?p=7135\">Historique de l&rsquo;oeuvre <\/a><a href=\"https:\/\/www.galeriebecot.com\/?p=7135\">de<\/a><\/h3>\n<h3><a href=\"https:\/\/www.galeriebecot.com\/?p=7135\">Jean Pierre Raynaud \u00e0 Qu\u00e9bec.<\/a><\/h3>\n<p><a href=\"http:\/\/www.michelparent.com\/club\/\"><img loading=\"lazy\" decoding=\"async\" class=\"alignnone size-full wp-image-11245\" src=\"https:\/\/www.galeriebecot.com\/wp-content\/uploads\/2019\/04\/Samedi4.jpg\" alt=\"\" width=\"587\" height=\"149\" srcset=\"https:\/\/galeriebecot.com\/wp-content\/uploads\/2019\/04\/Samedi4.jpg 587w, https:\/\/galeriebecot.com\/wp-content\/uploads\/2019\/04\/Samedi4-300x76.jpg 300w\" sizes=\"auto, (max-width: 587px) 100vw, 587px\" \/><\/a><\/p>\n<p>L&rsquo;artiste fran\u00e7ais Jean Pierre Raynaud, de r\u00e9putation internationale, sera de passage \u00e0 Qu\u00e9bec en mai prochain pour l&rsquo;inauguration officielle de son oeuvre <strong><em>AUTOPORTRAIT<\/em><\/strong><\/p>\n","protected":false},"excerpt":{"rendered":"<p>Historique de l&rsquo;oeuvre de Jean Pierre Raynaud \u00e0 Qu\u00e9bec. &nbsp; Inauguration samedi le 11 mai 2019. Autoportrait, prise de vue en contre -plong\u00e9e. Cr\u00e9dit photo\/St\u00e9phane Leblanc. Jean-Pierre Raynaud et Marc&hellip; <\/p>\n","protected":false},"author":1,"featured_media":0,"comment_status":"open","ping_status":"open","sticky":false,"template":"","format":"standard","meta":{"_exactmetrics_skip_tracking":false,"_exactmetrics_sitenote_active":false,"_exactmetrics_sitenote_note":"","_exactmetrics_sitenote_category":0,"footnotes":""},"categories":[27,17,18,19],"tags":[1837,1394,955,34,1746,2777,385,1753,53,770,43,1151,2448,1752,67,66,1773,2776,1745,2452,275,1664,1816,2453,465,1762,1774,1742,1750,271,48,929,2775,1261,775,2454,1443,1176,1761,2449,1760,245,1347,33,58,930,211,1744,882,1743,1749,2450,1747,1320,1036,1748,1421,445,1836,2763,81,438,1150,158,1751,210,642,1233,356,961,2160,1800,2451,124],"class_list":["post-11097","post","type-post","status-publish","format-standard","hentry","category-artistes","category-conference","category-evenement","category-vernissage","tag-abv","tag-aline-martineau","tag-amelie-proulx","tag-andre-becot","tag-andre-du-bois","tag-andre-louis-pare","tag-annie-descoteaux","tag-annie-morin","tag-aristide-gagnon","tag-armand-vaillancourt","tag-arts-visuels","tag-atelier-be-video","tag-baptiste-ricard-chatelain","tag-camille-b-vincent","tag-club-des-collectionneurs-en-arts-visuels-de-quebec-marc-bellemare","tag-club-des-collectionneurs-en-arts-visuels-de-quebec-studio-becot","tag-cochon-dingue","tag-daniele-april","tag-dominique-lelievre","tag-dominique-paquette","tag-don-darby","tag-enap","tag-eric-lapointe","tag-etienne-baillargeon","tag-florent-cousineau","tag-galerie-laurent-strouk","tag-georges-remi","tag-herge","tag-hugue-noel-de-tilly","tag-jacques-sylvain","tag-jean-robert-drouillard","tag-jean-luc-lavallee","tag-jean-pierre-bourgault","tag-jean-pierre-morin","tag-jean-pierre-raynaud","tag-jean-pierremorin","tag-jerome-morissette","tag-journal-de-quebec","tag-judith-benhamou-huet","tag-kamille-cyr","tag-les-echos","tag-lesoleil","tag-ludovic-boney","tag-marc-bellemare","tag-marc-bellemare-collectionneur","tag-marcel-duchamp","tag-martin-bureau","tag-martin-leblanc","tag-michel-parent","tag-musee-de-la-civilisation","tag-nenoit-levesque","tag-nicolas-maisonneuve","tag-nicole-thibault","tag-normand-provencher","tag-odette-theberge","tag-philip-despres","tag-philippe-pallafray","tag-pierre-beland","tag-pierre-bilodeau","tag-pierre-bourgault","tag-radio-canada","tag-regis-labeaume","tag-rejeanne-lamothe","tag-renald-brisebois","tag-ricahrd-mill","tag-richard-mill","tag-robert-bernier","tag-roger-fournier","tag-serge-philippe-tremblay","tag-simon-doyon","tag-stephanie-martin","tag-suzanne-guy","tag-thiery-nicolas-belanger","tag-tintin"],"_links":{"self":[{"href":"https:\/\/galeriebecot.com\/index.php?rest_route=\/wp\/v2\/posts\/11097","targetHints":{"allow":["GET"]}}],"collection":[{"href":"https:\/\/galeriebecot.com\/index.php?rest_route=\/wp\/v2\/posts"}],"about":[{"href":"https:\/\/galeriebecot.com\/index.php?rest_route=\/wp\/v2\/types\/post"}],"author":[{"embeddable":true,"href":"https:\/\/galeriebecot.com\/index.php?rest_route=\/wp\/v2\/users\/1"}],"replies":[{"embeddable":true,"href":"https:\/\/galeriebecot.com\/index.php?rest_route=%2Fwp%2Fv2%2Fcomments&post=11097"}],"version-history":[{"count":63,"href":"https:\/\/galeriebecot.com\/index.php?rest_route=\/wp\/v2\/posts\/11097\/revisions"}],"predecessor-version":[{"id":11651,"href":"https:\/\/galeriebecot.com\/index.php?rest_route=\/wp\/v2\/posts\/11097\/revisions\/11651"}],"wp:attachment":[{"href":"https:\/\/galeriebecot.com\/index.php?rest_route=%2Fwp%2Fv2%2Fmedia&parent=11097"}],"wp:term":[{"taxonomy":"category","embeddable":true,"href":"https:\/\/galeriebecot.com\/index.php?rest_route=%2Fwp%2Fv2%2Fcategories&post=11097"},{"taxonomy":"post_tag","embeddable":true,"href":"https:\/\/galeriebecot.com\/index.php?rest_route=%2Fwp%2Fv2%2Ftags&post=11097"}],"curies":[{"name":"wp","href":"https:\/\/api.w.org\/{rel}","templated":true}]}}