{"id":11086,"date":"2019-12-16T12:58:37","date_gmt":"2019-12-16T17:58:37","guid":{"rendered":"http:\/\/www.clubdescollectionneursenartsvisuelsdequebec.com\/?p=11086"},"modified":"2019-12-20T15:04:25","modified_gmt":"2019-12-20T20:04:25","slug":"chez-becot-la-biennale-se-termine-le-3-mai","status":"publish","type":"post","link":"https:\/\/galeriebecot.com\/?p=11086","title":{"rendered":"L\u2019exposition Lumi\u00e8re, chez B\u00e9cot, d\u00e8s le 6 d\u00e9cembre."},"content":{"rendered":"<p><a href=\"https:\/\/www.galeriebecot.com\/wp-content\/uploads\/2019\/11\/Lumier1000.jpg\"><img loading=\"lazy\" decoding=\"async\" class=\"alignnone size-large wp-image-12080\" src=\"https:\/\/www.galeriebecot.com\/wp-content\/uploads\/2019\/11\/Lumier1000-688x1024.jpg\" alt=\"\" width=\"688\" height=\"1024\" srcset=\"https:\/\/galeriebecot.com\/wp-content\/uploads\/2019\/11\/Lumier1000-688x1024.jpg 688w, https:\/\/galeriebecot.com\/wp-content\/uploads\/2019\/11\/Lumier1000-202x300.jpg 202w, https:\/\/galeriebecot.com\/wp-content\/uploads\/2019\/11\/Lumier1000.jpg 720w\" sizes=\"auto, (max-width: 688px) 100vw, 688px\" \/><\/a><\/p>\n<p>Dans le cadre de la s\u00e9rie d&rsquo;expositions.<\/p>\n<p>PERCEPTION SENSORIELLE.<\/p>\n<p>La galerie B\u00e9cot pr\u00e9sente d\u00e8s le 6 d\u00e9cembre.<\/p>\n<p><strong>L&rsquo;exposition Lumi\u00e8re.<\/strong><\/p>\n<p>Vernissage le 6 d\u00e9cembre, dans une formule 5@7.<\/p>\n<p>Bienvenue \u00e0 tous !<\/p>\n<p><strong>Aristide Gagnon<\/strong>, n\u00e9 \u00e0 Amqui en 1930, est un artiste multi-disciplinaire reconnu pour ses bronzes. Dipl\u00f4m\u00e9 de l&rsquo;\u00c9cole des Beaux-arts o\u00f9 il fut un \u00e9l\u00e8ve de Jean-Paul Lemieux, Gagnon s&rsquo;exerce \u00e0 la peinture, au verre, \u00e0 l\u2019\u00e9mail et \u00e0 la sculpture.\u00a0 Il apprend \u00e9galement le vitrail, l&rsquo;amenant \u00e0 <em><strong>ex\u00e9cuter les vitraux de l&rsquo;Oratoire St-Joseph.<\/strong><\/em><\/p>\n<p><strong>En 1958, il remporte le Concours national du Qu\u00e9bec pour une huile sur toile<\/strong>, ce qui lui offre une belle visibilit\u00e9.\u00a0 Celle-ci fait d\u00e9sormais partie de la collection du Mus\u00e9e du Qu\u00e9bec. En 1972, il acquiert la Fonderie James Hezel et transforme l&rsquo;endroit en atelier de cr\u00e9ation permanent.\u00a0 Il y travaille toujours et y r\u00e9alise ses sculptures de bronze, de la plus petite taille au format monumental.<\/p>\n<p><strong><em>Gagnon r\u00e9alise plusieurs sculptures d&rsquo;art publics et il est dans diverses collections publiques et priv\u00e9es.<\/em><\/strong><\/p>\n<p><strong>Heures d&rsquo;ouverture de la Galerie B\u00e9cot.<\/strong><\/p>\n<p>Du jeudi au dimanche de 14h. \u00e0 16h.<\/p>\n<p>et sur rendez-vous au 418.559.6816.<\/p>\n<p><a href=\"https:\/\/www.galeriebecot.com\/wp-content\/uploads\/2019\/11\/Expo-lumiere.jpg\"><img loading=\"lazy\" decoding=\"async\" class=\"alignnone size-full wp-image-12087\" src=\"https:\/\/www.galeriebecot.com\/wp-content\/uploads\/2019\/11\/Expo-lumiere.jpg\" alt=\"\" width=\"864\" height=\"439\" srcset=\"https:\/\/galeriebecot.com\/wp-content\/uploads\/2019\/11\/Expo-lumiere.jpg 864w, https:\/\/galeriebecot.com\/wp-content\/uploads\/2019\/11\/Expo-lumiere-300x152.jpg 300w, https:\/\/galeriebecot.com\/wp-content\/uploads\/2019\/11\/Expo-lumiere-768x390.jpg 768w\" sizes=\"auto, (max-width: 864px) 100vw, 864px\" \/><\/a><\/p>\n<p>Exposition lumi\u00e8re : 6 d\u00e9cembre au 22 d\u00e9cembre 2019<\/p>\n<p><strong>Cr\u00e9dit photo<\/strong>. <em>Serge Philippe Tremblay<\/em><\/p>\n<p><iframe loading=\"lazy\" width=\"700\" height=\"394\" src=\"https:\/\/www.youtube.com\/embed\/tfjb6cNk80w?feature=oembed\" frameborder=\"0\" allow=\"accelerometer; autoplay; encrypted-media; gyroscope; picture-in-picture\" allowfullscreen><\/iframe><\/p>\n<p>&nbsp;<\/p>\n<p><a href=\"https:\/\/www.galeriebecot.com\/wp-content\/uploads\/2019\/11\/expo-lumiere1.jpg\"><img loading=\"lazy\" decoding=\"async\" class=\"alignnone size-large wp-image-12088\" src=\"https:\/\/www.galeriebecot.com\/wp-content\/uploads\/2019\/11\/expo-lumiere1-668x1024.jpg\" alt=\"\" width=\"668\" height=\"1024\" srcset=\"https:\/\/galeriebecot.com\/wp-content\/uploads\/2019\/11\/expo-lumiere1-668x1024.jpg 668w, https:\/\/galeriebecot.com\/wp-content\/uploads\/2019\/11\/expo-lumiere1-196x300.jpg 196w, https:\/\/galeriebecot.com\/wp-content\/uploads\/2019\/11\/expo-lumiere1.jpg 720w\" sizes=\"auto, (max-width: 668px) 100vw, 668px\" \/><\/a><\/p>\n<p>Gilbert S\u00e9vigny<\/p>\n<p><a href=\"https:\/\/www.facebook.com\/2087127151529256\/videos\/463931144263329\/\"><img loading=\"lazy\" decoding=\"async\" class=\"alignnone size-full wp-image-12129\" src=\"https:\/\/www.galeriebecot.com\/wp-content\/uploads\/2019\/12\/LeBlond11.jpg\" alt=\"\" width=\"527\" height=\"374\" srcset=\"https:\/\/galeriebecot.com\/wp-content\/uploads\/2019\/12\/LeBlond11.jpg 527w, https:\/\/galeriebecot.com\/wp-content\/uploads\/2019\/12\/LeBlond11-300x213.jpg 300w\" sizes=\"auto, (max-width: 527px) 100vw, 527px\" \/><\/a><\/p>\n<p><a href=\"https:\/\/www.facebook.com\/2087127151529256\/videos\/463931144263329\/\">Alain LeBlond<\/a><\/p>\n<p><a href=\"https:\/\/www.galeriebecot.com\/wp-content\/uploads\/2019\/11\/expo-lumiere3.jpg\"><img loading=\"lazy\" decoding=\"async\" class=\"alignnone wp-image-12089\" src=\"https:\/\/www.galeriebecot.com\/wp-content\/uploads\/2019\/11\/expo-lumiere3-1024x684.jpg\" alt=\"\" width=\"657\" height=\"432\" \/><\/a><\/p>\n<p>Colette Matte<\/p>\n<p><a href=\"https:\/\/www.galeriebecot.com\/wp-content\/uploads\/2019\/11\/expo-lumiere5.jpg\"><img loading=\"lazy\" decoding=\"async\" class=\"alignnone wp-image-12093\" src=\"https:\/\/www.galeriebecot.com\/wp-content\/uploads\/2019\/11\/expo-lumiere5.jpg\" alt=\"\" width=\"694\" height=\"458\" \/><\/a><\/p>\n<p>Pauline Taschereau<\/p>\n<p><a href=\"https:\/\/www.galeriebecot.com\/wp-content\/uploads\/2019\/11\/expo-lumiere-6.jpg\"><img loading=\"lazy\" decoding=\"async\" class=\"alignnone size-full wp-image-12094\" src=\"https:\/\/www.galeriebecot.com\/wp-content\/uploads\/2019\/11\/expo-lumiere-6.jpg\" alt=\"\" width=\"510\" height=\"720\" srcset=\"https:\/\/galeriebecot.com\/wp-content\/uploads\/2019\/11\/expo-lumiere-6.jpg 510w, https:\/\/galeriebecot.com\/wp-content\/uploads\/2019\/11\/expo-lumiere-6-213x300.jpg 213w\" sizes=\"auto, (max-width: 510px) 100vw, 510px\" \/><\/a><\/p>\n<p>C\u00e9line G. Lapointe<\/p>\n<p><a href=\"https:\/\/www.galeriebecot.com\/wp-content\/uploads\/2019\/11\/Expo-lumiere-2.jpg\"><img loading=\"lazy\" decoding=\"async\" class=\"alignnone wp-image-12091\" src=\"https:\/\/www.galeriebecot.com\/wp-content\/uploads\/2019\/11\/Expo-lumiere-2.jpg\" alt=\"\" width=\"501\" height=\"654\" \/><\/a><\/p>\n<p><a href=\"https:\/\/portfoliojstg.weebly.com\/?fbclid=IwAR2jC-vPQ5xpaBqbEiyHKf5fGlxeqcTrbjheaRhtnYwLvIMAyirHfVuIn3w\">Jean Saint-Germain<\/a><\/p>\n<p><a href=\"https:\/\/www.galeriebecot.com\/wp-content\/uploads\/2019\/11\/Martin-Bouchard.jpg\"><img loading=\"lazy\" decoding=\"async\" class=\"alignnone size-full wp-image-12097\" src=\"https:\/\/www.galeriebecot.com\/wp-content\/uploads\/2019\/11\/Martin-Bouchard.jpg\" alt=\"\" width=\"486\" height=\"745\" srcset=\"https:\/\/galeriebecot.com\/wp-content\/uploads\/2019\/11\/Martin-Bouchard.jpg 486w, https:\/\/galeriebecot.com\/wp-content\/uploads\/2019\/11\/Martin-Bouchard-196x300.jpg 196w\" sizes=\"auto, (max-width: 486px) 100vw, 486px\" \/><\/a><\/p>\n<p><a href=\"https:\/\/mbouchard777.wixsite.com\/martinbouchard\">Martin Bouchard<\/a><\/p>\n<p><a href=\"https:\/\/www.galeriebecot.com\/wp-content\/uploads\/2019\/11\/Bouchard-Becot-1.jpg\"><img loading=\"lazy\" decoding=\"async\" class=\"alignnone wp-image-12122\" src=\"https:\/\/www.galeriebecot.com\/wp-content\/uploads\/2019\/11\/Bouchard-Becot-1.jpg\" alt=\"\" width=\"485\" height=\"563\" \/><\/a><\/p>\n<p>Martin Bouchard et Andr\u00e9 B\u00e9cot le 12 d\u00e9cembre 2019<\/p>\n<p><a href=\"https:\/\/www.galeriebecot.com\/wp-content\/uploads\/2019\/11\/Michel-Raymond.jpg\"><img loading=\"lazy\" decoding=\"async\" class=\"alignnone wp-image-12098\" src=\"https:\/\/www.galeriebecot.com\/wp-content\/uploads\/2019\/11\/Michel-Raymond.jpg\" alt=\"\" width=\"480\" height=\"490\" \/><\/a><\/p>\n<p>Michel Raymond<\/p>\n<p><a href=\"https:\/\/www.galeriebecot.com\/wp-content\/uploads\/2019\/11\/Fournier.jpg\"><img loading=\"lazy\" decoding=\"async\" class=\"alignnone wp-image-12099\" src=\"https:\/\/www.galeriebecot.com\/wp-content\/uploads\/2019\/11\/Fournier.jpg\" alt=\"\" width=\"478\" height=\"649\" srcset=\"https:\/\/galeriebecot.com\/wp-content\/uploads\/2019\/11\/Fournier.jpg 530w, https:\/\/galeriebecot.com\/wp-content\/uploads\/2019\/11\/Fournier-221x300.jpg 221w\" sizes=\"auto, (max-width: 478px) 100vw, 478px\" \/><\/a><\/p>\n<p>Roger Fournier<\/p>\n<p><a href=\"https:\/\/www.galeriebecot.com\/wp-content\/uploads\/2019\/11\/Jerome-Morissette.jpg\"><img loading=\"lazy\" decoding=\"async\" class=\"alignnone wp-image-12100\" src=\"https:\/\/www.galeriebecot.com\/wp-content\/uploads\/2019\/11\/Jerome-Morissette.jpg\" alt=\"\" width=\"474\" height=\"470\" srcset=\"https:\/\/galeriebecot.com\/wp-content\/uploads\/2019\/11\/Jerome-Morissette.jpg 720w, https:\/\/galeriebecot.com\/wp-content\/uploads\/2019\/11\/Jerome-Morissette-150x150.jpg 150w, https:\/\/galeriebecot.com\/wp-content\/uploads\/2019\/11\/Jerome-Morissette-300x298.jpg 300w\" sizes=\"auto, (max-width: 474px) 100vw, 474px\" \/><\/a><\/p>\n<p>J\u00e9r\u00f4me Morissette<\/p>\n<p><a href=\"http:\/\/lalumiere.drpierrepepin.com\/\"><img loading=\"lazy\" decoding=\"async\" class=\"alignnone wp-image-12101\" src=\"https:\/\/www.galeriebecot.com\/wp-content\/uploads\/2019\/11\/Pierre-Pepin.jpg\" alt=\"\" width=\"461\" height=\"707\" \/><\/a><\/p>\n<p><a href=\"http:\/\/lalumiere.drpierrepepin.com\/\">Pierre P\u00e9pin<\/a><\/p>\n<p><a href=\"https:\/\/www.galeriebecot.com\/wp-content\/uploads\/2019\/11\/Becot-1.jpg\"><img loading=\"lazy\" decoding=\"async\" class=\"alignnone size-full wp-image-12103\" src=\"https:\/\/www.galeriebecot.com\/wp-content\/uploads\/2019\/11\/Becot-1.jpg\" alt=\"\" width=\"353\" height=\"710\" srcset=\"https:\/\/galeriebecot.com\/wp-content\/uploads\/2019\/11\/Becot-1.jpg 353w, https:\/\/galeriebecot.com\/wp-content\/uploads\/2019\/11\/Becot-1-149x300.jpg 149w\" sizes=\"auto, (max-width: 353px) 100vw, 353px\" \/><\/a><\/p>\n<p>Andr\u00e9 B\u00e9cot<\/p>\n<p><a href=\"https:\/\/www.galeriebecot.com\/wp-content\/uploads\/2019\/11\/Ann-Warren.jpg\"><img loading=\"lazy\" decoding=\"async\" class=\"alignnone wp-image-12104\" src=\"https:\/\/www.galeriebecot.com\/wp-content\/uploads\/2019\/11\/Ann-Warren.jpg\" alt=\"\" width=\"365\" height=\"485\" srcset=\"https:\/\/galeriebecot.com\/wp-content\/uploads\/2019\/11\/Ann-Warren.jpg 543w, https:\/\/galeriebecot.com\/wp-content\/uploads\/2019\/11\/Ann-Warren-226x300.jpg 226w\" sizes=\"auto, (max-width: 365px) 100vw, 365px\" \/><\/a><\/p>\n<p>Ann Warren<\/p>\n<p><a href=\"https:\/\/www.galeriebecot.com\/wp-content\/uploads\/2019\/11\/Denis-Lelievre.jpg\"><img loading=\"lazy\" decoding=\"async\" class=\"alignnone wp-image-12116\" src=\"https:\/\/www.galeriebecot.com\/wp-content\/uploads\/2019\/11\/Denis-Lelievre.jpg\" alt=\"\" width=\"449\" height=\"313\" \/><\/a><\/p>\n<p><a href=\"https:\/\/m.facebook.com\/klody.tremblay\/posts\/pcb.10157872594657351\/?photo_id=10157872590692351&amp;mds=%2Fphotos%2Fviewer%2F%3Fphotoset_token%3Dpcb.10157872594657351%26photo%3D10157872590692351%26profileid%3D739099984%26source%3D48%26refid%3D28%26_ft_%3Dqid.6768833977410158374%253Amf_story_key.-6588135673060538313%253Atop_level_post_id.10157872594657351%253Acontent_owner_id_new.676717350%253Asrc.22%253Aphoto_attachments_list.%5B10157872590332351%252C10157872590347351%252C10157872590692351%5D%253Astory_location.5%253Astory_attachment_style.album%253Aview_time.1575991971%253Afilter.h_nor%26__tn__%3DEH-R%26cached_data%3Dfalse%26ftid%3D&amp;mdp=1&amp;mdf=1\">Pr\u00e9sentation des oeuvres de Kl\u00f6dy Tremblay par Denis Leli\u00e8vre.<\/a><\/p>\n<p><a href=\"https:\/\/www.galeriebecot.com\/wp-content\/uploads\/2019\/11\/Invitation-corrigeOKOK.jpg\"><img loading=\"lazy\" decoding=\"async\" class=\"alignnone size-full wp-image-11874\" src=\"https:\/\/www.galeriebecot.com\/wp-content\/uploads\/2019\/11\/Invitation-corrigeOKOK.jpg\" alt=\"\" width=\"477\" height=\"705\" srcset=\"https:\/\/galeriebecot.com\/wp-content\/uploads\/2019\/11\/Invitation-corrigeOKOK.jpg 477w, https:\/\/galeriebecot.com\/wp-content\/uploads\/2019\/11\/Invitation-corrigeOKOK-203x300.jpg 203w\" sizes=\"auto, (max-width: 477px) 100vw, 477px\" \/><\/a><\/p>\n<p>Dans le cadre de la s\u00e9rie d&rsquo;expositions.<\/p>\n<p>PERCEPTION SENSORIELLE.<\/p>\n<p><a href=\"https:\/\/www.galeriebecot.com\/wp-content\/uploads\/2019\/11\/vernissage-33.jpg\"><img loading=\"lazy\" decoding=\"async\" class=\"alignnone size-large wp-image-11885\" src=\"https:\/\/www.galeriebecot.com\/wp-content\/uploads\/2019\/11\/vernissage-33-681x1024.jpg\" alt=\"\" width=\"681\" height=\"1024\" srcset=\"https:\/\/galeriebecot.com\/wp-content\/uploads\/2019\/11\/vernissage-33-681x1024.jpg 681w, https:\/\/galeriebecot.com\/wp-content\/uploads\/2019\/11\/vernissage-33-199x300.jpg 199w, https:\/\/galeriebecot.com\/wp-content\/uploads\/2019\/11\/vernissage-33.jpg 720w\" sizes=\"auto, (max-width: 681px) 100vw, 681px\" \/><\/a><\/p>\n<p><a href=\"https:\/\/www.galeriebecot.com\/wp-content\/uploads\/2019\/11\/Darby-Klody-Becot1.jpg\"><img loading=\"lazy\" decoding=\"async\" class=\"alignnone size-full wp-image-11926\" src=\"https:\/\/www.galeriebecot.com\/wp-content\/uploads\/2019\/11\/Darby-Klody-Becot1.jpg\" alt=\"\" width=\"432\" height=\"324\" srcset=\"https:\/\/galeriebecot.com\/wp-content\/uploads\/2019\/11\/Darby-Klody-Becot1.jpg 432w, https:\/\/galeriebecot.com\/wp-content\/uploads\/2019\/11\/Darby-Klody-Becot1-300x225.jpg 300w\" sizes=\"auto, (max-width: 432px) 100vw, 432px\" \/><\/a><\/p>\n<p>Don Darby, Kl\u00f4dy Tremblay et Andr\u00e9 B\u00e9cot.<\/p>\n<p>Vernissage\u00a0P\u00c9NOMBRE.<\/p>\n<p><strong>Le Vendredi 15 novembre dans une formule 5 @ 7.<\/strong><\/p>\n<p><strong>Un gros merci \u00e0 notre \u00e9quipe de montage ; Alain LeBlond, J\u00e9r\u00f4me Morissette, Don Darby et Kl\u00f6dy.<\/strong><\/p>\n<p>Bienvenue \u00e0 tous !<\/p>\n<p>J\u00e9r\u00f4me Morissette,Pierre P\u00e9pin, Francine No\u00ebl, ,Jean Philip Audet, Martin Bouchard, Carol Poulin, Aristide Gagnon, Claude Frachon, Renald Brisebois, Alain LeBlond, Michel Raymond, Don Darby, Andr\u00e9 B\u00e9cot, <strong>Melvyn Fl\u00f3rez<\/strong>, Kl\u00f6dy&amp;Larouche, Ann Warren\u00a0,Andr\u00e9 B\u00e9cot.<\/p>\n<p><a href=\"https:\/\/www.galeriebecot.com\/wp-content\/uploads\/2019\/11\/Vernissage-4.jpeg\"><img loading=\"lazy\" decoding=\"async\" class=\"alignnone wp-image-11886\" src=\"https:\/\/www.galeriebecot.com\/wp-content\/uploads\/2019\/11\/Vernissage-4.jpeg\" alt=\"\" width=\"698\" height=\"282\" \/><\/a><\/p>\n<p><a href=\"https:\/\/www.youtube.com\/watch?v=eXp2qKZUoxY&amp;feature=emb_logo\"><img loading=\"lazy\" decoding=\"async\" class=\"alignnone size-full wp-image-12068\" src=\"https:\/\/www.galeriebecot.com\/wp-content\/uploads\/2019\/11\/Melvyn.jpg\" alt=\"\" width=\"538\" height=\"315\" srcset=\"https:\/\/galeriebecot.com\/wp-content\/uploads\/2019\/11\/Melvyn.jpg 538w, https:\/\/galeriebecot.com\/wp-content\/uploads\/2019\/11\/Melvyn-300x176.jpg 300w\" sizes=\"auto, (max-width: 538px) 100vw, 538px\" \/><\/a><\/p>\n<p>Sculptures et r\u00e9alisation par <strong>Melvyn\u00a0Fl\u00f3rez. <\/strong><em>( pour visionner la vid\u00e9o, un click dans l&rsquo;image)<\/em><\/p>\n<p><a href=\"https:\/\/www.galeriebecot.com\/wp-content\/uploads\/2019\/11\/Becot.jpg\"><img loading=\"lazy\" decoding=\"async\" class=\"alignnone size-full wp-image-11889\" src=\"https:\/\/www.galeriebecot.com\/wp-content\/uploads\/2019\/11\/Becot.jpg\" alt=\"\" width=\"432\" height=\"511\" srcset=\"https:\/\/galeriebecot.com\/wp-content\/uploads\/2019\/11\/Becot.jpg 432w, https:\/\/galeriebecot.com\/wp-content\/uploads\/2019\/11\/Becot-254x300.jpg 254w\" sizes=\"auto, (max-width: 432px) 100vw, 432px\" \/><\/a><\/p>\n<p>Andr\u00e9 B\u00e9cot (<em>techniques mixtes<\/em>) collection priv\u00e9e.<\/p>\n<p><a href=\"https:\/\/www.galeriebecot.com\/wp-content\/uploads\/2019\/11\/Brisebois.jpg\"><img loading=\"lazy\" decoding=\"async\" class=\"alignnone size-full wp-image-11890\" src=\"https:\/\/www.galeriebecot.com\/wp-content\/uploads\/2019\/11\/Brisebois.jpg\" alt=\"\" width=\"432\" height=\"588\" srcset=\"https:\/\/galeriebecot.com\/wp-content\/uploads\/2019\/11\/Brisebois.jpg 432w, https:\/\/galeriebecot.com\/wp-content\/uploads\/2019\/11\/Brisebois-220x300.jpg 220w\" sizes=\"auto, (max-width: 432px) 100vw, 432px\" \/><\/a><\/p>\n<p>Renald Brisebois ( <em>huile<\/em>)<\/p>\n<p><a href=\"http:\/\/www.moulinlalorraine.ca\/\"><img loading=\"lazy\" decoding=\"async\" class=\"alignnone wp-image-11929\" src=\"https:\/\/www.galeriebecot.com\/wp-content\/uploads\/2019\/11\/Renald-1-730x1024.jpg\" alt=\"\" width=\"601\" height=\"898\" \/><\/a><\/p>\n<p><a href=\"https:\/\/www.galeriebecot.com\/wp-content\/uploads\/2019\/11\/Frachon.jpg\"><img loading=\"lazy\" decoding=\"async\" class=\"alignnone size-full wp-image-11891\" src=\"https:\/\/www.galeriebecot.com\/wp-content\/uploads\/2019\/11\/Frachon.jpg\" alt=\"\" width=\"432\" height=\"177\" srcset=\"https:\/\/galeriebecot.com\/wp-content\/uploads\/2019\/11\/Frachon.jpg 432w, https:\/\/galeriebecot.com\/wp-content\/uploads\/2019\/11\/Frachon-300x123.jpg 300w\" sizes=\"auto, (max-width: 432px) 100vw, 432px\" \/><\/a><\/p>\n<p>Claude Frachon (<em>huile sur bois<\/em>) collection priv\u00e9e<\/p>\n<p><a href=\"https:\/\/www.galeriebecot.com\/wp-content\/uploads\/2019\/11\/Morissette111.jpg\"><img loading=\"lazy\" decoding=\"async\" class=\"alignnone size-full wp-image-11917\" src=\"https:\/\/www.galeriebecot.com\/wp-content\/uploads\/2019\/11\/Morissette111.jpg\" alt=\"\" width=\"202\" height=\"720\" srcset=\"https:\/\/galeriebecot.com\/wp-content\/uploads\/2019\/11\/Morissette111.jpg 202w, https:\/\/galeriebecot.com\/wp-content\/uploads\/2019\/11\/Morissette111-84x300.jpg 84w\" sizes=\"auto, (max-width: 202px) 100vw, 202px\" \/><\/a><\/p>\n<p>J\u00e9r\u00f4me Morissette ( <em>Alkyde sur bois<\/em>)<\/p>\n<p><a href=\"https:\/\/www.galeriebecot.com\/wp-content\/uploads\/2019\/11\/Poulin.jpg\"><img loading=\"lazy\" decoding=\"async\" class=\"alignnone size-full wp-image-11893\" src=\"https:\/\/www.galeriebecot.com\/wp-content\/uploads\/2019\/11\/Poulin.jpg\" alt=\"\" width=\"521\" height=\"432\" srcset=\"https:\/\/galeriebecot.com\/wp-content\/uploads\/2019\/11\/Poulin.jpg 521w, https:\/\/galeriebecot.com\/wp-content\/uploads\/2019\/11\/Poulin-300x249.jpg 300w\" sizes=\"auto, (max-width: 521px) 100vw, 521px\" \/><\/a><\/p>\n<p>Carol Poulin (<em>techniques mixtes sur papier Ingres<\/em>)<\/p>\n<p><a href=\"https:\/\/www.galeriebecot.com\/wp-content\/uploads\/2019\/11\/Warren.jpg\"><img loading=\"lazy\" decoding=\"async\" class=\"alignnone size-full wp-image-11895\" src=\"https:\/\/www.galeriebecot.com\/wp-content\/uploads\/2019\/11\/Warren.jpg\" alt=\"\" width=\"432\" height=\"522\" srcset=\"https:\/\/galeriebecot.com\/wp-content\/uploads\/2019\/11\/Warren.jpg 432w, https:\/\/galeriebecot.com\/wp-content\/uploads\/2019\/11\/Warren-248x300.jpg 248w\" sizes=\"auto, (max-width: 432px) 100vw, 432px\" \/><\/a><\/p>\n<p>Ann Warren ( <em>Acrylique sur papier Arches<\/em>)<\/p>\n<p><a href=\"https:\/\/www.galeriebecot.com\/wp-content\/uploads\/2019\/11\/Audet.jpg\"><img loading=\"lazy\" decoding=\"async\" class=\"alignnone size-full wp-image-11899\" src=\"https:\/\/www.galeriebecot.com\/wp-content\/uploads\/2019\/11\/Audet.jpg\" alt=\"\" width=\"324\" height=\"432\" srcset=\"https:\/\/galeriebecot.com\/wp-content\/uploads\/2019\/11\/Audet.jpg 324w, https:\/\/galeriebecot.com\/wp-content\/uploads\/2019\/11\/Audet-225x300.jpg 225w\" sizes=\"auto, (max-width: 324px) 100vw, 324px\" \/><\/a><\/p>\n<p>Carol Poulin et Jean Philip Audet (<em>Bois, r\u00e9sine@fibre de verre<\/em>)<\/p>\n<p><a href=\"https:\/\/www.galeriebecot.com\/wp-content\/uploads\/2019\/11\/Darby.jpg\"><img loading=\"lazy\" decoding=\"async\" class=\"alignnone size-full wp-image-11901\" src=\"https:\/\/www.galeriebecot.com\/wp-content\/uploads\/2019\/11\/Darby.jpg\" alt=\"\" width=\"432\" height=\"432\" srcset=\"https:\/\/galeriebecot.com\/wp-content\/uploads\/2019\/11\/Darby.jpg 432w, https:\/\/galeriebecot.com\/wp-content\/uploads\/2019\/11\/Darby-150x150.jpg 150w, https:\/\/galeriebecot.com\/wp-content\/uploads\/2019\/11\/Darby-300x300.jpg 300w, https:\/\/galeriebecot.com\/wp-content\/uploads\/2019\/11\/Darby-330x330.jpg 330w\" sizes=\"auto, (max-width: 432px) 100vw, 432px\" \/><\/a><\/p>\n<p>Don Darby ( <em>acier soud\u00e9<\/em>)<\/p>\n<p><a href=\"https:\/\/www.galeriebecot.com\/wp-content\/uploads\/2019\/11\/Noel.jpg\"><img loading=\"lazy\" decoding=\"async\" class=\"alignnone size-full wp-image-11911\" src=\"https:\/\/www.galeriebecot.com\/wp-content\/uploads\/2019\/11\/Noel.jpg\" alt=\"\" width=\"432\" height=\"394\" srcset=\"https:\/\/galeriebecot.com\/wp-content\/uploads\/2019\/11\/Noel.jpg 432w, https:\/\/galeriebecot.com\/wp-content\/uploads\/2019\/11\/Noel-300x274.jpg 300w\" sizes=\"auto, (max-width: 432px) 100vw, 432px\" \/><\/a><\/p>\n<p>Francine No\u00ebl ( <em>cordes d&rsquo;instruments, ressorts, stanioles, perle de verre, cintres, griffe d&rsquo;ours<\/em> )<\/p>\n<p><a href=\"https:\/\/www.galeriebecot.com\/wp-content\/uploads\/2019\/11\/Raymond.jpg\"><img loading=\"lazy\" decoding=\"async\" class=\"alignnone size-full wp-image-11906\" src=\"https:\/\/www.galeriebecot.com\/wp-content\/uploads\/2019\/11\/Raymond.jpg\" alt=\"\" width=\"432\" height=\"432\" srcset=\"https:\/\/galeriebecot.com\/wp-content\/uploads\/2019\/11\/Raymond.jpg 432w, https:\/\/galeriebecot.com\/wp-content\/uploads\/2019\/11\/Raymond-150x150.jpg 150w, https:\/\/galeriebecot.com\/wp-content\/uploads\/2019\/11\/Raymond-300x300.jpg 300w, https:\/\/galeriebecot.com\/wp-content\/uploads\/2019\/11\/Raymond-330x330.jpg 330w\" sizes=\"auto, (max-width: 432px) 100vw, 432px\" \/><\/a><\/p>\n<p>Michel Raymond (<em>Bois et Os de baleine<\/em> ) collection priv\u00e9e.<\/p>\n<p><a href=\"https:\/\/www.galeriebecot.com\/wp-content\/uploads\/2019\/11\/Klody-et-Larouche.jpg\"><img loading=\"lazy\" decoding=\"async\" class=\"alignnone size-full wp-image-11902\" src=\"https:\/\/www.galeriebecot.com\/wp-content\/uploads\/2019\/11\/Klody-et-Larouche.jpg\" alt=\"\" width=\"433\" height=\"720\" srcset=\"https:\/\/galeriebecot.com\/wp-content\/uploads\/2019\/11\/Klody-et-Larouche.jpg 433w, https:\/\/galeriebecot.com\/wp-content\/uploads\/2019\/11\/Klody-et-Larouche-180x300.jpg 180w\" sizes=\"auto, (max-width: 433px) 100vw, 433px\" \/><\/a><\/p>\n<p>Kl\u00f6dy et Larouche ( <em>Acrylique sur papier Arches<\/em>)<\/p>\n<p><a href=\"https:\/\/www.galeriebecot.com\/wp-content\/uploads\/2019\/11\/LeBlond100.jpg\"><img loading=\"lazy\" decoding=\"async\" class=\"alignnone size-full wp-image-11923\" src=\"https:\/\/www.galeriebecot.com\/wp-content\/uploads\/2019\/11\/LeBlond100.jpg\" alt=\"\" width=\"432\" height=\"197\" srcset=\"https:\/\/galeriebecot.com\/wp-content\/uploads\/2019\/11\/LeBlond100.jpg 432w, https:\/\/galeriebecot.com\/wp-content\/uploads\/2019\/11\/LeBlond100-300x137.jpg 300w\" sizes=\"auto, (max-width: 432px) 100vw, 432px\" \/><\/a><\/p>\n<p>Alain LeBlond (<em> Num\u00e9rique 3D, encres UV archives, aluminium 1\/16 pouce<\/em>)<\/p>\n<p><a href=\"https:\/\/www.galeriebecot.com\/wp-content\/uploads\/2019\/11\/Bouchard1.jpg\"><img loading=\"lazy\" decoding=\"async\" class=\"alignnone size-full wp-image-11921\" src=\"https:\/\/www.galeriebecot.com\/wp-content\/uploads\/2019\/11\/Bouchard1.jpg\" alt=\"\" width=\"251\" height=\"432\" srcset=\"https:\/\/galeriebecot.com\/wp-content\/uploads\/2019\/11\/Bouchard1.jpg 251w, https:\/\/galeriebecot.com\/wp-content\/uploads\/2019\/11\/Bouchard1-174x300.jpg 174w\" sizes=\"auto, (max-width: 251px) 100vw, 251px\" \/><\/a><\/p>\n<p>Martin Bouchard ( <em>b\u00e9ton,roche et rayons<\/em>)<\/p>\n<p><a href=\"https:\/\/www.galeriebecot.com\/wp-content\/uploads\/2019\/11\/Gagon.jpg\"><img loading=\"lazy\" decoding=\"async\" class=\"alignnone size-full wp-image-11913\" src=\"https:\/\/www.galeriebecot.com\/wp-content\/uploads\/2019\/11\/Gagon.jpg\" alt=\"\" width=\"432\" height=\"614\" srcset=\"https:\/\/galeriebecot.com\/wp-content\/uploads\/2019\/11\/Gagon.jpg 432w, https:\/\/galeriebecot.com\/wp-content\/uploads\/2019\/11\/Gagon-211x300.jpg 211w\" sizes=\"auto, (max-width: 432px) 100vw, 432px\" \/><\/a><\/p>\n<p>Aristide Gagnon ( <em>acrylique<\/em> )<\/p>\n<p><a href=\"https:\/\/www.galeriebecot.com\/wp-content\/uploads\/2019\/11\/Pepin.jpg\"><img loading=\"lazy\" decoding=\"async\" class=\"alignnone size-full wp-image-11903\" src=\"https:\/\/www.galeriebecot.com\/wp-content\/uploads\/2019\/11\/Pepin.jpg\" alt=\"\" width=\"432\" height=\"431\" srcset=\"https:\/\/galeriebecot.com\/wp-content\/uploads\/2019\/11\/Pepin.jpg 432w, https:\/\/galeriebecot.com\/wp-content\/uploads\/2019\/11\/Pepin-150x150.jpg 150w, https:\/\/galeriebecot.com\/wp-content\/uploads\/2019\/11\/Pepin-300x300.jpg 300w, https:\/\/galeriebecot.com\/wp-content\/uploads\/2019\/11\/Pepin-330x330.jpg 330w\" sizes=\"auto, (max-width: 432px) 100vw, 432px\" \/><\/a><\/p>\n<p>Pierre P\u00e9pin ( <em>impression jet d&rsquo;encre<\/em> )<\/p>\n<p><a href=\"https:\/\/www.galeriebecot.com\/wp-content\/uploads\/2019\/11\/Tremblay-Serge-Philippe.jpg\"><img loading=\"lazy\" decoding=\"async\" class=\"alignnone size-full wp-image-11905\" src=\"https:\/\/www.galeriebecot.com\/wp-content\/uploads\/2019\/11\/Tremblay-Serge-Philippe.jpg\" alt=\"\" width=\"432\" height=\"281\" srcset=\"https:\/\/galeriebecot.com\/wp-content\/uploads\/2019\/11\/Tremblay-Serge-Philippe.jpg 432w, https:\/\/galeriebecot.com\/wp-content\/uploads\/2019\/11\/Tremblay-Serge-Philippe-300x195.jpg 300w\" sizes=\"auto, (max-width: 432px) 100vw, 432px\" \/><\/a><\/p>\n<p>Serge Philippe Tremblay (<em>Impression jet d&rsquo;encre<\/em> )<\/p>\n<p><a href=\"https:\/\/www.galeriebecot.com\/wp-content\/uploads\/2019\/11\/Artistes-.jpg\"><img loading=\"lazy\" decoding=\"async\" class=\"alignnone size-full wp-image-11938\" src=\"https:\/\/www.galeriebecot.com\/wp-content\/uploads\/2019\/11\/Artistes-.jpg\" alt=\"\" width=\"477\" height=\"612\" srcset=\"https:\/\/galeriebecot.com\/wp-content\/uploads\/2019\/11\/Artistes-.jpg 477w, https:\/\/galeriebecot.com\/wp-content\/uploads\/2019\/11\/Artistes--234x300.jpg 234w\" sizes=\"auto, (max-width: 477px) 100vw, 477px\" \/><\/a><\/p>\n<p>Chantal-Jane Garant, peintre \/ Melvyn Fl\u00f3rez,sculpteur,\/ Claude Frachon, peintre et sculpteur,\/ J\u00e9r\u00f4me Morissette, peintre et sculpteur,\/ Jean-Philip Audet, sculpteur,\/ Francis Bacon, peintre,\/<\/p>\n<p>Aristide Gagnon,peintre et sculpteur,\/ Yves Perrault,peintre,\/ Pierre Lanoie, peintre.<\/p>\n<p><strong>Cr\u00e9dit Photo : <em>Serge Philippe Tremblay<\/em><\/strong><\/p>\n<p><a href=\"https:\/\/www.galeriebecot.com\/wp-content\/uploads\/2019\/11\/Galeriebecot.jpg\"><img loading=\"lazy\" decoding=\"async\" class=\"alignnone size-full wp-image-11848\" src=\"https:\/\/www.galeriebecot.com\/wp-content\/uploads\/2019\/11\/Galeriebecot.jpg\" alt=\"\" width=\"638\" height=\"263\" srcset=\"https:\/\/galeriebecot.com\/wp-content\/uploads\/2019\/11\/Galeriebecot.jpg 638w, https:\/\/galeriebecot.com\/wp-content\/uploads\/2019\/11\/Galeriebecot-300x124.jpg 300w\" sizes=\"auto, (max-width: 638px) 100vw, 638px\" \/><\/a><\/p>\n<p><a href=\"http:\/\/www.galeriequebec.ca\/\"><img loading=\"lazy\" decoding=\"async\" class=\"alignnone wp-image-11806\" src=\"https:\/\/www.galeriebecot.com\/wp-content\/uploads\/2019\/11\/Galerie.jpg\" alt=\"\" width=\"151\" height=\"238\" \/><\/a><\/p>\n<p>Le peintre et sculpteur <strong><a href=\"http:\/\/aristidegagnon.com\/accueil.htm\">Aristide Gagnon<\/a>\u00a0<\/strong>sera aussi, un des artistes du dernier collectif.<\/p>\n<p>&nbsp;<\/p>\n<p><a href=\"https:\/\/www.galeriebecot.com\/wp-content\/uploads\/2019\/04\/Vernissage-Manif-333-mai-.jpg\"><img loading=\"lazy\" decoding=\"async\" class=\"alignnone size-full wp-image-11174\" src=\"https:\/\/www.galeriebecot.com\/wp-content\/uploads\/2019\/04\/Vernissage-Manif-333-mai-.jpg\" alt=\"\" width=\"390\" height=\"358\" srcset=\"https:\/\/galeriebecot.com\/wp-content\/uploads\/2019\/04\/Vernissage-Manif-333-mai-.jpg 390w, https:\/\/galeriebecot.com\/wp-content\/uploads\/2019\/04\/Vernissage-Manif-333-mai--300x275.jpg 300w\" sizes=\"auto, (max-width: 390px) 100vw, 390px\" \/><\/a><\/p>\n<p><a href=\"https:\/\/my.matterport.com\/show\/?m=MeG2Z6qYa6D\"><img loading=\"lazy\" decoding=\"async\" class=\"alignnone size-full wp-image-11272\" src=\"https:\/\/www.galeriebecot.com\/wp-content\/uploads\/2019\/04\/Galerie-Becot-ensemble1.jpg\" alt=\"\" width=\"576\" height=\"317\" srcset=\"https:\/\/galeriebecot.com\/wp-content\/uploads\/2019\/04\/Galerie-Becot-ensemble1.jpg 576w, https:\/\/galeriebecot.com\/wp-content\/uploads\/2019\/04\/Galerie-Becot-ensemble1-300x165.jpg 300w\" sizes=\"auto, (max-width: 576px) 100vw, 576px\" \/><\/a><\/p>\n<p><a href=\"https:\/\/my.matterport.com\/show\/?m=MeG2Z6qYa6D\">Pour une visite compl\u00e8te de la Galerie B\u00e9cot , un click sur l&rsquo;image.<em> ( cr\u00e9dit : Andr\u00e9 Tremblay)<\/em><\/a><\/p>\n<p>Renald <a href=\"http:\/\/renaldbrisebois.com\/\"><strong>Brisebois<\/strong><\/a>, Francine <strong><a href=\"https:\/\/francinevernac.blogspot.com\/\">Vermac<\/a>,<\/strong><\/p>\n<p>Marie<strong><a href=\"https:\/\/www.galeriebecot.com\/?p=11196\"> Emond<\/a>,<\/strong> Roger <a href=\"https:\/\/www.galeriebecot.com\/?p=1444\"><strong>Fournier<\/strong><\/a>,<\/p>\n<p>Jing<a href=\"https:\/\/www.galeriebecot.com\/?p=11208\"><strong> Xuan<\/strong><\/a>, Gabriel <a href=\"http:\/\/gabriellalonde.blogspot.com\/\"><strong>Lalonde<\/strong><\/a>,<\/p>\n<p>Alain <a href=\"https:\/\/alainleblond.wixsite.com\/leblonddd?fbclid=IwAR2zw-x3vIzFolya1JYI6gZPnJa45zAwmtqqixZcjU5_qCznDbx35pdMKxY\"><strong>LeBlond<\/strong><\/a>,\u00a0Annie <a href=\"https:\/\/www.annielevesque.com\/\"><strong>L\u00e9vesque<\/strong><\/a>,<\/p>\n<p>Odette <strong><a href=\"http:\/\/www.odettetheberge.com\/\">Th\u00e9berge<\/a>, \u00a0Aline <a href=\"https:\/\/alimartino.wixsite.com\/aline-martineau\">Martineau<\/a>,<\/strong><\/p>\n<p>Pierre <a href=\"http:\/\/lalumiere.drpierrepepin.com\/\"><strong>P\u00e9pin<\/strong><\/a>, \u00a0Marie-Reine<a href=\"https:\/\/www.lespacecontemporain.com\/galerie-de-quebec\/artiste\/Marie-Reine-LEROUX\"> <strong>Leroux<\/strong><\/a>,<\/p>\n<p>Yang <strong><a href=\"https:\/\/www.galeriebecot.com\/?p=11208\">Feng<\/a>,\u00a0H\u00e9l\u00e8ne <a href=\"https:\/\/www.atelierdelamezzanine.com\/galeries-membres\/item\/h%C3%A9l%C3%A8ne-cloutier.html\">Cloutier<\/a>,\u00a0<\/strong><\/p>\n<p><strong>Nous avons aussi \u00a0invit\u00e9 les artistes :<\/strong><\/p>\n<p><a href=\"https:\/\/klodytremblay.odexpo.com\/\"><strong>Kl\u00f4dy<\/strong><\/a>, <a href=\"http:\/\/www.pibocreations.com\/?fbclid=IwAR2M1fXvmgR3_9O-5lrRCSwnL-N1xhvkVbSz0pmRp42g3TP-LWid9u8q71U\"><strong>Pibo<\/strong><\/a>, Lise \u00a0<a href=\"http:\/\/www.marsanl.com\/\"><strong>Marsan<\/strong><\/a>, Paul\u00a0<a href=\"https:\/\/www.sculpturepaulduval.com\/\"><strong>Duval<\/strong><\/a> et Michel\u00a0<a href=\"https:\/\/www.facebook.com\/michel.raymond.7161\"><strong>Raymond<\/strong><\/a> \u00e0 se joindre \u00e0 nous.<\/p>\n<p><a href=\"https:\/\/www.galeriebecot.com\/wp-content\/uploads\/2019\/04\/Emond-Marie.jpeg\"><img loading=\"lazy\" decoding=\"async\" class=\"size-full wp-image-11285\" src=\"https:\/\/www.galeriebecot.com\/wp-content\/uploads\/2019\/04\/Emond-Marie.jpeg\" alt=\"\" width=\"432\" height=\"588\" srcset=\"https:\/\/galeriebecot.com\/wp-content\/uploads\/2019\/04\/Emond-Marie.jpeg 432w, https:\/\/galeriebecot.com\/wp-content\/uploads\/2019\/04\/Emond-Marie-220x300.jpeg 220w\" sizes=\"auto, (max-width: 432px) 100vw, 432px\" \/><\/a><\/p>\n<p>Oeuvre de Marie \u00c9mond ( <em>cr\u00e9dit photo Kl\u00f6dy<\/em>)<\/p>\n<p><a href=\"https:\/\/www.galeriebecot.com\/wp-content\/uploads\/2019\/04\/vernissage-2222.jpg\"><img loading=\"lazy\" decoding=\"async\" class=\"alignnone size-full wp-image-11282\" src=\"https:\/\/www.galeriebecot.com\/wp-content\/uploads\/2019\/04\/vernissage-2222.jpg\" alt=\"\" width=\"576\" height=\"334\" srcset=\"https:\/\/galeriebecot.com\/wp-content\/uploads\/2019\/04\/vernissage-2222.jpg 576w, https:\/\/galeriebecot.com\/wp-content\/uploads\/2019\/04\/vernissage-2222-300x174.jpg 300w\" sizes=\"auto, (max-width: 576px) 100vw, 576px\" \/><\/a><\/p>\n<p>Vernissage du 3 mai 2019 (<em> cr\u00e9dit photo Serge-Philippe Tremblay<\/em>)<\/p>\n<div id=\"attachment_11287\" style=\"width: 442px\" class=\"wp-caption alignnone\"><a href=\"https:\/\/www.galeriebecot.com\/wp-content\/uploads\/2019\/04\/emond3.jpeg\"><img loading=\"lazy\" decoding=\"async\" aria-describedby=\"caption-attachment-11287\" class=\"size-full wp-image-11287\" src=\"https:\/\/www.galeriebecot.com\/wp-content\/uploads\/2019\/04\/emond3.jpeg\" alt=\"\" width=\"432\" height=\"538\" srcset=\"https:\/\/galeriebecot.com\/wp-content\/uploads\/2019\/04\/emond3.jpeg 432w, https:\/\/galeriebecot.com\/wp-content\/uploads\/2019\/04\/emond3-241x300.jpeg 241w\" sizes=\"auto, (max-width: 432px) 100vw, 432px\" \/><\/a><p id=\"caption-attachment-11287\" class=\"wp-caption-text\">Pr\u00e9sentation des artistes par Andr\u00e9 B\u00e9cot<\/p><\/div>\n<div id=\"attachment_11286\" style=\"width: 442px\" class=\"wp-caption alignnone\"><a href=\"https:\/\/www.galeriebecot.com\/wp-content\/uploads\/2019\/04\/Emond-2.jpeg\"><img loading=\"lazy\" decoding=\"async\" aria-describedby=\"caption-attachment-11286\" class=\"size-full wp-image-11286\" src=\"https:\/\/www.galeriebecot.com\/wp-content\/uploads\/2019\/04\/Emond-2.jpeg\" alt=\"\" width=\"432\" height=\"461\" srcset=\"https:\/\/galeriebecot.com\/wp-content\/uploads\/2019\/04\/Emond-2.jpeg 432w, https:\/\/galeriebecot.com\/wp-content\/uploads\/2019\/04\/Emond-2-281x300.jpeg 281w\" sizes=\"auto, (max-width: 432px) 100vw, 432px\" \/><\/a><p id=\"caption-attachment-11286\" class=\"wp-caption-text\">Vernissage du vendredi 3 mai \u00a0<em>( cr\u00e9dit photo : Michel Boulianne)<\/em><\/p><\/div>\n<p><a href=\"https:\/\/www.galeriebecot.com\/?p=8432\"><img loading=\"lazy\" decoding=\"async\" class=\"alignnone size-full wp-image-11231\" src=\"https:\/\/www.galeriebecot.com\/wp-content\/uploads\/2019\/04\/vernissage-3-1.jpg\" alt=\"\" width=\"432\" height=\"357\" srcset=\"https:\/\/galeriebecot.com\/wp-content\/uploads\/2019\/04\/vernissage-3-1.jpg 432w, https:\/\/galeriebecot.com\/wp-content\/uploads\/2019\/04\/vernissage-3-1-300x248.jpg 300w\" sizes=\"auto, (max-width: 432px) 100vw, 432px\" \/><\/a><\/p>\n<p><a href=\"https:\/\/www.galeriebecot.com\/wp-content\/uploads\/2019\/05\/becot-pour-web-format.jpg\"><img loading=\"lazy\" decoding=\"async\" class=\"alignnone size-full wp-image-11728\" src=\"https:\/\/www.galeriebecot.com\/wp-content\/uploads\/2019\/05\/becot-pour-web-format.jpg\" alt=\"\" width=\"485\" height=\"576\" srcset=\"https:\/\/galeriebecot.com\/wp-content\/uploads\/2019\/05\/becot-pour-web-format.jpg 485w, https:\/\/galeriebecot.com\/wp-content\/uploads\/2019\/05\/becot-pour-web-format-253x300.jpg 253w\" sizes=\"auto, (max-width: 485px) 100vw, 485px\" \/><\/a><\/p>\n<p>Andr\u00e9 B\u00e9cot <a href=\"https:\/\/www.facebook.com\/coulombe.larosesamson?__tn__=%2CdC-R-R&amp;eid=ARDOivEdS1ah-bYIdKpQu5Vr3cGlvz4ni3b3eHa8AvxHVfxVA6t3Cl7qzfIzTZhxAaDCKpGwArBkMUVU&amp;hc_ref=ARRcT_upwcFDVz-6UXQvAez7Yg-h2PnnqtrGo-JNQoEQCrZDWHDIICR8ieNvgp_narQ&amp;fref=nf\"><em>(cr\u00e9dit photo : Jean Coulombe )<\/em><\/a><\/p>\n<p><a href=\"https:\/\/www.galeriebecot.com\/?p=8432\">Retour sur les vernissages du 15 f\u00e9vrier, 15 mars et \u00a012 avril 2019.<\/a><\/p>\n<p><a href=\"https:\/\/www.mnbaq.org\/?gclid=EAIaIQobChMIuO7AyM3X4QIVjByGCh1HLABJEAAYASAAEgLtyfD_BwE\"><img loading=\"lazy\" decoding=\"async\" class=\"alignnone size-large wp-image-11087\" src=\"https:\/\/www.galeriebecot.com\/wp-content\/uploads\/2019\/04\/Becot-OFF-off-a-682x1024.jpg\" alt=\"\" width=\"682\" height=\"1024\" srcset=\"https:\/\/galeriebecot.com\/wp-content\/uploads\/2019\/04\/Becot-OFF-off-a-682x1024.jpg 682w, https:\/\/galeriebecot.com\/wp-content\/uploads\/2019\/04\/Becot-OFF-off-a-200x300.jpg 200w, https:\/\/galeriebecot.com\/wp-content\/uploads\/2019\/04\/Becot-OFF-off-a-768x1152.jpg 768w, https:\/\/galeriebecot.com\/wp-content\/uploads\/2019\/04\/Becot-OFF-off-a.jpg 847w\" sizes=\"auto, (max-width: 682px) 100vw, 682px\" \/><\/a><\/p>\n<p><a href=\"https:\/\/www.galeriebecot.com\/?p=8432\"><img loading=\"lazy\" decoding=\"async\" class=\"alignnone size-full wp-image-11088\" src=\"https:\/\/www.galeriebecot.com\/wp-content\/uploads\/2019\/04\/Becot-OFF-off-b.jpg\" alt=\"\" width=\"846\" height=\"996\" srcset=\"https:\/\/galeriebecot.com\/wp-content\/uploads\/2019\/04\/Becot-OFF-off-b.jpg 846w, https:\/\/galeriebecot.com\/wp-content\/uploads\/2019\/04\/Becot-OFF-off-b-255x300.jpg 255w, https:\/\/galeriebecot.com\/wp-content\/uploads\/2019\/04\/Becot-OFF-off-b-768x904.jpg 768w\" sizes=\"auto, (max-width: 846px) 100vw, 846px\" \/><\/a><\/p>\n","protected":false},"excerpt":{"rendered":"<p>Dans le cadre de la s\u00e9rie d&rsquo;expositions. PERCEPTION SENSORIELLE. La galerie B\u00e9cot pr\u00e9sente d\u00e8s le 6 d\u00e9cembre. L&rsquo;exposition Lumi\u00e8re. Vernissage le 6 d\u00e9cembre, dans une formule 5@7. Bienvenue \u00e0 tous&hellip; <\/p>\n","protected":false},"author":1,"featured_media":0,"comment_status":"open","ping_status":"open","sticky":false,"template":"","format":"standard","meta":{"_exactmetrics_skip_tracking":false,"_exactmetrics_sitenote_active":false,"_exactmetrics_sitenote_note":"","_exactmetrics_sitenote_category":0,"footnotes":""},"categories":[27,18,19],"tags":[1445,34,401,2673,53,735,2635,2083,750,207,2636,2468,2470,2082,564,2751,1539,89,2845,2649,1398,2084,2637,752,1395,275,2045,2086,1643,2647,2652,35,3027,1650,1332,2655,197,1687,1135,38,2638,2750,2077,2475,2650,2073,689,2865,2645,1443,801,2639,2749,2072,2130,2131,2868,2646,2640,1138,2477,1334,3022,1754,2076,487,594,2653,2074,58,1629,2478,447,2078,1452,2482,394,1570,2648,1292,882,1457,2075,157,1140,2651,1141,2085,3024,1575,933,2483,1431,1421,2772,458,2104,1142,1576,1406,2008,1150,158,2081,759,2480,3023,2079,2641,2654,37,889,981,1144,761,2642,1405,40,452,2644,2901,2080],"class_list":["post-11086","post","type-post","status-publish","format-standard","hentry","category-artistes","category-evenement","category-vernissage","tag-alain-leblond","tag-andre-becot","tag-ann-warren","tag-antoine-becotte","tag-aristide-gagnon","tag-artistes","tag-audet-jean-philippe","tag-beat-streuli","tag-becot-andre","tag-bernard-lamarche","tag-berube-gilles","tag-bouchard-martin","tag-brisebois-renald","tag-caro-niederer","tag-carol-poulin","tag-carol-turgeon","tag-caroline-gagne","tag-catherine-baril","tag-chantal-jane-garant","tag-christiane-baumgartner","tag-claude-frachon","tag-cornelia-parker","tag-cusson-guy","tag-darby-don","tag-denis-lelievre","tag-don-darby","tag-ecole-des-beaux-arts-de-quebec","tag-editions-phaidon","tag-emond-marie","tag-fanny-mesnard","tag-felipe-castelblanco","tag-foire-en-arts-actuel","tag-foubar","tag-fournier-micheline","tag-fournier-roger","tag-francien-vernac","tag-francine-noel","tag-francis-bacon","tag-gagnon-aristide","tag-galerie-becot","tag-gauthier-johanne","tag-gilbert-sevigny","tag-giuseppe-penone","tag-gruais-viviane","tag-hannah-claus","tag-ikon-gallery","tag-jean-paul-lemieux","tag-jean-philip-audet","tag-jean-luc-murray","tag-jerome-morissette","tag-jim-holyoak","tag-jing-xuan-","tag-joanne-gauthier","tag-jonathan-watkins","tag-kirkov","tag-klody","tag-klodylarouche","tag-kristof-kintera","tag-lagrange-veronique","tag-lagueux-jacynthe","tag-lalonde-gabriel","tag-lapointe-celine-g","tag-lapointe-g-celine","tag-leblond-alain","tag-leonard-cohen","tag-lise-breton","tag-lucienne-cornet","tag-lutzguggisberg","tag-manif-dart-9-la-biennale-de-quebec","tag-marc-bellemare-collectionneur","tag-marie-reine-leroux","tag-marsan-lise","tag-martin-bouchard","tag-martin-creed","tag-martineau-aline","tag-masse-rebecca","tag-matt-shane","tag-matte-colette","tag-meduse","tag-melvyn-florez","tag-michel-parent","tag-michel-raymond","tag-michelle-drapeau","tag-mnbaq","tag-morissette-jerome","tag-musee-huron-wendat","tag-noel-francine","tag-on-kawara","tag-oratoire-st-joseph","tag-pallafray-philippe","tag-patrick-bernatchez","tag-patry-suzette","tag-paul-duval","tag-philippe-pallafray","tag-pibo","tag-pierre-lanoie","tag-pierre-pepin","tag-poulin-carol","tag-raymond-michel","tag-rebecca-masse","tag-regart","tag-rejeanne-lamothe","tag-renald-brisebois","tag-rika-noguchi","tag-rioux-marie","tag-royer-guy","tag-saint-germain-jean","tag-semyon-faibisovich","tag-sevigny-gilbert","tag-shimabuku","tag-studio-becot","tag-suzette-patry","tag-sylvie-grondin","tag-taschereau-pauline","tag-tremblay-serge-philippe","tag-turgeon-carol","tag-veronique-lagrange","tag-visuals-arts","tag-viviane-gruais","tag-yang-feng-","tag-yves-perreault","tag-zang-zhenz-hong"],"_links":{"self":[{"href":"https:\/\/galeriebecot.com\/index.php?rest_route=\/wp\/v2\/posts\/11086","targetHints":{"allow":["GET"]}}],"collection":[{"href":"https:\/\/galeriebecot.com\/index.php?rest_route=\/wp\/v2\/posts"}],"about":[{"href":"https:\/\/galeriebecot.com\/index.php?rest_route=\/wp\/v2\/types\/post"}],"author":[{"embeddable":true,"href":"https:\/\/galeriebecot.com\/index.php?rest_route=\/wp\/v2\/users\/1"}],"replies":[{"embeddable":true,"href":"https:\/\/galeriebecot.com\/index.php?rest_route=%2Fwp%2Fv2%2Fcomments&post=11086"}],"version-history":[{"count":144,"href":"https:\/\/galeriebecot.com\/index.php?rest_route=\/wp\/v2\/posts\/11086\/revisions"}],"predecessor-version":[{"id":12144,"href":"https:\/\/galeriebecot.com\/index.php?rest_route=\/wp\/v2\/posts\/11086\/revisions\/12144"}],"wp:attachment":[{"href":"https:\/\/galeriebecot.com\/index.php?rest_route=%2Fwp%2Fv2%2Fmedia&parent=11086"}],"wp:term":[{"taxonomy":"category","embeddable":true,"href":"https:\/\/galeriebecot.com\/index.php?rest_route=%2Fwp%2Fv2%2Fcategories&post=11086"},{"taxonomy":"post_tag","embeddable":true,"href":"https:\/\/galeriebecot.com\/index.php?rest_route=%2Fwp%2Fv2%2Ftags&post=11086"}],"curies":[{"name":"wp","href":"https:\/\/api.w.org\/{rel}","templated":true}]}}