{"id":10876,"date":"2019-03-23T11:45:31","date_gmt":"2019-03-23T15:45:31","guid":{"rendered":"http:\/\/www.clubdescollectionneursenartsvisuelsdequebec.com\/?p=10876"},"modified":"2019-04-06T17:16:54","modified_gmt":"2019-04-06T21:16:54","slug":"le-sculpteur-gerard-belanger-est-decede","status":"publish","type":"post","link":"https:\/\/galeriebecot.com\/?p=10876","title":{"rendered":"Hommage au sculpteur G\u00e9rard B\u00e9langer le samedi 6 avril 2019."},"content":{"rendered":"<p><a href=\"https:\/\/www.youtube.com\/watch?v=3pecAf5Zhhs\"><img loading=\"lazy\" decoding=\"async\" class=\"alignnone size-full wp-image-10953\" src=\"https:\/\/www.galeriebecot.com\/wp-content\/uploads\/2019\/03\/Gerard-Belanger-dans-son-atelier.jpg\" alt=\"\" width=\"576\" height=\"444\" srcset=\"https:\/\/galeriebecot.com\/wp-content\/uploads\/2019\/03\/Gerard-Belanger-dans-son-atelier.jpg 576w, https:\/\/galeriebecot.com\/wp-content\/uploads\/2019\/03\/Gerard-Belanger-dans-son-atelier-300x231.jpg 300w\" sizes=\"auto, (max-width: 576px) 100vw, 576px\" \/><\/a><\/p>\n<p><a href=\"https:\/\/www.youtube.com\/watch?v=3pecAf5Zhhs\"><strong>G\u00e9rard B\u00e9langer<\/strong> au travail dans son atelier.<\/a><\/p>\n<p>Le regretteront sa pr\u00e9cieuse collaboratrice <strong><a href=\"http:\/\/mmaq.com\/isabelle-frenette\/\">Isabelle Frenette<\/a>, <a href=\"http:\/\/fonderieart.com\/\">la communaut\u00e9 des artisans des fonderies d&rsquo;art d&rsquo;inverness,<\/a> \u00a0<a href=\"https:\/\/www.galeriebecot.com\/?p=5132\">les artistes des jeudis matin du Caf\u00e9 Krieghoff,<\/a> ses nombreux\u00a0et fid\u00e8les amies et amis.<\/strong><\/p>\n<p>Ses tableaux, ses sculptures, bois ou c\u00e9ramique, ses exceptionnels bronzes continueront <strong>d&rsquo;ajouter \u00e0 la beaut\u00e9 du monde<\/strong>. Il aura aussi donn\u00e9 \u00e0 la soci\u00e9t\u00e9 une industrie culturelle forte en cr\u00e9ant la Fonderie d&rsquo;art d&rsquo;Inverness.<\/p>\n<p><a href=\"https:\/\/www.coopfuneraire2rives.com\/avis-de-deces\/gerard-belanger-164914\/?fbclid=IwAR0rGd0nsNj9CwWo3eKPOuA1clVkNs4ZBRQEAMzMEBJtUyvgwyDsLdk8C2o\">Une c\u00e9l\u00e9bration et un hommage lui sera rendu \u00e0 13 heures au Domaine Cataraqui au 2141, Chemin Saint-Louis \u00e0 Qu\u00e9bec.<\/a><\/p>\n<p><a href=\"https:\/\/www.youtube.com\/watch?v=LXfkD7pxaGk\"><img loading=\"lazy\" decoding=\"async\" class=\"alignnone wp-image-10961\" src=\"https:\/\/www.galeriebecot.com\/wp-content\/uploads\/2019\/03\/Hommage.jpg\" alt=\"\" width=\"250\" height=\"315\" srcset=\"https:\/\/galeriebecot.com\/wp-content\/uploads\/2019\/03\/Hommage.jpg 432w, https:\/\/galeriebecot.com\/wp-content\/uploads\/2019\/03\/Hommage-238x300.jpg 238w\" sizes=\"auto, (max-width: 250px) 100vw, 250px\" \/><\/a><\/p>\n<p><a href=\"https:\/\/www.youtube.com\/watch?v=LXfkD7pxaGk\">Hommage\u00a0\u00e0 G\u00e9rard B\u00e9langer, pour les 25 ans de la fonderie d&rsquo;Art d&rsquo;inverness !<\/a><\/p>\n<p><a href=\"https:\/\/www.galeriebecot.com\/wp-content\/uploads\/2019\/03\/Gerrard-Belanger.jpg\"><img loading=\"lazy\" decoding=\"async\" class=\"alignnone size-large wp-image-10977\" src=\"https:\/\/www.galeriebecot.com\/wp-content\/uploads\/2019\/03\/Gerrard-Belanger-1024x731.jpg\" alt=\"\" width=\"700\" height=\"500\" srcset=\"https:\/\/galeriebecot.com\/wp-content\/uploads\/2019\/03\/Gerrard-Belanger-1024x731.jpg 1024w, https:\/\/galeriebecot.com\/wp-content\/uploads\/2019\/03\/Gerrard-Belanger-300x214.jpg 300w, https:\/\/galeriebecot.com\/wp-content\/uploads\/2019\/03\/Gerrard-Belanger-768x548.jpg 768w, https:\/\/galeriebecot.com\/wp-content\/uploads\/2019\/03\/Gerrard-Belanger.jpg 1400w\" sizes=\"auto, (max-width: 700px) 100vw, 700px\" \/><\/a><\/p>\n<p><a href=\"https:\/\/www.lafabriqueculturelle.tv\/capsules\/9868\/annie-st-jean-et-andree-anne-frechette-porteurs-d-utopies-rurales\">Po\u00e8me de Andr\u00e9-Anne Fr\u00e9chette.<\/a><\/p>\n<p><a href=\"https:\/\/www.lafabriqueculturelle.tv\/capsules\/9868\/annie-st-jean-et-andree-anne-frechette-porteurs-d-utopies-rurales\">Photo et po\u00e8me extrait de l&rsquo;installation po\u00e9tique des Porteurs d&rsquo;utopie rurale<\/a><\/p>\n<p>Cr\u00e9dit photo : Annie St-Jean<\/p>\n<p>&nbsp;<\/p>\n<p><a href=\"https:\/\/www.galeriebecot.com\/wp-content\/uploads\/2019\/03\/Belanger-Gerard-Union-1.jpg\"><img loading=\"lazy\" decoding=\"async\" class=\"alignnone size-large wp-image-10901\" src=\"https:\/\/www.galeriebecot.com\/wp-content\/uploads\/2019\/03\/Belanger-Gerard-Union-1-813x1024.jpg\" alt=\"\" width=\"700\" height=\"882\" srcset=\"https:\/\/galeriebecot.com\/wp-content\/uploads\/2019\/03\/Belanger-Gerard-Union-1-813x1024.jpg 813w, https:\/\/galeriebecot.com\/wp-content\/uploads\/2019\/03\/Belanger-Gerard-Union-1-238x300.jpg 238w, https:\/\/galeriebecot.com\/wp-content\/uploads\/2019\/03\/Belanger-Gerard-Union-1-768x967.jpg 768w, https:\/\/galeriebecot.com\/wp-content\/uploads\/2019\/03\/Belanger-Gerard-Union-1.jpg 891w\" sizes=\"auto, (max-width: 700px) 100vw, 700px\" \/><\/a><\/p>\n<p><a href=\"http:\/\/aristidegagnon.com\/accueil.htm\">Le\u00a0gourou de G\u00e9rard B\u00e9langer<\/a>\u00a0:\u00a0<a href=\"http:\/\/aristidegagnon.com\/accueil.htm\">Aristide Gagnon ( peintre et sculpteur) ,<\/a><\/p>\n<p><a href=\"https:\/\/www.galeriebecot.com\/wp-content\/uploads\/2019\/03\/Belanger-Gerard-union-2.jpg\"><img loading=\"lazy\" decoding=\"async\" class=\"alignnone size-large wp-image-10902\" src=\"https:\/\/www.galeriebecot.com\/wp-content\/uploads\/2019\/03\/Belanger-Gerard-union-2-867x1024.jpg\" alt=\"\" width=\"700\" height=\"827\" srcset=\"https:\/\/galeriebecot.com\/wp-content\/uploads\/2019\/03\/Belanger-Gerard-union-2-867x1024.jpg 867w, https:\/\/galeriebecot.com\/wp-content\/uploads\/2019\/03\/Belanger-Gerard-union-2-254x300.jpg 254w, https:\/\/galeriebecot.com\/wp-content\/uploads\/2019\/03\/Belanger-Gerard-union-2-768x907.jpg 768w, https:\/\/galeriebecot.com\/wp-content\/uploads\/2019\/03\/Belanger-Gerard-union-2.jpg 888w\" sizes=\"auto, (max-width: 700px) 100vw, 700px\" \/><\/a><\/p>\n<p><a href=\"https:\/\/www.galeriebecot.com\/wp-content\/uploads\/2019\/03\/Belanger-Gerard-union3.jpg\"><img loading=\"lazy\" decoding=\"async\" class=\"alignnone size-large wp-image-10904\" src=\"https:\/\/www.galeriebecot.com\/wp-content\/uploads\/2019\/03\/Belanger-Gerard-union3-763x1024.jpg\" alt=\"\" width=\"700\" height=\"939\" srcset=\"https:\/\/galeriebecot.com\/wp-content\/uploads\/2019\/03\/Belanger-Gerard-union3-763x1024.jpg 763w, https:\/\/galeriebecot.com\/wp-content\/uploads\/2019\/03\/Belanger-Gerard-union3-223x300.jpg 223w, https:\/\/galeriebecot.com\/wp-content\/uploads\/2019\/03\/Belanger-Gerard-union3-768x1031.jpg 768w, https:\/\/galeriebecot.com\/wp-content\/uploads\/2019\/03\/Belanger-Gerard-union3.jpg 890w\" sizes=\"auto, (max-width: 700px) 100vw, 700px\" \/><\/a><\/p>\n<p><a href=\"https:\/\/www.galeriebecot.com\/wp-content\/uploads\/2019\/03\/Gerard-Belanger11.jpg\"><img loading=\"lazy\" decoding=\"async\" class=\"alignnone size-full wp-image-10881\" src=\"https:\/\/www.galeriebecot.com\/wp-content\/uploads\/2019\/03\/Gerard-Belanger11.jpg\" alt=\"\" width=\"650\" height=\"864\" srcset=\"https:\/\/galeriebecot.com\/wp-content\/uploads\/2019\/03\/Gerard-Belanger11.jpg 650w, https:\/\/galeriebecot.com\/wp-content\/uploads\/2019\/03\/Gerard-Belanger11-226x300.jpg 226w\" sizes=\"auto, (max-width: 650px) 100vw, 650px\" \/><\/a><\/p>\n<p>Le sculpteur G\u00e9rard B\u00e9langer \u00e0 son vernissage chez Studio Galerie B\u00e9cot le 22 f\u00e9vrier 2017.<\/p>\n<p><a href=\"https:\/\/www.galeriebecot.com\/wp-content\/uploads\/2019\/03\/Gerard-Belanger2.jpg\"><img loading=\"lazy\" decoding=\"async\" class=\"alignnone size-full wp-image-10878\" src=\"https:\/\/www.galeriebecot.com\/wp-content\/uploads\/2019\/03\/Gerard-Belanger2.jpg\" alt=\"\" width=\"645\" height=\"693\" srcset=\"https:\/\/galeriebecot.com\/wp-content\/uploads\/2019\/03\/Gerard-Belanger2.jpg 645w, https:\/\/galeriebecot.com\/wp-content\/uploads\/2019\/03\/Gerard-Belanger2-279x300.jpg 279w\" sizes=\"auto, (max-width: 645px) 100vw, 645px\" \/><\/a><\/p>\n<p><a href=\"https:\/\/www.galeriebecot.com\/wp-content\/uploads\/2019\/03\/Gerard-Belanger-3.jpg\"><img loading=\"lazy\" decoding=\"async\" class=\"alignnone size-full wp-image-10879\" src=\"https:\/\/www.galeriebecot.com\/wp-content\/uploads\/2019\/03\/Gerard-Belanger-3.jpg\" alt=\"\" width=\"645\" height=\"306\" srcset=\"https:\/\/galeriebecot.com\/wp-content\/uploads\/2019\/03\/Gerard-Belanger-3.jpg 645w, https:\/\/galeriebecot.com\/wp-content\/uploads\/2019\/03\/Gerard-Belanger-3-300x142.jpg 300w\" sizes=\"auto, (max-width: 645px) 100vw, 645px\" \/><\/a><\/p>\n<blockquote class=\"wp-embedded-content\" data-secret=\"jfTJhKSArq\"><p><a href=\"https:\/\/www.lanouvelle.net\/2019\/03\/25\/le-pere-du-bronze-sest-eteint\/\">Le \u00abp\u00e8re du bronze\u00bb s&rsquo;est \u00e9teint<\/a><\/p><\/blockquote>\n<p><iframe loading=\"lazy\" class=\"wp-embedded-content\" sandbox=\"allow-scripts\" security=\"restricted\" style=\"position: absolute; clip: rect(1px, 1px, 1px, 1px);\" src=\"https:\/\/www.lanouvelle.net\/2019\/03\/25\/le-pere-du-bronze-sest-eteint\/embed\/#?secret=jfTJhKSArq\" data-secret=\"jfTJhKSArq\" width=\"600\" height=\"338\" title=\"&laquo; Le \u00abp\u00e8re du bronze\u00bb s&rsquo;est \u00e9teint &raquo; &#8212; La Nouvelle Union et L&#039;Avenir de l&#039;\u00c9rable\" frameborder=\"0\" marginwidth=\"0\" marginheight=\"0\" scrolling=\"no\"><\/iframe><\/p>\n<p><iframe loading=\"lazy\" width=\"700\" height=\"525\" src=\"https:\/\/www.youtube.com\/embed\/MtMPNOlH9BM?feature=oembed\" frameborder=\"0\" allow=\"accelerometer; autoplay; encrypted-media; gyroscope; picture-in-picture\" allowfullscreen><\/iframe><\/p>\n","protected":false},"excerpt":{"rendered":"<p>G\u00e9rard B\u00e9langer au travail dans son atelier. Le regretteront sa pr\u00e9cieuse collaboratrice Isabelle Frenette, la communaut\u00e9 des artisans des fonderies d&rsquo;art d&rsquo;inverness, \u00a0les artistes des jeudis matin du Caf\u00e9 Krieghoff,&hellip; <\/p>\n","protected":false},"author":1,"featured_media":0,"comment_status":"open","ping_status":"open","sticky":false,"template":"","format":"standard","meta":{"_exactmetrics_skip_tracking":false,"_exactmetrics_sitenote_active":false,"_exactmetrics_sitenote_note":"","_exactmetrics_sitenote_category":0,"footnotes":""},"categories":[1],"tags":[2455,34,53,43,2759,1689,309,66,2758,2625,35,232,1056,2755,687,1888,58,2752,2754,2756,2753,357,37,40],"class_list":["post-10876","post","type-post","status-publish","format-standard","hentry","category-non-classe","tag-agence-qmi","tag-andre-becot","tag-aristide-gagnon","tag-arts-visuels","tag-carol-isabel","tag-centre-videotron","tag-claude-milette","tag-club-des-collectionneurs-en-arts-visuels-de-quebec-studio-becot","tag-descoutieras","tag-felix-leclerc","tag-foire-en-arts-actuel","tag-gerard-belanger","tag-helene-page","tag-jean-francois-cooke","tag-jean-paul-riopelle","tag-la-nouvelle-union","tag-marc-bellemare-collectionneur","tag-michel-bellemare","tag-michel-goulet","tag-pierrre-sasseville","tag-rene-levesque","tag-roger-gingras","tag-studio-becot","tag-visuals-arts"],"_links":{"self":[{"href":"https:\/\/galeriebecot.com\/index.php?rest_route=\/wp\/v2\/posts\/10876","targetHints":{"allow":["GET"]}}],"collection":[{"href":"https:\/\/galeriebecot.com\/index.php?rest_route=\/wp\/v2\/posts"}],"about":[{"href":"https:\/\/galeriebecot.com\/index.php?rest_route=\/wp\/v2\/types\/post"}],"author":[{"embeddable":true,"href":"https:\/\/galeriebecot.com\/index.php?rest_route=\/wp\/v2\/users\/1"}],"replies":[{"embeddable":true,"href":"https:\/\/galeriebecot.com\/index.php?rest_route=%2Fwp%2Fv2%2Fcomments&post=10876"}],"version-history":[{"count":32,"href":"https:\/\/galeriebecot.com\/index.php?rest_route=\/wp\/v2\/posts\/10876\/revisions"}],"predecessor-version":[{"id":10982,"href":"https:\/\/galeriebecot.com\/index.php?rest_route=\/wp\/v2\/posts\/10876\/revisions\/10982"}],"wp:attachment":[{"href":"https:\/\/galeriebecot.com\/index.php?rest_route=%2Fwp%2Fv2%2Fmedia&parent=10876"}],"wp:term":[{"taxonomy":"category","embeddable":true,"href":"https:\/\/galeriebecot.com\/index.php?rest_route=%2Fwp%2Fv2%2Fcategories&post=10876"},{"taxonomy":"post_tag","embeddable":true,"href":"https:\/\/galeriebecot.com\/index.php?rest_route=%2Fwp%2Fv2%2Ftags&post=10876"}],"curies":[{"name":"wp","href":"https:\/\/api.w.org\/{rel}","templated":true}]}}