{"id":10793,"date":"2024-02-11T01:56:00","date_gmt":"2024-02-11T06:56:00","guid":{"rendered":"http:\/\/www.clubdescollectionneursenartsvisuelsdequebec.com\/?p=10793"},"modified":"2026-08-25T09:21:00","modified_gmt":"2026-08-25T13:21:00","slug":"antoine-becotte","status":"publish","type":"post","link":"https:\/\/galeriebecot.com\/?p=10793","title":{"rendered":"Antoine B\u00e9cotte , \u00e0 la galerie Artifact, \u00e0 New-York du 7 au 25 septembre 2022"},"content":{"rendered":"\n<figure class=\"wp-block-image size-large\"><a href=\"https:\/\/www.artifactnyc.net\/about\"><img loading=\"lazy\" decoding=\"async\" width=\"756\" height=\"1024\" src=\"https:\/\/www.galeriebecot.com\/wp-content\/uploads\/2022\/08\/Artifact-Futur-1-756x1024.jpg\" alt=\"\" class=\"wp-image-16192\" srcset=\"https:\/\/galeriebecot.com\/wp-content\/uploads\/2022\/08\/Artifact-Futur-1-756x1024.jpg 756w, https:\/\/galeriebecot.com\/wp-content\/uploads\/2022\/08\/Artifact-Futur-1-222x300.jpg 222w, https:\/\/galeriebecot.com\/wp-content\/uploads\/2022\/08\/Artifact-Futur-1-768x1040.jpg 768w, https:\/\/galeriebecot.com\/wp-content\/uploads\/2022\/08\/Artifact-Futur-1-1134x1536.jpg 1134w, https:\/\/galeriebecot.com\/wp-content\/uploads\/2022\/08\/Artifact-Futur-1.jpg 1389w\" sizes=\"auto, (max-width: 756px) 100vw, 756px\" \/><\/a><\/figure>\n\n\n\n<p class=\"wp-block-paragraph\">Art exhibition invitation.<\/p>\n\n\n\n<p class=\"wp-block-paragraph\">Wednesday.  September   7<\/p>\n\n\n\n<p class=\"wp-block-paragraph\">5 &#8211; 7 PM<\/p>\n\n\n\n<p class=\"wp-block-paragraph\">Artifact, 84 Orchard St. NYC<\/p>\n\n\n\n<p class=\"wp-block-paragraph\">Exhibition from sept 7 to sept 25<\/p>\n\n\n\n<p class=\"wp-block-paragraph\">Opening Hours 12 pm to 6 pm<\/p>\n\n\n\n<p class=\"wp-block-paragraph\"><a href=\"mailto:info@artifactnyc.net\">info@artifactnyc.net<\/a><\/p>\n\n\n\n<p class=\"wp-block-paragraph\">Bienvenue \u00e0 tous !<\/p>\n\n\n\n<p class=\"wp-block-paragraph\">La Galerie ARTIFACT est situ\u00e9 dans le Lower East Side ( Manhattan) \u00e0 New-York, \u00e0 proximit\u00e9 du <a href=\"https:\/\/www.tenement.org\">Tenement Museum<\/a>, du <a href=\"https:\/\/www.newmuseum.org\">New Museum<\/a>, du<a href=\"https:\/\/www.icp.org\"> centre international de la Photographie<\/a> et de plus due 200 galeries d&rsquo;art contemporain et actuel.<\/p>\n\n\n\n<figure class=\"wp-block-image size-full\"><a href=\"https:\/\/www.galeriebecot.com\/wp-content\/uploads\/2022\/09\/Vernissage-22.jpg\"><img loading=\"lazy\" decoding=\"async\" width=\"576\" height=\"573\" src=\"https:\/\/www.galeriebecot.com\/wp-content\/uploads\/2022\/09\/Vernissage-22.jpg\" alt=\"\" class=\"wp-image-16320\" srcset=\"https:\/\/galeriebecot.com\/wp-content\/uploads\/2022\/09\/Vernissage-22.jpg 576w, https:\/\/galeriebecot.com\/wp-content\/uploads\/2022\/09\/Vernissage-22-300x298.jpg 300w, https:\/\/galeriebecot.com\/wp-content\/uploads\/2022\/09\/Vernissage-22-150x150.jpg 150w\" sizes=\"auto, (max-width: 576px) 100vw, 576px\" \/><\/a><\/figure>\n\n\n\n<figure class=\"wp-block-image size-full\"><a href=\"https:\/\/www.galeriebecot.com\/wp-content\/uploads\/2022\/09\/Vernissage1.jpg\"><img loading=\"lazy\" decoding=\"async\" width=\"576\" height=\"488\" src=\"https:\/\/www.galeriebecot.com\/wp-content\/uploads\/2022\/09\/Vernissage1.jpg\" alt=\"\" class=\"wp-image-16317\" srcset=\"https:\/\/galeriebecot.com\/wp-content\/uploads\/2022\/09\/Vernissage1.jpg 576w, https:\/\/galeriebecot.com\/wp-content\/uploads\/2022\/09\/Vernissage1-300x254.jpg 300w\" sizes=\"auto, (max-width: 576px) 100vw, 576px\" \/><\/a><\/figure>\n\n\n\n<figure class=\"wp-block-image size-full\"><a href=\"https:\/\/www.galeriebecot.com\/wp-content\/uploads\/2022\/09\/Vernissage-3.jpg\"><img loading=\"lazy\" decoding=\"async\" width=\"576\" height=\"557\" src=\"https:\/\/www.galeriebecot.com\/wp-content\/uploads\/2022\/09\/Vernissage-3.jpg\" alt=\"\" class=\"wp-image-16319\" srcset=\"https:\/\/galeriebecot.com\/wp-content\/uploads\/2022\/09\/Vernissage-3.jpg 576w, https:\/\/galeriebecot.com\/wp-content\/uploads\/2022\/09\/Vernissage-3-300x290.jpg 300w\" sizes=\"auto, (max-width: 576px) 100vw, 576px\" \/><\/a><\/figure>\n\n\n\n<figure class=\"wp-block-image size-large\"><a href=\"https:\/\/www.galeriebecot.com\/wp-content\/uploads\/2022\/09\/Antoine-Mosaique.jpg\"><img loading=\"lazy\" decoding=\"async\" width=\"791\" height=\"1024\" src=\"https:\/\/www.galeriebecot.com\/wp-content\/uploads\/2022\/09\/Antoine-Mosaique-791x1024.jpg\" alt=\"\" class=\"wp-image-16331\" srcset=\"https:\/\/galeriebecot.com\/wp-content\/uploads\/2022\/09\/Antoine-Mosaique-791x1024.jpg 791w, https:\/\/galeriebecot.com\/wp-content\/uploads\/2022\/09\/Antoine-Mosaique-232x300.jpg 232w, https:\/\/galeriebecot.com\/wp-content\/uploads\/2022\/09\/Antoine-Mosaique-768x994.jpg 768w, https:\/\/galeriebecot.com\/wp-content\/uploads\/2022\/09\/Antoine-Mosaique-1187x1536.jpg 1187w, https:\/\/galeriebecot.com\/wp-content\/uploads\/2022\/09\/Antoine-Mosaique.jpg 1224w\" sizes=\"auto, (max-width: 791px) 100vw, 791px\" \/><\/a><\/figure>\n\n\n\n<p class=\"wp-block-paragraph\">___________________________________________________________<\/p>\n\n\n\n<p class=\"wp-block-paragraph\"><em>Antoine<\/em><strong> B\u00e9cotte<\/strong>, artiste s\u00e9lectionn\u00e9 par le magazine <strong>Art in America<\/strong>, guide 2022<\/p>\n\n\n\n<figure class=\"wp-block-image size-large\"><a href=\"https:\/\/www.artupclose.com\/antoine-becotte?fbclid=IwAR1zs4sOMEd2dEosODXLWYddZZOfSMO88UcORa3R0BBO7YTfGbRj11m4q7A\"><img loading=\"lazy\" decoding=\"async\" width=\"713\" height=\"1024\" src=\"https:\/\/www.galeriebecot.com\/wp-content\/uploads\/2021\/12\/Becotte-Antoine-web-713x1024.jpg\" alt=\"\" class=\"wp-image-15633\" srcset=\"https:\/\/galeriebecot.com\/wp-content\/uploads\/2021\/12\/Becotte-Antoine-web-713x1024.jpg 713w, https:\/\/galeriebecot.com\/wp-content\/uploads\/2021\/12\/Becotte-Antoine-web-209x300.jpg 209w, https:\/\/galeriebecot.com\/wp-content\/uploads\/2021\/12\/Becotte-Antoine-web-768x1103.jpg 768w, https:\/\/galeriebecot.com\/wp-content\/uploads\/2021\/12\/Becotte-Antoine-web-1070x1536.jpg 1070w, https:\/\/galeriebecot.com\/wp-content\/uploads\/2021\/12\/Becotte-Antoine-web.jpg 1138w\" sizes=\"auto, (max-width: 713px) 100vw, 713px\" \/><\/a><figcaption class=\"wp-element-caption\">Merci \u00e0 Artefact 212<\/figcaption><\/figure>\n\n\n\n<p class=\"wp-block-paragraph\">Manif d&rsquo;Art 9 &#8211; vernissage chez B\u00e9cot 15 mars 2019<\/p>\n\n\n\n<p class=\"wp-block-paragraph\">Artiste invit\u00e9. Antoine B\u00e9cotte<\/p>\n\n\n\n<figure class=\"wp-block-image size-full\"><a href=\"https:\/\/www.galeriebecot.com\/?p=8432\"><img loading=\"lazy\" decoding=\"async\" width=\"576\" height=\"248\" src=\"https:\/\/www.galeriebecot.com\/wp-content\/uploads\/2021\/12\/Manif-collectif-100-Becot-1.jpg\" alt=\"\" class=\"wp-image-15643\" srcset=\"https:\/\/galeriebecot.com\/wp-content\/uploads\/2021\/12\/Manif-collectif-100-Becot-1.jpg 576w, https:\/\/galeriebecot.com\/wp-content\/uploads\/2021\/12\/Manif-collectif-100-Becot-1-300x129.jpg 300w\" sizes=\"auto, (max-width: 576px) 100vw, 576px\" \/><\/a><\/figure>\n\n\n\n<figure class=\"wp-block-image size-full\"><a href=\"https:\/\/www.galeriebecot.com\/?p=8432\"><img loading=\"lazy\" decoding=\"async\" width=\"576\" height=\"541\" src=\"https:\/\/www.galeriebecot.com\/wp-content\/uploads\/2021\/12\/Manif-collectif-101-Becot-1.jpg\" alt=\"\" class=\"wp-image-15644\" srcset=\"https:\/\/galeriebecot.com\/wp-content\/uploads\/2021\/12\/Manif-collectif-101-Becot-1.jpg 576w, https:\/\/galeriebecot.com\/wp-content\/uploads\/2021\/12\/Manif-collectif-101-Becot-1-300x282.jpg 300w\" sizes=\"auto, (max-width: 576px) 100vw, 576px\" \/><\/a><\/figure>\n\n\n\n<figure class=\"wp-block-image size-full\"><a href=\"https:\/\/www.galeriebecot.com\/?p=8432\"><img loading=\"lazy\" decoding=\"async\" width=\"576\" height=\"193\" src=\"https:\/\/www.galeriebecot.com\/wp-content\/uploads\/2021\/12\/Manif-collectif102-Becot-1.jpg\" alt=\"\" class=\"wp-image-15639\" srcset=\"https:\/\/galeriebecot.com\/wp-content\/uploads\/2021\/12\/Manif-collectif102-Becot-1.jpg 576w, https:\/\/galeriebecot.com\/wp-content\/uploads\/2021\/12\/Manif-collectif102-Becot-1-300x101.jpg 300w\" sizes=\"auto, (max-width: 576px) 100vw, 576px\" \/><\/a><\/figure>\n\n\n<p><a href=\"https:\/\/www.galeriebecot.com\/wp-content\/uploads\/2019\/02\/Antoine-Becotte-Couvert.jpg\"><img loading=\"lazy\" decoding=\"async\" class=\"alignnone size-large wp-image-11529\" src=\"https:\/\/www.galeriebecot.com\/wp-content\/uploads\/2019\/02\/Antoine-Becotte-Couvert-1024x616.jpg\" alt=\"\" width=\"700\" height=\"421\" srcset=\"https:\/\/galeriebecot.com\/wp-content\/uploads\/2019\/02\/Antoine-Becotte-Couvert-1024x616.jpg 1024w, https:\/\/galeriebecot.com\/wp-content\/uploads\/2019\/02\/Antoine-Becotte-Couvert-300x180.jpg 300w, https:\/\/galeriebecot.com\/wp-content\/uploads\/2019\/02\/Antoine-Becotte-Couvert-768x462.jpg 768w, https:\/\/galeriebecot.com\/wp-content\/uploads\/2019\/02\/Antoine-Becotte-Couvert.jpg 1432w\" sizes=\"auto, (max-width: 700px) 100vw, 700px\" \/><\/a><\/p>\n<p>Hommages collat\u00e9raux : Vernissage le mercredi 10 juillet 2019,dans une formule 6@10.<\/p>\n<p>Galerie d&rsquo;art le <a href=\"https:\/\/www.facebook.com\/lelivart\/?eid=ARD_PYy7wGLBikT1NQ3YjmMWupjSx3M8Ft8dGxHVvf47L2U2ausEgcpVlHOMdUoENB9_YiEHrDD4I3rc\"><strong>Livart<\/strong><\/a> : 3980, rue Saint-Denis , Montr\u00e9al H2W 2M3.<\/p>\n<p>(514) 880-3980 \/ info@lelivart.com<\/p>\n<p>Bienvenue \u00e0 tous !<\/p>\n<p><a href=\"https:\/\/www.galeriebecot.com\/wp-content\/uploads\/2019\/02\/Antoine-Becotte-Livart1.jpg\"><img loading=\"lazy\" decoding=\"async\" class=\"alignnone size-large wp-image-11530\" src=\"https:\/\/www.galeriebecot.com\/wp-content\/uploads\/2019\/02\/Antoine-Becotte-Livart1-1024x746.jpg\" alt=\"\" width=\"700\" height=\"510\" srcset=\"https:\/\/galeriebecot.com\/wp-content\/uploads\/2019\/02\/Antoine-Becotte-Livart1-1024x746.jpg 1024w, https:\/\/galeriebecot.com\/wp-content\/uploads\/2019\/02\/Antoine-Becotte-Livart1-300x219.jpg 300w, https:\/\/galeriebecot.com\/wp-content\/uploads\/2019\/02\/Antoine-Becotte-Livart1-768x560.jpg 768w, https:\/\/galeriebecot.com\/wp-content\/uploads\/2019\/02\/Antoine-Becotte-Livart1.jpg 1481w\" sizes=\"auto, (max-width: 700px) 100vw, 700px\" \/><\/a><\/p>\n<p><a href=\"https:\/\/www.galeriebecot.com\/wp-content\/uploads\/2019\/03\/Antoine-Becotte-1.jpg\"><img loading=\"lazy\" decoding=\"async\" class=\"alignnone size-large wp-image-10794\" src=\"https:\/\/www.galeriebecot.com\/wp-content\/uploads\/2019\/03\/Antoine-Becotte-1-649x1024.jpg\" alt=\"\" width=\"649\" height=\"1024\" srcset=\"https:\/\/galeriebecot.com\/wp-content\/uploads\/2019\/03\/Antoine-Becotte-1-649x1024.jpg 649w, https:\/\/galeriebecot.com\/wp-content\/uploads\/2019\/03\/Antoine-Becotte-1-190x300.jpg 190w, https:\/\/galeriebecot.com\/wp-content\/uploads\/2019\/03\/Antoine-Becotte-1.jpg 739w\" sizes=\"auto, (max-width: 649px) 100vw, 649px\" \/><\/a><\/p>\n<p><a href=\"https:\/\/www.galeriebecot.com\/wp-content\/uploads\/2019\/03\/Antoine-Becotte22.jpg\"><img loading=\"lazy\" decoding=\"async\" class=\"alignnone size-large wp-image-10796\" src=\"https:\/\/www.galeriebecot.com\/wp-content\/uploads\/2019\/03\/Antoine-Becotte22-546x1024.jpg\" alt=\"\" width=\"546\" height=\"1024\" srcset=\"https:\/\/galeriebecot.com\/wp-content\/uploads\/2019\/03\/Antoine-Becotte22-546x1024.jpg 546w, https:\/\/galeriebecot.com\/wp-content\/uploads\/2019\/03\/Antoine-Becotte22-160x300.jpg 160w, https:\/\/galeriebecot.com\/wp-content\/uploads\/2019\/03\/Antoine-Becotte22-768x1439.jpg 768w, https:\/\/galeriebecot.com\/wp-content\/uploads\/2019\/03\/Antoine-Becotte22.jpg 864w\" sizes=\"auto, (max-width: 546px) 100vw, 546px\" \/><\/a><\/p>\n<p><a href=\"https:\/\/www.galeriebecot.com\/wp-content\/uploads\/2019\/02\/Antoine-Becotte44.jpg\"><img loading=\"lazy\" decoding=\"async\" class=\"alignnone size-full wp-image-10838\" src=\"https:\/\/www.galeriebecot.com\/wp-content\/uploads\/2019\/02\/Antoine-Becotte44.jpg\" alt=\"\" width=\"681\" height=\"679\" srcset=\"https:\/\/galeriebecot.com\/wp-content\/uploads\/2019\/02\/Antoine-Becotte44.jpg 681w, https:\/\/galeriebecot.com\/wp-content\/uploads\/2019\/02\/Antoine-Becotte44-150x150.jpg 150w, https:\/\/galeriebecot.com\/wp-content\/uploads\/2019\/02\/Antoine-Becotte44-300x300.jpg 300w, https:\/\/galeriebecot.com\/wp-content\/uploads\/2019\/02\/Antoine-Becotte44-330x330.jpg 330w\" sizes=\"auto, (max-width: 681px) 100vw, 681px\" \/><\/a><\/p>\n<p>Collection &nbsp;priv\u00e9<\/p>\n<p><a href=\"https:\/\/www.galeriebecot.com\/wp-content\/uploads\/2019\/02\/Antoine-Becotte1.jpg\"><img loading=\"lazy\" decoding=\"async\" class=\"alignnone size-full wp-image-10830\" src=\"https:\/\/www.galeriebecot.com\/wp-content\/uploads\/2019\/02\/Antoine-Becotte1.jpg\" alt=\"\" width=\"686\" height=\"678\" srcset=\"https:\/\/galeriebecot.com\/wp-content\/uploads\/2019\/02\/Antoine-Becotte1.jpg 686w, https:\/\/galeriebecot.com\/wp-content\/uploads\/2019\/02\/Antoine-Becotte1-300x297.jpg 300w\" sizes=\"auto, (max-width: 686px) 100vw, 686px\" \/><\/a><\/p>\n<p><a href=\"https:\/\/www.galeriebecot.com\/wp-content\/uploads\/2019\/02\/A-ntoine-Becotte-2.jpg\"><img loading=\"lazy\" decoding=\"async\" class=\"alignnone wp-image-10831\" src=\"https:\/\/www.galeriebecot.com\/wp-content\/uploads\/2019\/02\/A-ntoine-Becotte-2.jpg\" alt=\"\" width=\"684\" height=\"695\" srcset=\"https:\/\/galeriebecot.com\/wp-content\/uploads\/2019\/02\/A-ntoine-Becotte-2.jpg 669w, https:\/\/galeriebecot.com\/wp-content\/uploads\/2019\/02\/A-ntoine-Becotte-2-295x300.jpg 295w\" sizes=\"auto, (max-width: 684px) 100vw, 684px\" \/><\/a><\/p>\n<p><a href=\"https:\/\/www.galeriebecot.com\/wp-content\/uploads\/2019\/02\/Antoine-Becotte3.jpg\"><img loading=\"lazy\" decoding=\"async\" class=\"alignnone wp-image-10833\" src=\"https:\/\/www.galeriebecot.com\/wp-content\/uploads\/2019\/02\/Antoine-Becotte3.jpg\" alt=\"\" width=\"688\" height=\"680\" srcset=\"https:\/\/galeriebecot.com\/wp-content\/uploads\/2019\/02\/Antoine-Becotte3.jpg 678w, https:\/\/galeriebecot.com\/wp-content\/uploads\/2019\/02\/Antoine-Becotte3-300x296.jpg 300w\" sizes=\"auto, (max-width: 688px) 100vw, 688px\" \/><\/a><\/p>\n<p><a href=\"https:\/\/www.galeriebecot.com\/wp-content\/uploads\/2019\/02\/Innerfold-2422-x-2422.jpg\"><img loading=\"lazy\" decoding=\"async\" class=\"alignnone wp-image-10859\" src=\"https:\/\/www.galeriebecot.com\/wp-content\/uploads\/2019\/02\/Innerfold-2422-x-2422.jpg\" alt=\"\" width=\"577\" height=\"630\" srcset=\"https:\/\/galeriebecot.com\/wp-content\/uploads\/2019\/02\/Innerfold-2422-x-2422.jpg 750w, https:\/\/galeriebecot.com\/wp-content\/uploads\/2019\/02\/Innerfold-2422-x-2422-275x300.jpg 275w\" sizes=\"auto, (max-width: 577px) 100vw, 577px\" \/><\/a><\/p>\n<p>Le parcours artistiques d&rsquo;Antoine B\u00e9cotte s&rsquo;est amorc\u00e9&#8230;&#8230;Sa curiosit\u00e9 et son d\u00e9sir de marquer les esprits&#8230;..De sa structure \u00e9merge&#8230;.<\/p>\n<\/p>\n\n\n<figure class=\"wp-block-image size-full\"><a href=\"https:\/\/www.galeriebecot.com\/wp-content\/uploads\/2021\/12\/Manif-collectif-100-Becot.jpg\"><img loading=\"lazy\" decoding=\"async\" width=\"576\" height=\"248\" src=\"https:\/\/www.galeriebecot.com\/wp-content\/uploads\/2021\/12\/Manif-collectif-100-Becot.jpg\" alt=\"\" class=\"wp-image-15630\" srcset=\"https:\/\/galeriebecot.com\/wp-content\/uploads\/2021\/12\/Manif-collectif-100-Becot.jpg 576w, https:\/\/galeriebecot.com\/wp-content\/uploads\/2021\/12\/Manif-collectif-100-Becot-300x129.jpg 300w\" sizes=\"auto, (max-width: 576px) 100vw, 576px\" \/><\/a><\/figure>\n\n\n\n<figure class=\"wp-block-image size-full\"><a href=\"https:\/\/www.galeriebecot.com\/wp-content\/uploads\/2021\/12\/Manif-collectif-101-Becot.jpg\"><img loading=\"lazy\" decoding=\"async\" width=\"576\" height=\"541\" src=\"https:\/\/www.galeriebecot.com\/wp-content\/uploads\/2021\/12\/Manif-collectif-101-Becot.jpg\" alt=\"\" class=\"wp-image-15631\" srcset=\"https:\/\/galeriebecot.com\/wp-content\/uploads\/2021\/12\/Manif-collectif-101-Becot.jpg 576w, https:\/\/galeriebecot.com\/wp-content\/uploads\/2021\/12\/Manif-collectif-101-Becot-300x282.jpg 300w\" sizes=\"auto, (max-width: 576px) 100vw, 576px\" \/><\/a><\/figure>\n\n\n\n<figure class=\"wp-block-image size-full\"><a href=\"https:\/\/www.galeriebecot.com\/wp-content\/uploads\/2021\/12\/Manif-collectif102-Becot.jpg\"><img loading=\"lazy\" decoding=\"async\" width=\"576\" height=\"193\" src=\"https:\/\/www.galeriebecot.com\/wp-content\/uploads\/2021\/12\/Manif-collectif102-Becot.jpg\" alt=\"\" class=\"wp-image-15632\" srcset=\"https:\/\/galeriebecot.com\/wp-content\/uploads\/2021\/12\/Manif-collectif102-Becot.jpg 576w, https:\/\/galeriebecot.com\/wp-content\/uploads\/2021\/12\/Manif-collectif102-Becot-300x101.jpg 300w\" sizes=\"auto, (max-width: 576px) 100vw, 576px\" \/><\/a><\/figure>\n\n\n\n<p class=\"wp-block-paragraph\">Artistes invit\u00e9s. Antoine B\u00e9cotte, Lucienne Cornet, Don Darby, Aristide Gagnon, Joanne Gauthier, Sylvie Grondin, V\u00e9ronique Lagrange, Alain LeBlond, R\u00e9becca Mass\u00e9, Philippe Pallafray, Suzette Patry, Gilbert S\u00e9vigny, Kirkov, Carole Turgeon, Ann Warren,<\/p>\n","protected":false},"excerpt":{"rendered":"<p>Art exhibition invitation. Wednesday. September 7 5 &#8211; 7 PM Artifact, 84 Orchard St. NYC Exhibition from sept 7 to sept 25 Opening Hours 12 pm to 6 pm info@artifactnyc.net&hellip; <\/p>\n","protected":false},"author":1,"featured_media":0,"comment_status":"open","ping_status":"open","sticky":false,"template":"","format":"standard","meta":{"_exactmetrics_skip_tracking":false,"_exactmetrics_sitenote_active":false,"_exactmetrics_sitenote_note":"","_exactmetrics_sitenote_category":0,"footnotes":""},"categories":[27],"tags":[34,2673,4116,4194,43,4199,6,4196,2812,4195,58,4198,4013,37,4197,40],"class_list":["post-10793","post","type-post","status-publish","format-standard","hentry","category-artistes","tag-andre-becot","tag-antoine-becotte","tag-art-in-america","tag-artifact","tag-arts-visuels","tag-centre-international-de-la-photographie","tag-club-des-collectionneurs-en-arts-visuels-de-quebec","tag-galerie-artifact","tag-le-livart","tag-lower-east-side","tag-marc-bellemare-collectionneur","tag-new-museum","tag-new-york","tag-studio-becot","tag-tenement-museum","tag-visuals-arts"],"_links":{"self":[{"href":"https:\/\/galeriebecot.com\/index.php?rest_route=\/wp\/v2\/posts\/10793","targetHints":{"allow":["GET"]}}],"collection":[{"href":"https:\/\/galeriebecot.com\/index.php?rest_route=\/wp\/v2\/posts"}],"about":[{"href":"https:\/\/galeriebecot.com\/index.php?rest_route=\/wp\/v2\/types\/post"}],"author":[{"embeddable":true,"href":"https:\/\/galeriebecot.com\/index.php?rest_route=\/wp\/v2\/users\/1"}],"replies":[{"embeddable":true,"href":"https:\/\/galeriebecot.com\/index.php?rest_route=%2Fwp%2Fv2%2Fcomments&post=10793"}],"version-history":[{"count":43,"href":"https:\/\/galeriebecot.com\/index.php?rest_route=\/wp\/v2\/posts\/10793\/revisions"}],"predecessor-version":[{"id":22162,"href":"https:\/\/galeriebecot.com\/index.php?rest_route=\/wp\/v2\/posts\/10793\/revisions\/22162"}],"wp:attachment":[{"href":"https:\/\/galeriebecot.com\/index.php?rest_route=%2Fwp%2Fv2%2Fmedia&parent=10793"}],"wp:term":[{"taxonomy":"category","embeddable":true,"href":"https:\/\/galeriebecot.com\/index.php?rest_route=%2Fwp%2Fv2%2Fcategories&post=10793"},{"taxonomy":"post_tag","embeddable":true,"href":"https:\/\/galeriebecot.com\/index.php?rest_route=%2Fwp%2Fv2%2Ftags&post=10793"}],"curies":[{"name":"wp","href":"https:\/\/api.w.org\/{rel}","templated":true}]}}