{"id":10555,"date":"2025-10-28T10:57:00","date_gmt":"2025-10-28T14:57:00","guid":{"rendered":"http:\/\/www.clubdescollectionneursenartsvisuelsdequebec.com\/?p=10555"},"modified":"2025-11-06T15:59:43","modified_gmt":"2025-11-06T20:59:43","slug":"conference-phelipe-soldevila-11-mars-2019","status":"publish","type":"post","link":"https:\/\/galeriebecot.com\/?p=10555","title":{"rendered":"PHELIPE SOLDEVILA , en conf\u00e9rence le 11 mars 2019."},"content":{"rendered":"<p><a href=\"https:\/\/www.galeriebecot.com\/wp-content\/uploads\/2019\/02\/Soldevila1.jpg\"><img loading=\"lazy\" decoding=\"async\" class=\"alignnone size-full wp-image-10556\" src=\"https:\/\/www.galeriebecot.com\/wp-content\/uploads\/2019\/02\/Soldevila1.jpg\" alt=\"\" width=\"697\" height=\"843\" srcset=\"https:\/\/galeriebecot.com\/wp-content\/uploads\/2019\/02\/Soldevila1.jpg 697w, https:\/\/galeriebecot.com\/wp-content\/uploads\/2019\/02\/Soldevila1-248x300.jpg 248w\" sizes=\"auto, (max-width: 697px) 100vw, 697px\" \/><\/a><\/p>\n<p><a href=\"https:\/\/www.galeriebecot.com\/wp-content\/uploads\/2019\/02\/Soldevila2.jpg\"><img loading=\"lazy\" decoding=\"async\" class=\"alignnone size-full wp-image-10557\" src=\"https:\/\/www.galeriebecot.com\/wp-content\/uploads\/2019\/02\/Soldevila2.jpg\" alt=\"\" width=\"626\" height=\"652\" srcset=\"https:\/\/galeriebecot.com\/wp-content\/uploads\/2019\/02\/Soldevila2.jpg 626w, https:\/\/galeriebecot.com\/wp-content\/uploads\/2019\/02\/Soldevila2-288x300.jpg 288w\" sizes=\"auto, (max-width: 626px) 100vw, 626px\" \/><\/a><\/p>\n<p><strong>Phelipe <a href=\"https:\/\/quebec.carpe-diem.events\/calendar\/9835834-je-mexcuse-davance-phelipe-soldevila-exposition-solo-at-760-avenue-honor-merci\/\">Soldevila<\/a><\/strong> expose pour une premi\u00e8re fois en solo en 2007&#8230;Il quitte ensuite pour Berlin&#8230;.il travaille en atelier avec le collectif <em><strong>LAJAPA&#8230;<\/strong><\/em><\/p>\n<p><a href=\"https:\/\/www.facebook.com\/ClubCAVQ\/?__tn__=kC-R&amp;eid=ARDH3yTXmzTn_ZXzdbYomc0R_u9LvO23Iw76tI9YWnq6yy7N5HP9ymxj2N-VX_LXTbcRBk2lW1mCrTQx&amp;hc_ref=ARQq68bkGbqsh8uyKBlntpB9d2DHa_KTmj3uY3qlVqEJb-G6QPrBfjZJZPutUXQb3bE&amp;__xts__[0]=68.ARBaXXw0T5avPJKimOxbq3PKj27C4D_GxIN_L61a4XL7dFeeHIVTF5ThSiwVdWQOBwWYY41JTr1Rj950aWypdsweuwJqMCqNqJyyPS19mg6PbWCQAiywFpcFgVNM_5BrjQmyndDcvg7_Kt76rslc6HzfNSDOvLOSyOtucGbRMV5p86pBoNYoeW5tzCpk4hb_d0loD8Jv8mAMgcVv3jNa9bU9RhFrP9dsOW0SgPEW93e6CFmkMiciaD9uUE96wLmp8MkFIKueTAmvCn8Sy7O1-lirPCqTH-vurD9YcBDFLCCIpKzD1ErjIg_-aJacm9UpiJdoJQjK0NgkjSVGQzMm4sGs1IXw8i3n3dG9hw0tXBGqXBh09PytxxKMnyx0q-gsZ5HWPA\"><img loading=\"lazy\" decoding=\"async\" class=\"alignnone size-full wp-image-10721\" src=\"https:\/\/www.galeriebecot.com\/wp-content\/uploads\/2019\/03\/Marc_phelipe.jpg\" alt=\"\" width=\"318\" height=\"471\" srcset=\"https:\/\/galeriebecot.com\/wp-content\/uploads\/2019\/03\/Marc_phelipe.jpg 318w, https:\/\/galeriebecot.com\/wp-content\/uploads\/2019\/03\/Marc_phelipe-203x300.jpg 203w\" sizes=\"auto, (max-width: 318px) 100vw, 318px\" \/><\/a><\/p>\n<p><a href=\"https:\/\/www.facebook.com\/ClubCAVQ\/?__tn__=kC-R&amp;eid=ARDH3yTXmzTn_ZXzdbYomc0R_u9LvO23Iw76tI9YWnq6yy7N5HP9ymxj2N-VX_LXTbcRBk2lW1mCrTQx&amp;hc_ref=ARQq68bkGbqsh8uyKBlntpB9d2DHa_KTmj3uY3qlVqEJb-G6QPrBfjZJZPutUXQb3bE&amp;__xts__[0]=68.ARBaXXw0T5avPJKimOxbq3PKj27C4D_GxIN_L61a4XL7dFeeHIVTF5ThSiwVdWQOBwWYY41JTr1Rj950aWypdsweuwJqMCqNqJyyPS19mg6PbWCQAiywFpcFgVNM_5BrjQmyndDcvg7_Kt76rslc6HzfNSDOvLOSyOtucGbRMV5p86pBoNYoeW5tzCpk4hb_d0loD8Jv8mAMgcVv3jNa9bU9RhFrP9dsOW0SgPEW93e6CFmkMiciaD9uUE96wLmp8MkFIKueTAmvCn8Sy7O1-lirPCqTH-vurD9YcBDFLCCIpKzD1ErjIg_-aJacm9UpiJdoJQjK0NgkjSVGQzMm4sGs1IXw8i3n3dG9hw0tXBGqXBh09PytxxKMnyx0q-gsZ5HWPA\">Phelipe Soldevilla et Marc Bellemare au club des collectionneurs du 11 mars 2019<\/a><\/p>\n<p><a href=\"https:\/\/www.galeriebecot.com\/wp-content\/uploads\/2019\/03\/Soldevilla-Conference.jpg\"><img loading=\"lazy\" decoding=\"async\" class=\"alignnone size-full wp-image-10727\" src=\"https:\/\/www.galeriebecot.com\/wp-content\/uploads\/2019\/03\/Soldevilla-Conference.jpg\" alt=\"\" width=\"720\" height=\"498\" srcset=\"https:\/\/galeriebecot.com\/wp-content\/uploads\/2019\/03\/Soldevilla-Conference.jpg 720w, https:\/\/galeriebecot.com\/wp-content\/uploads\/2019\/03\/Soldevilla-Conference-300x208.jpg 300w\" sizes=\"auto, (max-width: 720px) 100vw, 720px\" \/><\/a><\/p>\n<p>Cr\u00e9dits photos :<em> Serge Philippe Tremblay<\/em><\/p>\n<p><a href=\"https:\/\/vimeo.com\/149578433\"><img loading=\"lazy\" decoding=\"async\" class=\"alignnone size-full wp-image-10682\" src=\"https:\/\/www.galeriebecot.com\/wp-content\/uploads\/2019\/02\/Dialogue.jpg\" alt=\"\" width=\"576\" height=\"276\" srcset=\"https:\/\/galeriebecot.com\/wp-content\/uploads\/2019\/02\/Dialogue.jpg 576w, https:\/\/galeriebecot.com\/wp-content\/uploads\/2019\/02\/Dialogue-300x144.jpg 300w\" sizes=\"auto, (max-width: 576px) 100vw, 576px\" \/><\/a><\/p>\n<p>L&rsquo;exposition Dialogue, pr\u00e9sent\u00e9e \u00e0 Qu\u00e9bec le 19 septembre 2015 durant la Nuit des Galeries, r\u00e9unissaient 10 artistes de la rel\u00e8ve et 10 artistes s\u00e9niors. L&rsquo;\u00e9v\u00e9nement fut un immense succ\u00e8s. Plus de 2,000 personnes entr\u00e8rent dans cette galerie improvis\u00e9e par le collectif Canadian Bacon, Marie Rioux et Andr\u00e9 B\u00e9cot. Liste des artistes: Alexis Paradis, Andr\u00e9 B\u00e9cot, Andr\u00e9-Philippe C\u00f4t\u00e9, Aristide Gagnon, Bruno Gagnon, Catherine McInnis, Don Darby, Francois La Pierre, Fran\u00e7ois Raymond, H\u00e9l\u00e8ne Allard, Jacques Sylvain, Louis-David L\u00e9tourneau-Gagnon, Louise McNicoll, Marie Rioux, Mira Falardeau, Olivier De Serres, Phelipe Soldevila, Samuel Br\u00ebton, Self et William Dion<\/p>\n<p><a href=\"https:\/\/www.galeriebecot.com\/?p=2703\"><img loading=\"lazy\" decoding=\"async\" class=\"alignnone wp-image-10686\" src=\"https:\/\/www.galeriebecot.com\/wp-content\/uploads\/2019\/03\/canadian-bacon.jpg\" alt=\"\" width=\"586\" height=\"217\" srcset=\"https:\/\/galeriebecot.com\/wp-content\/uploads\/2019\/03\/canadian-bacon.jpg 864w, https:\/\/galeriebecot.com\/wp-content\/uploads\/2019\/03\/canadian-bacon-300x111.jpg 300w, https:\/\/galeriebecot.com\/wp-content\/uploads\/2019\/03\/canadian-bacon-768x284.jpg 768w\" sizes=\"auto, (max-width: 586px) 100vw, 586px\" \/><\/a><\/p>\n<p><a href=\"https:\/\/www.galeriebecot.com\/?p=3969\"><img loading=\"lazy\" decoding=\"async\" class=\"alignnone size-full wp-image-10688\" src=\"https:\/\/www.galeriebecot.com\/wp-content\/uploads\/2019\/03\/Soldevila.jpg\" alt=\"\" width=\"369\" height=\"260\" srcset=\"https:\/\/galeriebecot.com\/wp-content\/uploads\/2019\/03\/Soldevila.jpg 369w, https:\/\/galeriebecot.com\/wp-content\/uploads\/2019\/03\/Soldevila-300x211.jpg 300w\" sizes=\"auto, (max-width: 369px) 100vw, 369px\" \/><\/a><\/p>\n<p><a href=\"https:\/\/www.galeriebecot.com\/?p=3437\"><img loading=\"lazy\" decoding=\"async\" class=\"alignnone wp-image-10691\" src=\"https:\/\/www.galeriebecot.com\/wp-content\/uploads\/2019\/03\/soldevila-expose-quarantaine-toiles.jpg\" alt=\"\" width=\"470\" height=\"313\" srcset=\"https:\/\/galeriebecot.com\/wp-content\/uploads\/2019\/03\/soldevila-expose-quarantaine-toiles.jpg 641w, https:\/\/galeriebecot.com\/wp-content\/uploads\/2019\/03\/soldevila-expose-quarantaine-toiles-300x200.jpg 300w\" sizes=\"auto, (max-width: 470px) 100vw, 470px\" \/><\/a><\/p>\n<\/p>\n\n\n<figure class=\"wp-block-image size-large\"><a href=\"https:\/\/galeriebecot.com\/?p=3969\"><img loading=\"lazy\" decoding=\"async\" width=\"953\" height=\"1024\" src=\"https:\/\/galeriebecot.com\/wp-content\/uploads\/2019\/03\/Evenement-Soldevilla-953x1024.jpg\" alt=\"\" class=\"wp-image-21381\" srcset=\"https:\/\/galeriebecot.com\/wp-content\/uploads\/2019\/03\/Evenement-Soldevilla-953x1024.jpg 953w, https:\/\/galeriebecot.com\/wp-content\/uploads\/2019\/03\/Evenement-Soldevilla-279x300.jpg 279w, https:\/\/galeriebecot.com\/wp-content\/uploads\/2019\/03\/Evenement-Soldevilla-768x825.jpg 768w, https:\/\/galeriebecot.com\/wp-content\/uploads\/2019\/03\/Evenement-Soldevilla.jpg 1403w\" sizes=\"auto, (max-width: 953px) 100vw, 953px\" \/><\/a><\/figure>\n","protected":false},"excerpt":{"rendered":"<p>Phelipe Soldevila expose pour une premi\u00e8re fois en solo en 2007&#8230;Il quitte ensuite pour Berlin&#8230;.il travaille en atelier avec le collectif LAJAPA&#8230; Phelipe Soldevilla et Marc Bellemare au club des&hellip; <\/p>\n","protected":false},"author":1,"featured_media":0,"comment_status":"open","ping_status":"open","sticky":false,"template":"","format":"standard","meta":{"_exactmetrics_skip_tracking":false,"_exactmetrics_sitenote_active":false,"_exactmetrics_sitenote_note":"","_exactmetrics_sitenote_category":0,"footnotes":""},"categories":[27,17,18,19],"tags":[488,34,833,417,2746,6,2744,2742,35,2743,58,489,87,662,37,2745,40],"class_list":["post-10555","post","type-post","status-publish","format-standard","hentry","category-artistes","category-conference","category-evenement","category-vernissage","tag-alfred-pellan","tag-andre-becot","tag-berlin","tag-catherine-mcinnis","tag-cegep-ste-foy","tag-club-des-collectionneurs-en-arts-visuels-de-quebec","tag-collectif-lajapa","tag-exmuro","tag-foire-en-arts-actuel","tag-louis-david-letourneau","tag-marc-bellemare-collectionneur","tag-musee-national-des-beaux-arts-du-quebec","tag-phelipe-soldevila","tag-sarah-booth","tag-studio-becot","tag-universiote-concordia","tag-visuals-arts"],"_links":{"self":[{"href":"https:\/\/galeriebecot.com\/index.php?rest_route=\/wp\/v2\/posts\/10555","targetHints":{"allow":["GET"]}}],"collection":[{"href":"https:\/\/galeriebecot.com\/index.php?rest_route=\/wp\/v2\/posts"}],"about":[{"href":"https:\/\/galeriebecot.com\/index.php?rest_route=\/wp\/v2\/types\/post"}],"author":[{"embeddable":true,"href":"https:\/\/galeriebecot.com\/index.php?rest_route=\/wp\/v2\/users\/1"}],"replies":[{"embeddable":true,"href":"https:\/\/galeriebecot.com\/index.php?rest_route=%2Fwp%2Fv2%2Fcomments&post=10555"}],"version-history":[{"count":25,"href":"https:\/\/galeriebecot.com\/index.php?rest_route=\/wp\/v2\/posts\/10555\/revisions"}],"predecessor-version":[{"id":21386,"href":"https:\/\/galeriebecot.com\/index.php?rest_route=\/wp\/v2\/posts\/10555\/revisions\/21386"}],"wp:attachment":[{"href":"https:\/\/galeriebecot.com\/index.php?rest_route=%2Fwp%2Fv2%2Fmedia&parent=10555"}],"wp:term":[{"taxonomy":"category","embeddable":true,"href":"https:\/\/galeriebecot.com\/index.php?rest_route=%2Fwp%2Fv2%2Fcategories&post=10555"},{"taxonomy":"post_tag","embeddable":true,"href":"https:\/\/galeriebecot.com\/index.php?rest_route=%2Fwp%2Fv2%2Ftags&post=10555"}],"curies":[{"name":"wp","href":"https:\/\/api.w.org\/{rel}","templated":true}]}}