{"id":10401,"date":"2020-06-07T11:31:00","date_gmt":"2020-06-07T15:31:00","guid":{"rendered":"http:\/\/www.clubdescollectionneursenartsvisuelsdequebec.com\/?p=10401"},"modified":"2020-06-23T14:25:24","modified_gmt":"2020-06-23T18:25:24","slug":"gilles-berube-photographe","status":"publish","type":"post","link":"https:\/\/galeriebecot.com\/?p=10401","title":{"rendered":"Gilles B\u00e9rub\u00e9, Photographe"},"content":{"rendered":"\n<figure class=\"wp-block-image size-large\"><a href=\"http:\/\/www.droitdeparole.org\/2020\/04\/cuba-son-charme-et-sa-fierte\/\"><img loading=\"lazy\" decoding=\"async\" width=\"780\" height=\"1008\" src=\"https:\/\/www.galeriebecot.com\/wp-content\/uploads\/2020\/06\/Berube-Cuba1-2.jpg\" alt=\"\" class=\"wp-image-13057\" srcset=\"https:\/\/galeriebecot.com\/wp-content\/uploads\/2020\/06\/Berube-Cuba1-2.jpg 780w, https:\/\/galeriebecot.com\/wp-content\/uploads\/2020\/06\/Berube-Cuba1-2-232x300.jpg 232w, https:\/\/galeriebecot.com\/wp-content\/uploads\/2020\/06\/Berube-Cuba1-2-768x992.jpg 768w\" sizes=\"auto, (max-width: 780px) 100vw, 780px\" \/><\/a><\/figure>\n\n\n<p><a href=\"https:\/\/www.galeriebecot.com\/?p=1398\"><img loading=\"lazy\" decoding=\"async\" class=\"alignnone size-full wp-image-8815\" src=\"https:\/\/www.galeriebecot.com\/wp-content\/uploads\/2018\/06\/Historique-du-clubokok.jpg\" alt=\"\" width=\"369\" height=\"35\" srcset=\"https:\/\/galeriebecot.com\/wp-content\/uploads\/2018\/06\/Historique-du-clubokok.jpg 369w, https:\/\/galeriebecot.com\/wp-content\/uploads\/2018\/06\/Historique-du-clubokok-300x28.jpg 300w\" sizes=\"auto, (max-width: 369px) 100vw, 369px\" \/><\/a><\/p>\n<p><a href=\"https:\/\/www.galeriebecot.com\/wp-content\/uploads\/2019\/01\/Berube-Gilles-OK1.jpg\"><img loading=\"lazy\" decoding=\"async\" class=\"alignnone size-full wp-image-10490\" src=\"https:\/\/www.galeriebecot.com\/wp-content\/uploads\/2019\/01\/Berube-Gilles-OK1.jpg\" alt=\"\" width=\"180\" height=\"225\"><\/a><\/p>\n<p><em>Quel plaisir immense de me retrouver \u00e0 nouveau \u00e0 La Havane&#8230;<\/em><\/p>\n<p><em>Cr\u00e9dit photo: Klody Tremblay.<\/em><\/p>\n<p><a href=\"https:\/\/www.galeriebecot.com\/wp-content\/uploads\/2019\/02\/Berube-Gilles-1.jpg\"><img loading=\"lazy\" decoding=\"async\" class=\"alignnone size-full wp-image-10402\" src=\"https:\/\/www.galeriebecot.com\/wp-content\/uploads\/2019\/02\/Berube-Gilles-1.jpg\" alt=\"\" width=\"676\" height=\"647\" srcset=\"https:\/\/galeriebecot.com\/wp-content\/uploads\/2019\/02\/Berube-Gilles-1.jpg 676w, https:\/\/galeriebecot.com\/wp-content\/uploads\/2019\/02\/Berube-Gilles-1-300x287.jpg 300w\" sizes=\"auto, (max-width: 676px) 100vw, 676px\" \/><\/a><\/p>\n<p><a href=\"https:\/\/www.galeriebecot.com\/wp-content\/uploads\/2019\/02\/Berube-Gilles2.jpg\"><img loading=\"lazy\" decoding=\"async\" class=\"alignnone size-full wp-image-10403\" src=\"https:\/\/www.galeriebecot.com\/wp-content\/uploads\/2019\/02\/Berube-Gilles2.jpg\" alt=\"\" width=\"669\" height=\"639\" srcset=\"https:\/\/galeriebecot.com\/wp-content\/uploads\/2019\/02\/Berube-Gilles2.jpg 669w, https:\/\/galeriebecot.com\/wp-content\/uploads\/2019\/02\/Berube-Gilles2-300x287.jpg 300w\" sizes=\"auto, (max-width: 669px) 100vw, 669px\" \/><\/a><\/p>\n<p><a href=\"https:\/\/www.galeriebecot.com\/wp-content\/uploads\/2018\/12\/Chinois-Copright.jpg\"><img loading=\"lazy\" decoding=\"async\" class=\"alignnone size-full wp-image-10142\" src=\"https:\/\/www.galeriebecot.com\/wp-content\/uploads\/2018\/12\/Chinois-Copright.jpg\" alt=\"\" width=\"331\" height=\"28\" srcset=\"https:\/\/galeriebecot.com\/wp-content\/uploads\/2018\/12\/Chinois-Copright.jpg 331w, https:\/\/galeriebecot.com\/wp-content\/uploads\/2018\/12\/Chinois-Copright-300x25.jpg 300w, https:\/\/galeriebecot.com\/wp-content\/uploads\/2018\/12\/Chinois-Copright-330x28.jpg 330w\" sizes=\"auto, (max-width: 331px) 100vw, 331px\" \/><\/a><\/p>\n<p><a href=\"https:\/\/www.galeriebecot.com\/wp-content\/uploads\/2019\/02\/Berube-Journal-St-Rock.jpg\"><img loading=\"lazy\" decoding=\"async\" class=\"alignnone size-large wp-image-10404\" src=\"https:\/\/www.galeriebecot.com\/wp-content\/uploads\/2019\/02\/Berube-Journal-St-Rock-923x1024.jpg\" alt=\"\" width=\"700\" height=\"777\" srcset=\"https:\/\/galeriebecot.com\/wp-content\/uploads\/2019\/02\/Berube-Journal-St-Rock-923x1024.jpg 923w, https:\/\/galeriebecot.com\/wp-content\/uploads\/2019\/02\/Berube-Journal-St-Rock-270x300.jpg 270w, https:\/\/galeriebecot.com\/wp-content\/uploads\/2019\/02\/Berube-Journal-St-Rock-768x852.jpg 768w, https:\/\/galeriebecot.com\/wp-content\/uploads\/2019\/02\/Berube-Journal-St-Rock.jpg 1038w\" sizes=\"auto, (max-width: 700px) 100vw, 700px\" \/><\/a><\/p>\n<p><a href=\"https:\/\/www.galeriebecot.com\/wp-content\/uploads\/2019\/02\/Berube1-St-Rock.jpg\"><img loading=\"lazy\" decoding=\"async\" class=\"alignnone size-full wp-image-10405\" src=\"https:\/\/www.galeriebecot.com\/wp-content\/uploads\/2019\/02\/Berube1-St-Rock.jpg\" alt=\"\" width=\"781\" height=\"949\" srcset=\"https:\/\/galeriebecot.com\/wp-content\/uploads\/2019\/02\/Berube1-St-Rock.jpg 781w, https:\/\/galeriebecot.com\/wp-content\/uploads\/2019\/02\/Berube1-St-Rock-247x300.jpg 247w, https:\/\/galeriebecot.com\/wp-content\/uploads\/2019\/02\/Berube1-St-Rock-768x933.jpg 768w\" sizes=\"auto, (max-width: 781px) 100vw, 781px\" \/><\/a><\/p>\n<p>Gilles B\u00e9rub\u00e9 re\u00e7oit une bourse \u00e0 l&rsquo;\u00e9cole de journalisme de Paris, rue du Louvres&#8230;&#8230;. il devient membre de l&rsquo;association des artistes de Montauk, Long Island N.Y&#8230;&#8230;en 2008 , pour sa 40\u00e8me expo, la galerie Wowy , \u00e0 Manhattan&#8230;..au printemps 2017, \u00e0 Qu\u00e9bec, \u00e0 la galerie Sherpa&#8230;<\/p>\n<p><a href=\"http:\/\/www.michelparent.com\/club\/\"><img loading=\"lazy\" decoding=\"async\" class=\"alignnone size-full wp-image-8818\" src=\"https:\/\/www.galeriebecot.com\/wp-content\/uploads\/2018\/06\/Logo-inscription-1-768x64ok.jpg\" alt=\"\" width=\"657\" height=\"63\" srcset=\"https:\/\/galeriebecot.com\/wp-content\/uploads\/2018\/06\/Logo-inscription-1-768x64ok.jpg 657w, https:\/\/galeriebecot.com\/wp-content\/uploads\/2018\/06\/Logo-inscription-1-768x64ok-300x29.jpg 300w\" sizes=\"auto, (max-width: 657px) 100vw, 657px\" \/><\/a><\/p>","protected":false},"excerpt":{"rendered":"<p>Quel plaisir immense de me retrouver \u00e0 nouveau \u00e0 La Havane&#8230; Cr\u00e9dit photo: Klody Tremblay. Gilles B\u00e9rub\u00e9 re\u00e7oit une bourse \u00e0 l&rsquo;\u00e9cole de journalisme de Paris, rue du Louvres&#8230;&#8230;. il&hellip; <\/p>\n","protected":false},"author":1,"featured_media":0,"comment_status":"open","ping_status":"open","sticky":false,"template":"","format":"standard","meta":{"_exactmetrics_skip_tracking":false,"_exactmetrics_sitenote_active":false,"_exactmetrics_sitenote_note":"","_exactmetrics_sitenote_category":0,"footnotes":""},"categories":[27,18,19],"tags":[2734,34,735,2730,6,2735,2732,2733,2729,58,37,40,2731],"class_list":["post-10401","post","type-post","status-publish","format-standard","hentry","category-artistes","category-evenement","category-vernissage","tag-ambassades-du-canada","tag-andre-becot","tag-artistes","tag-bonnie-lee-sandres","tag-club-des-collectionneurs-en-arts-visuels-de-quebec","tag-delegations-du-quebec","tag-galerie-sherpa","tag-galerie-wowy","tag-gilles-berube","tag-marc-bellemare-collectionneur","tag-studio-becot","tag-visuals-arts","tag-waterside-cafe"],"_links":{"self":[{"href":"https:\/\/galeriebecot.com\/index.php?rest_route=\/wp\/v2\/posts\/10401","targetHints":{"allow":["GET"]}}],"collection":[{"href":"https:\/\/galeriebecot.com\/index.php?rest_route=\/wp\/v2\/posts"}],"about":[{"href":"https:\/\/galeriebecot.com\/index.php?rest_route=\/wp\/v2\/types\/post"}],"author":[{"embeddable":true,"href":"https:\/\/galeriebecot.com\/index.php?rest_route=\/wp\/v2\/users\/1"}],"replies":[{"embeddable":true,"href":"https:\/\/galeriebecot.com\/index.php?rest_route=%2Fwp%2Fv2%2Fcomments&post=10401"}],"version-history":[{"count":15,"href":"https:\/\/galeriebecot.com\/index.php?rest_route=\/wp\/v2\/posts\/10401\/revisions"}],"predecessor-version":[{"id":13062,"href":"https:\/\/galeriebecot.com\/index.php?rest_route=\/wp\/v2\/posts\/10401\/revisions\/13062"}],"wp:attachment":[{"href":"https:\/\/galeriebecot.com\/index.php?rest_route=%2Fwp%2Fv2%2Fmedia&parent=10401"}],"wp:term":[{"taxonomy":"category","embeddable":true,"href":"https:\/\/galeriebecot.com\/index.php?rest_route=%2Fwp%2Fv2%2Fcategories&post=10401"},{"taxonomy":"post_tag","embeddable":true,"href":"https:\/\/galeriebecot.com\/index.php?rest_route=%2Fwp%2Fv2%2Ftags&post=10401"}],"curies":[{"name":"wp","href":"https:\/\/api.w.org\/{rel}","templated":true}]}}