{"id":10395,"date":"2019-01-29T17:19:27","date_gmt":"2019-01-29T22:19:27","guid":{"rendered":"http:\/\/www.clubdescollectionneursenartsvisuelsdequebec.com\/?p=10395"},"modified":"2019-02-08T17:20:09","modified_gmt":"2019-02-08T22:20:09","slug":"babel-une-exposition-zumtrobar-de-helene-matte","status":"publish","type":"post","link":"https:\/\/galeriebecot.com\/?p=10395","title":{"rendered":"Babel, une exposition ZumTrobaR de H\u00e9l\u00e8ne Matte."},"content":{"rendered":"<p><a href=\"https:\/\/www.galeriebecot.com\/wp-content\/uploads\/2019\/02\/MatteAffiche.jpg\"><img loading=\"lazy\" decoding=\"async\" class=\"alignnone size-large wp-image-10396\" src=\"https:\/\/www.galeriebecot.com\/wp-content\/uploads\/2019\/02\/MatteAffiche-1024x760.jpg\" alt=\"\" width=\"700\" height=\"520\" srcset=\"https:\/\/galeriebecot.com\/wp-content\/uploads\/2019\/02\/MatteAffiche-1024x760.jpg 1024w, https:\/\/galeriebecot.com\/wp-content\/uploads\/2019\/02\/MatteAffiche-300x223.jpg 300w, https:\/\/galeriebecot.com\/wp-content\/uploads\/2019\/02\/MatteAffiche-768x570.jpg 768w, https:\/\/galeriebecot.com\/wp-content\/uploads\/2019\/02\/MatteAffiche.jpg 1200w\" sizes=\"auto, (max-width: 700px) 100vw, 700px\" \/><\/a><a href=\"https:\/\/www.galeriebecot.com\/wp-content\/uploads\/2019\/02\/MattportraitOK.jpg\"><img loading=\"lazy\" decoding=\"async\" class=\"alignnone size-full wp-image-10398\" src=\"https:\/\/www.galeriebecot.com\/wp-content\/uploads\/2019\/02\/MattportraitOK.jpg\" alt=\"\" width=\"790\" height=\"618\" srcset=\"https:\/\/galeriebecot.com\/wp-content\/uploads\/2019\/02\/MattportraitOK.jpg 790w, https:\/\/galeriebecot.com\/wp-content\/uploads\/2019\/02\/MattportraitOK-300x235.jpg 300w, https:\/\/galeriebecot.com\/wp-content\/uploads\/2019\/02\/MattportraitOK-768x601.jpg 768w\" sizes=\"auto, (max-width: 790px) 100vw, 790px\" \/><\/a><\/p>\n<p>Vous avez jusqu&rsquo;au 15 f\u00e9vrier pour voter pour la duchesse de la revengeance des DUCHESSES.<\/p>\n<p>Un clic sur le programme de H\u00e9l\u00e8ne de Saint-Jambe ci dessous, et vous serez \u00e0 l&rsquo;endroit pour d\u00e9poser votre vote.<\/p>\n<p><a href=\"http:\/\/www.revengeanceduchesses.com\/\"><img loading=\"lazy\" decoding=\"async\" class=\"alignnone size-full wp-image-10397\" src=\"https:\/\/www.galeriebecot.com\/wp-content\/uploads\/2019\/02\/Matte-programmeOK.jpg\" alt=\"\" width=\"651\" height=\"828\" srcset=\"https:\/\/galeriebecot.com\/wp-content\/uploads\/2019\/02\/Matte-programmeOK.jpg 651w, https:\/\/galeriebecot.com\/wp-content\/uploads\/2019\/02\/Matte-programmeOK-236x300.jpg 236w\" sizes=\"auto, (max-width: 651px) 100vw, 651px\" \/><\/a><\/p>\n<p>&nbsp;<\/p>\n","protected":false},"excerpt":{"rendered":"<p>Vous avez jusqu&rsquo;au 15 f\u00e9vrier pour voter pour la duchesse de la revengeance des DUCHESSES. Un clic sur le programme de H\u00e9l\u00e8ne de Saint-Jambe ci dessous, et vous serez \u00e0&hellip; <\/p>\n","protected":false},"author":1,"featured_media":0,"comment_status":"open","ping_status":"open","sticky":false,"template":"","format":"standard","meta":{"_exactmetrics_skip_tracking":false,"_exactmetrics_sitenote_active":false,"_exactmetrics_sitenote_note":"","_exactmetrics_sitenote_category":0,"footnotes":""},"categories":[27,18,19],"tags":[34,35,784,58,2728,37,40],"class_list":["post-10395","post","type-post","status-publish","format-standard","hentry","category-artistes","category-evenement","category-vernissage","tag-andre-becot","tag-foire-en-arts-actuel","tag-helene-matte","tag-marc-bellemare-collectionneur","tag-revengeance-des-duchesses","tag-studio-becot","tag-visuals-arts"],"_links":{"self":[{"href":"https:\/\/galeriebecot.com\/index.php?rest_route=\/wp\/v2\/posts\/10395","targetHints":{"allow":["GET"]}}],"collection":[{"href":"https:\/\/galeriebecot.com\/index.php?rest_route=\/wp\/v2\/posts"}],"about":[{"href":"https:\/\/galeriebecot.com\/index.php?rest_route=\/wp\/v2\/types\/post"}],"author":[{"embeddable":true,"href":"https:\/\/galeriebecot.com\/index.php?rest_route=\/wp\/v2\/users\/1"}],"replies":[{"embeddable":true,"href":"https:\/\/galeriebecot.com\/index.php?rest_route=%2Fwp%2Fv2%2Fcomments&post=10395"}],"version-history":[{"count":1,"href":"https:\/\/galeriebecot.com\/index.php?rest_route=\/wp\/v2\/posts\/10395\/revisions"}],"predecessor-version":[{"id":10399,"href":"https:\/\/galeriebecot.com\/index.php?rest_route=\/wp\/v2\/posts\/10395\/revisions\/10399"}],"wp:attachment":[{"href":"https:\/\/galeriebecot.com\/index.php?rest_route=%2Fwp%2Fv2%2Fmedia&parent=10395"}],"wp:term":[{"taxonomy":"category","embeddable":true,"href":"https:\/\/galeriebecot.com\/index.php?rest_route=%2Fwp%2Fv2%2Fcategories&post=10395"},{"taxonomy":"post_tag","embeddable":true,"href":"https:\/\/galeriebecot.com\/index.php?rest_route=%2Fwp%2Fv2%2Ftags&post=10395"}],"curies":[{"name":"wp","href":"https:\/\/api.w.org\/{rel}","templated":true}]}}